{"id":2383,"date":"2025-02-15T19:03:45","date_gmt":"2025-02-15T22:03:45","guid":{"rendered":"https:\/\/resumosergipe.com.br\/?p=2383"},"modified":"2025-02-15T19:03:45","modified_gmt":"2025-02-15T22:03:45","slug":"a-tarifa-do-transporte-publico-esta-congelada-garante-a-prefeita-emilia-correa","status":"publish","type":"post","link":"https:\/\/resumosergipe.com.br\/?p=2383","title":{"rendered":"&#8220;A tarifa do transporte p\u00fablico est\u00e1 congelada&#8221;, garante a prefeita Em\u00edlia Corr\u00eaa"},"content":{"rendered":"\n<p>A tarifa do transporte p\u00fablico coletivo em Aracaju e Regi\u00e3o Metropolitana permanecer\u00e1 no valor de R$ 4,50. A decis\u00e3o foi anunciada pela prefeita Em\u00edlia Corr\u00eaa e publicada no Di\u00e1rio Oficial do Munic\u00edpio. A medida, emitida pelo Conselho Administrativo da Superintend\u00eancia Municipal de Transportes e Tr\u00e2nsito (SMTT), anula o reajuste anunciado pela gest\u00e3o anterior.<\/p>\n\n\n\n<p>&#8220;Fizemos os estudos e publicamos a Resolu\u00e7\u00e3o n\u00b0 01\/2025, que congela o pre\u00e7o da passagem em R$ 4,50. Ou seja, n\u00e3o haver\u00e1 reajuste na tarifa do transporte p\u00fablico coletivo. Al\u00e9m disso, estabelecemos que o subs\u00eddio, que \u00e9 o valor que a prefeitura paga \u00e0s empresas de \u00f4nibus, ter\u00e1 como prioridade os sal\u00e1rios dos trabalhadores. Assim, evitamos atrasos e garantimos o pagamento em dia de quem trabalha no sistema de transporte&#8221;, disse a prefeita Em\u00edlia Corr\u00eaa.<\/p>\n\n\n\n<p>Durante live realizada nas redes sociais, a gestora reiterou o compromisso de garantir que o transporte p\u00fablico funcione de forma eficiente, acess\u00edvel e de qualidade para todos os usu\u00e1rios. Ela informou que em breve novos \u00f4nibus ser\u00e3o incorporados \u00e0 frota do sistema de transporte, todos equipados com ar-condicionado e Wi-Fi. Al\u00e9m disso, destacou a amplia\u00e7\u00e3o das linhas e as mudan\u00e7as nas faixas exclusivas da Avenida Hermes Fontes.<\/p>\n\n\n\n<p>&#8220;A partir de agora, n\u00e3o haver\u00e1 mais faixas exclusivas, mas sim faixas preferenciais para os \u00f4nibus durante os hor\u00e1rios de pico. Em outros momentos, todos poder\u00e3o transitar nesses corredores, o que trar\u00e1 mais fluidez ao tr\u00e2nsito. As mudan\u00e7as come\u00e7am na segunda-feira, 17&#8221;, finalizou a prefeita.<\/p>\n\n\n\n<p><em>Fonte: Prefeitura de Aracaju<br>Aracaju, 14 de fevereiro de 2025<\/em><\/p>\n","protected":false},"excerpt":{"rendered":"<p>A tarifa do transporte p\u00fablico coletivo em Aracaju e Regi\u00e3o Metropolitana permanecer\u00e1 no valor de R$ 4,50. A decis\u00e3o foi anunciada pela prefeita Em\u00edlia Corr\u00eaa e publicada no Di\u00e1rio Oficial do Munic\u00edpio. A medida, emitida pelo Conselho Administrativo da Superintend\u00eancia Municipal de Transportes e Tr\u00e2nsito (SMTT), anula o reajuste anunciado pela gest\u00e3o anterior. &#8220;Fizemos os estudos e publicamos a Resolu\u00e7\u00e3o n\u00b0 01\/2025, que congela o pre\u00e7o da passagem em R$ 4,50. Ou seja, n\u00e3o haver\u00e1 reajuste na tarifa do transporte p\u00fablico coletivo. Al\u00e9m disso, estabelecemos que o subs\u00eddio, que \u00e9 o valor que a prefeitura paga \u00e0s empresas de \u00f4nibus, ter\u00e1 como prioridade os sal\u00e1rios dos trabalhadores. Assim, evitamos atrasos e garantimos o pagamento em dia de quem trabalha no sistema de transporte&#8221;, disse a prefeita Em\u00edlia Corr\u00eaa. Durante live realizada nas redes sociais, a gestora reiterou o compromisso de garantir que o transporte p\u00fablico funcione de forma eficiente, acess\u00edvel e de qualidade para todos os usu\u00e1rios. Ela informou que em breve novos \u00f4nibus ser\u00e3o incorporados \u00e0 frota do sistema de transporte, todos equipados com ar-condicionado e Wi-Fi. Al\u00e9m disso, destacou a amplia\u00e7\u00e3o das linhas e as mudan\u00e7as nas faixas exclusivas da Avenida Hermes Fontes. &#8220;A partir de agora, n\u00e3o haver\u00e1 mais faixas exclusivas, mas sim faixas preferenciais para os \u00f4nibus durante os hor\u00e1rios de pico. Em outros momentos, todos poder\u00e3o transitar nesses corredores, o que trar\u00e1 mais fluidez ao tr\u00e2nsito. As mudan\u00e7as come\u00e7am na segunda-feira, 17&#8221;, finalizou a prefeita. Fonte: Prefeitura de AracajuAracaju, 14 de fevereiro de 2025<\/p>\n","protected":false},"author":1,"featured_media":2365,"comment_status":"open","ping_status":"open","sticky":false,"template":"","format":"standard","meta":{"footnotes":""},"categories":[61],"tags":[106],"class_list":["post-2383","post","type-post","status-publish","format-standard","has-post-thumbnail","hentry","category-aracaju","tag-transportes"],"_links":{"self":[{"href":"https:\/\/resumosergipe.com.br\/index.php?rest_route=\/wp\/v2\/posts\/2383","targetHints":{"allow":["GET"]}}],"collection":[{"href":"https:\/\/resumosergipe.com.br\/index.php?rest_route=\/wp\/v2\/posts"}],"about":[{"href":"https:\/\/resumosergipe.com.br\/index.php?rest_route=\/wp\/v2\/types\/post"}],"author":[{"embeddable":true,"href":"https:\/\/resumosergipe.com.br\/index.php?rest_route=\/wp\/v2\/users\/1"}],"replies":[{"embeddable":true,"href":"https:\/\/resumosergipe.com.br\/index.php?rest_route=%2Fwp%2Fv2%2Fcomments&post=2383"}],"version-history":[{"count":1,"href":"https:\/\/resumosergipe.com.br\/index.php?rest_route=\/wp\/v2\/posts\/2383\/revisions"}],"predecessor-version":[{"id":2384,"href":"https:\/\/resumosergipe.com.br\/index.php?rest_route=\/wp\/v2\/posts\/2383\/revisions\/2384"}],"wp:featuredmedia":[{"embeddable":true,"href":"https:\/\/resumosergipe.com.br\/index.php?rest_route=\/wp\/v2\/media\/2365"}],"wp:attachment":[{"href":"https:\/\/resumosergipe.com.br\/index.php?rest_route=%2Fwp%2Fv2%2Fmedia&parent=2383"}],"wp:term":[{"taxonomy":"category","embeddable":true,"href":"https:\/\/resumosergipe.com.br\/index.php?rest_route=%2Fwp%2Fv2%2Fcategories&post=2383"},{"taxonomy":"post_tag","embeddable":true,"href":"https:\/\/resumosergipe.com.br\/index.php?rest_route=%2Fwp%2Fv2%2Ftags&post=2383"}],"curies":[{"name":"wp","href":"https:\/\/api.w.org\/{rel}","templated":true}]}}