{"id":2408,"date":"2025-03-11T18:47:01","date_gmt":"2025-03-11T21:47:01","guid":{"rendered":"https:\/\/resumosergipe.com.br\/?p=2408"},"modified":"2025-03-11T18:47:01","modified_gmt":"2025-03-11T21:47:01","slug":"paulo-junior-critica-prefeitura-de-aracaju-por-acoes-no-consorcio-do-transporte-publico","status":"publish","type":"post","link":"https:\/\/resumosergipe.com.br\/?p=2408","title":{"rendered":"Paulo J\u00fanior critica prefeitura de Aracaju por a\u00e7\u00f5es no Cons\u00f3rcio do Transporte P\u00fablico"},"content":{"rendered":"\n<p>Na manh\u00e3 desta ter\u00e7a-feira (11) o deputado Paulo J\u00fanior (PV) usou a Tribuna da Assembleia Legislativa do Estado de Sergipe (Alese) para criticar a Prefeitura de Aracaju sobre a participa\u00e7\u00e3o no Cons\u00f3rcio do Transporte P\u00fablico da regi\u00e3o metropolitana.<\/p>\n\n\n\n<p>Na oportunidade, o parlamentar citou o Estatuto do Cons\u00f3rcio de Transporte da Regi\u00e3o Metropolitana de Aracaju (CTM) que regula o funcionamento e a organiza\u00e7\u00e3o do cons\u00f3rcio que envolve os munic\u00edpios de Aracaju, Barra dos Coqueiros, Nossa Senhora do Socorro e S\u00e3o Crist\u00f3v\u00e3o, al\u00e9m do Estado de Sergipe e a Lei Complementar n\u00ba 266\/2015 da Assembleia Legislativa de Sergipe define a estrutura\u00e7\u00e3o e funcionamento.<\/p>\n\n\n\n<p>\u201cO que est\u00e1 promovido pela Prefeitura de Aracaju \u00e9 um ato de desrespeito ao Cons\u00f3rcio do Transporte P\u00fablico. A prefeita de Aracaju publicou um decreto nomeando o diretor executivo do transporte p\u00fablico sem anu\u00eancia da Alese e sem a sabatina exigida CTM, e Lei Complementar. Nesse mesmo decreto, a gestora da capital estendeu o prazo de vida \u00fatil para 12 anos, dos \u00f4nibus da frota da regi\u00e3o metropolitana. Isso tudo sem discutir com os prefeitos e entes consorciados e prefeitos\u201d, enfatizou o deputado Paulo J\u00fanior.<\/p>\n\n\n\n<p>Ainda durante o pronunciamento, o deputado fez um apelo. \u201cQue as medidas apresentadas pela prefeitura de Aracaju, na imprensa, sobre o transporte p\u00fablico, tamb\u00e9m sejam discutidas com os entes que fazem parte do cons\u00f3rcio. Acredito que assim podemos proporcionar as melhorias necess\u00e1rias para a popula\u00e7\u00e3o\u201d, afirmou o deputado Paulo J\u00fanior.<\/p>\n\n\n\n<p><em>Fonte: Alese<br>Aracaju. 11 de mar\u00e7o de 2025<\/em><\/p>\n","protected":false},"excerpt":{"rendered":"<p>Na manh\u00e3 desta ter\u00e7a-feira (11) o deputado Paulo J\u00fanior (PV) usou a Tribuna da Assembleia Legislativa do Estado de Sergipe (Alese) para criticar a Prefeitura de Aracaju sobre a participa\u00e7\u00e3o no Cons\u00f3rcio do Transporte P\u00fablico da regi\u00e3o metropolitana. Na oportunidade, o parlamentar citou o Estatuto do Cons\u00f3rcio de Transporte da Regi\u00e3o Metropolitana de Aracaju (CTM) que regula o funcionamento e a organiza\u00e7\u00e3o do cons\u00f3rcio que envolve os munic\u00edpios de Aracaju, Barra dos Coqueiros, Nossa Senhora do Socorro e S\u00e3o Crist\u00f3v\u00e3o, al\u00e9m do Estado de Sergipe e a Lei Complementar n\u00ba 266\/2015 da Assembleia Legislativa de Sergipe define a estrutura\u00e7\u00e3o e funcionamento. \u201cO que est\u00e1 promovido pela Prefeitura de Aracaju \u00e9 um ato de desrespeito ao Cons\u00f3rcio do Transporte P\u00fablico. A prefeita de Aracaju publicou um decreto nomeando o diretor executivo do transporte p\u00fablico sem anu\u00eancia da Alese e sem a sabatina exigida CTM, e Lei Complementar. Nesse mesmo decreto, a gestora da capital estendeu o prazo de vida \u00fatil para 12 anos, dos \u00f4nibus da frota da regi\u00e3o metropolitana. Isso tudo sem discutir com os prefeitos e entes consorciados e prefeitos\u201d, enfatizou o deputado Paulo J\u00fanior. Ainda durante o pronunciamento, o deputado fez um apelo. \u201cQue as medidas apresentadas pela prefeitura de Aracaju, na imprensa, sobre o transporte p\u00fablico, tamb\u00e9m sejam discutidas com os entes que fazem parte do cons\u00f3rcio. Acredito que assim podemos proporcionar as melhorias necess\u00e1rias para a popula\u00e7\u00e3o\u201d, afirmou o deputado Paulo J\u00fanior. Fonte: AleseAracaju. 11 de mar\u00e7o de 2025<\/p>\n","protected":false},"author":1,"featured_media":1976,"comment_status":"open","ping_status":"open","sticky":false,"template":"","format":"standard","meta":{"footnotes":""},"categories":[32],"tags":[106],"class_list":["post-2408","post","type-post","status-publish","format-standard","has-post-thumbnail","hentry","category-sergipe","tag-transportes"],"_links":{"self":[{"href":"https:\/\/resumosergipe.com.br\/index.php?rest_route=\/wp\/v2\/posts\/2408","targetHints":{"allow":["GET"]}}],"collection":[{"href":"https:\/\/resumosergipe.com.br\/index.php?rest_route=\/wp\/v2\/posts"}],"about":[{"href":"https:\/\/resumosergipe.com.br\/index.php?rest_route=\/wp\/v2\/types\/post"}],"author":[{"embeddable":true,"href":"https:\/\/resumosergipe.com.br\/index.php?rest_route=\/wp\/v2\/users\/1"}],"replies":[{"embeddable":true,"href":"https:\/\/resumosergipe.com.br\/index.php?rest_route=%2Fwp%2Fv2%2Fcomments&post=2408"}],"version-history":[{"count":1,"href":"https:\/\/resumosergipe.com.br\/index.php?rest_route=\/wp\/v2\/posts\/2408\/revisions"}],"predecessor-version":[{"id":2409,"href":"https:\/\/resumosergipe.com.br\/index.php?rest_route=\/wp\/v2\/posts\/2408\/revisions\/2409"}],"wp:featuredmedia":[{"embeddable":true,"href":"https:\/\/resumosergipe.com.br\/index.php?rest_route=\/wp\/v2\/media\/1976"}],"wp:attachment":[{"href":"https:\/\/resumosergipe.com.br\/index.php?rest_route=%2Fwp%2Fv2%2Fmedia&parent=2408"}],"wp:term":[{"taxonomy":"category","embeddable":true,"href":"https:\/\/resumosergipe.com.br\/index.php?rest_route=%2Fwp%2Fv2%2Fcategories&post=2408"},{"taxonomy":"post_tag","embeddable":true,"href":"https:\/\/resumosergipe.com.br\/index.php?rest_route=%2Fwp%2Fv2%2Ftags&post=2408"}],"curies":[{"name":"wp","href":"https:\/\/api.w.org\/{rel}","templated":true}]}}