{"id":2441,"date":"2025-03-17T20:11:34","date_gmt":"2025-03-17T23:11:34","guid":{"rendered":"https:\/\/resumosergipe.com.br\/?p=2441"},"modified":"2025-03-17T20:11:34","modified_gmt":"2025-03-17T23:11:34","slug":"prefeitura-celebra-170-anos-de-aracaju-com-acoes-comemorativas","status":"publish","type":"post","link":"https:\/\/resumosergipe.com.br\/?p=2441","title":{"rendered":"Prefeitura celebra 170 anos de Aracaju com a\u00e7\u00f5es comemorativas"},"content":{"rendered":"\n<p>A Prefeitura de Aracaju celebrou nesta segunda-feira, 17 de mar\u00e7o, os 170 anos da capital sergipana com uma programa\u00e7\u00e3o marcada de momentos de emo\u00e7\u00e3o e reflex\u00e3o. As comemora\u00e7\u00f5es tiveram in\u00edcio \u00e0s 8h, com uma Missa em A\u00e7\u00e3o de Gra\u00e7as na Par\u00f3quia Santo Ant\u00f4nio, presidida pelo padre Valtewan Corr\u00eaa.<br><br>&#8220;\u00c9 um prazer, em nome de Dom Josaf\u00e1 Menezes, Arcebispo Metropolitano de Aracaju, presidir essa santa missa. Ele est\u00e1 viajando, mas deixou uma b\u00ean\u00e7\u00e3o especial para todos os moradores da cidade de Aracaju, aqueles que nasceram e aqueles que foram adotados por essa cidade, para que Deus possa aben\u00e7oar largamente a fam\u00edlia aracajuana, todos os seus habitantes e aqueles que administram, para que possam gerir essa cidade com justi\u00e7a, com carinho e para o bem de todos&#8221;, disse padre Valtewan.<\/p>\n\n\n\n<p><br>A prefeita Em\u00edlia Corr\u00eaa, o vice-prefeito Ricardo Marques, o governador de Sergipe, F\u00e1bio Mitidieri, o senador La\u00e9rcio Oliveira, o presidente da C\u00e2mara de Vereadores de Aracaju, Ricardo Vasconcelos, al\u00e9m de vereadores e secret\u00e1rios municipais, estavam entre as autoridades presentes.<br><br>&#8220;Estou fazendo hist\u00f3ria junto com o povo. Agora, estou aqui para governar, mas, mais do que governar, quero servir ao povo aracajuano, oferecendo bons servi\u00e7os e gerando dignidade para todos que moram neste munic\u00edpio. Meu desejo \u00e9 que Aracaju prospere, e que o povo aracajuano tenha orgulho de fazer parte dessa terra aben\u00e7oada por Deus&#8221;, afirmou Em\u00edlia Corr\u00eaa, a primeira mulher a ocupar o cargo de prefeita de Aracaju.<br><br>O governador de Sergipe, F\u00e1bio Mitidieri, tamb\u00e9m deixou uma mensagem de felicita\u00e7\u00e3o.&#8221;\u00c9 um momento de muita felicidade ver nossa bela cidade, que cresce e se desenvolve cada vez mais, ganhando qualidade de vida. Mas, muito mais do que fruto das a\u00e7\u00f5es governamentais, isso \u00e9 fruto do nosso povo, esse povo acolhedor, guerreiro, trabalhador, que ajuda a escrever nossa hist\u00f3ria. Portanto, parab\u00e9ns, Aracaju! Parab\u00e9ns ao povo aracajuano! Que, juntos, possamos construir uma boa hist\u00f3ria para nossa cidade, que hoje comemora seus 170 anos&#8221;.<br><br>\u00c0s 9h, foi realizado o deslocamento do Fogo Simb\u00f3lico, que saiu da Colina do Santo Ant\u00f4nio e seguiu at\u00e9 a Pra\u00e7a do Mini Golf. A embaixadora da Corrida Cidade de Aracaju 2025, B\u00e1rbara Santos, deu in\u00edcio ao deslocamento. Neste ano, a Prefeitura de Aracaju, por meio da Secretaria Municipal de Juventude e Esportes (Sejesp), resgatou a tradi\u00e7\u00e3o de revezar a chama durante o percurso. Dez representantes da sociedade civil participaram do ato simb\u00f3lico, que representa a chama que ilumina o futuro da cidade e o orgulho de seus habitantes.<br><br>&#8220;Escolhemos 10 pessoas que representam a cidade de Aracaju, entre elas moradores de bairros, pessoas com defici\u00eancia, idosos, representantes do grupo LGBT, estudantes e militares. Foi muito importante a participa\u00e7\u00e3o dessas pessoas, pois o fogo simb\u00f3lico representa a vida de Aracaju&#8221;, destacou o secret\u00e1rio da Sejesp, Aquiles Silveira.<br><br>Mesmo com uma defici\u00eancia na perna direita, o aposentado Gilberto Santana, de 54 anos, fez quest\u00e3o de percorrer o trajeto da chama simb\u00f3lica correndo. &#8220;Sou maratonista, j\u00e1 participei de mais de 20 maratonas. Fiz quest\u00e3o de estar aqui nesta data porque amo Aracaju, e essa \u00e9 a minha forma de homenage\u00e1-la&#8221;, declarou.<br><br>A programa\u00e7\u00e3o ainda incluiu a Solenidade de Aposi\u00e7\u00e3o de Flores no Obelisco em homenagem a In\u00e1cio Joaquim Barbosa, fundador de Aracaju. A prefeita Em\u00edlia Corr\u00eaa foi a respons\u00e1vel pelo gesto que reverencia a mem\u00f3ria de um importante nome da hist\u00f3ria aracajuana, ressaltando a import\u00e2ncia da preserva\u00e7\u00e3o da mem\u00f3ria e do legado dos pioneiros da cidade.<br><br>&#8220;Tenho certeza de que, se In\u00e1cio Barbosa estivesse vivo, estaria muito orgulhoso de ver o desenvolvimento de Aracaju. Como um homem \u00e0 frente de seu tempo, ele ficaria muito contente em saber que uma mulher ocupa agora o cargo de prefeita de Aracaju&#8221;, afirmou Em\u00edlia.<\/p>\n\n\n\n<p>Fonte: Prefeitura de Aracaju<br>Fonte: <\/p>\n","protected":false},"excerpt":{"rendered":"<p>A Prefeitura de Aracaju celebrou nesta segunda-feira, 17 de mar\u00e7o, os 170 anos da capital sergipana com uma programa\u00e7\u00e3o marcada de momentos de emo\u00e7\u00e3o e reflex\u00e3o. As comemora\u00e7\u00f5es tiveram in\u00edcio \u00e0s 8h, com uma Missa em A\u00e7\u00e3o de Gra\u00e7as na Par\u00f3quia Santo Ant\u00f4nio, presidida pelo padre Valtewan Corr\u00eaa. &#8220;\u00c9 um prazer, em nome de Dom Josaf\u00e1 Menezes, Arcebispo Metropolitano de Aracaju, presidir essa santa missa. Ele est\u00e1 viajando, mas deixou uma b\u00ean\u00e7\u00e3o especial para todos os moradores da cidade de Aracaju, aqueles que nasceram e aqueles que foram adotados por essa cidade, para que Deus possa aben\u00e7oar largamente a fam\u00edlia aracajuana, todos os seus habitantes e aqueles que administram, para que possam gerir essa cidade com justi\u00e7a, com carinho e para o bem de todos&#8221;, disse padre Valtewan. A prefeita Em\u00edlia Corr\u00eaa, o vice-prefeito Ricardo Marques, o governador de Sergipe, F\u00e1bio Mitidieri, o senador La\u00e9rcio Oliveira, o presidente da C\u00e2mara de Vereadores de Aracaju, Ricardo Vasconcelos, al\u00e9m de vereadores e secret\u00e1rios municipais, estavam entre as autoridades presentes. &#8220;Estou fazendo hist\u00f3ria junto com o povo. Agora, estou aqui para governar, mas, mais do que governar, quero servir ao povo aracajuano, oferecendo bons servi\u00e7os e gerando dignidade para todos que moram neste munic\u00edpio. Meu desejo \u00e9 que Aracaju prospere, e que o povo aracajuano tenha orgulho de fazer parte dessa terra aben\u00e7oada por Deus&#8221;, afirmou Em\u00edlia Corr\u00eaa, a primeira mulher a ocupar o cargo de prefeita de Aracaju. O governador de Sergipe, F\u00e1bio Mitidieri, tamb\u00e9m deixou uma mensagem de felicita\u00e7\u00e3o.&#8221;\u00c9 um momento de muita felicidade ver nossa bela cidade, que cresce e se desenvolve cada vez mais, ganhando qualidade de vida. Mas, muito mais do que fruto das a\u00e7\u00f5es governamentais, isso \u00e9 fruto do nosso povo, esse povo acolhedor, guerreiro, trabalhador, que ajuda a escrever nossa hist\u00f3ria. Portanto, parab\u00e9ns, Aracaju! Parab\u00e9ns ao povo aracajuano! Que, juntos, possamos construir uma boa hist\u00f3ria para nossa cidade, que hoje comemora seus 170 anos&#8221;. \u00c0s 9h, foi realizado o deslocamento do Fogo Simb\u00f3lico, que saiu da Colina do Santo Ant\u00f4nio e seguiu at\u00e9 a Pra\u00e7a do Mini Golf. A embaixadora da Corrida Cidade de Aracaju 2025, B\u00e1rbara Santos, deu in\u00edcio ao deslocamento. Neste ano, a Prefeitura de Aracaju, por meio da Secretaria Municipal de Juventude e Esportes (Sejesp), resgatou a tradi\u00e7\u00e3o de revezar a chama durante o percurso. Dez representantes da sociedade civil participaram do ato simb\u00f3lico, que representa a chama que ilumina o futuro da cidade e o orgulho de seus habitantes. &#8220;Escolhemos 10 pessoas que representam a cidade de Aracaju, entre elas moradores de bairros, pessoas com defici\u00eancia, idosos, representantes do grupo LGBT, estudantes e militares. Foi muito importante a participa\u00e7\u00e3o dessas pessoas, pois o fogo simb\u00f3lico representa a vida de Aracaju&#8221;, destacou o secret\u00e1rio da Sejesp, Aquiles Silveira. Mesmo com uma defici\u00eancia na perna direita, o aposentado Gilberto Santana, de 54 anos, fez quest\u00e3o de percorrer o trajeto da chama simb\u00f3lica correndo. &#8220;Sou maratonista, j\u00e1 participei de mais de 20 maratonas. Fiz quest\u00e3o de estar aqui nesta data porque amo Aracaju, e essa \u00e9 a minha forma de homenage\u00e1-la&#8221;, declarou. A programa\u00e7\u00e3o ainda incluiu a Solenidade de Aposi\u00e7\u00e3o de Flores no Obelisco em homenagem a In\u00e1cio Joaquim Barbosa, fundador de Aracaju. A prefeita Em\u00edlia Corr\u00eaa foi a respons\u00e1vel pelo gesto que reverencia a mem\u00f3ria de um importante nome da hist\u00f3ria aracajuana, ressaltando a import\u00e2ncia da preserva\u00e7\u00e3o da mem\u00f3ria e do legado dos pioneiros da cidade. &#8220;Tenho certeza de que, se In\u00e1cio Barbosa estivesse vivo, estaria muito orgulhoso de ver o desenvolvimento de Aracaju. Como um homem \u00e0 frente de seu tempo, ele ficaria muito contente em saber que uma mulher ocupa agora o cargo de prefeita de Aracaju&#8221;, afirmou Em\u00edlia. Fonte: Prefeitura de AracajuFonte:<\/p>\n","protected":false},"author":1,"featured_media":2442,"comment_status":"open","ping_status":"open","sticky":false,"template":"","format":"standard","meta":{"footnotes":""},"categories":[61],"tags":[],"class_list":["post-2441","post","type-post","status-publish","format-standard","has-post-thumbnail","hentry","category-aracaju"],"_links":{"self":[{"href":"https:\/\/resumosergipe.com.br\/index.php?rest_route=\/wp\/v2\/posts\/2441","targetHints":{"allow":["GET"]}}],"collection":[{"href":"https:\/\/resumosergipe.com.br\/index.php?rest_route=\/wp\/v2\/posts"}],"about":[{"href":"https:\/\/resumosergipe.com.br\/index.php?rest_route=\/wp\/v2\/types\/post"}],"author":[{"embeddable":true,"href":"https:\/\/resumosergipe.com.br\/index.php?rest_route=\/wp\/v2\/users\/1"}],"replies":[{"embeddable":true,"href":"https:\/\/resumosergipe.com.br\/index.php?rest_route=%2Fwp%2Fv2%2Fcomments&post=2441"}],"version-history":[{"count":1,"href":"https:\/\/resumosergipe.com.br\/index.php?rest_route=\/wp\/v2\/posts\/2441\/revisions"}],"predecessor-version":[{"id":2443,"href":"https:\/\/resumosergipe.com.br\/index.php?rest_route=\/wp\/v2\/posts\/2441\/revisions\/2443"}],"wp:featuredmedia":[{"embeddable":true,"href":"https:\/\/resumosergipe.com.br\/index.php?rest_route=\/wp\/v2\/media\/2442"}],"wp:attachment":[{"href":"https:\/\/resumosergipe.com.br\/index.php?rest_route=%2Fwp%2Fv2%2Fmedia&parent=2441"}],"wp:term":[{"taxonomy":"category","embeddable":true,"href":"https:\/\/resumosergipe.com.br\/index.php?rest_route=%2Fwp%2Fv2%2Fcategories&post=2441"},{"taxonomy":"post_tag","embeddable":true,"href":"https:\/\/resumosergipe.com.br\/index.php?rest_route=%2Fwp%2Fv2%2Ftags&post=2441"}],"curies":[{"name":"wp","href":"https:\/\/api.w.org\/{rel}","templated":true}]}}