{"id":2445,"date":"2025-03-20T18:47:51","date_gmt":"2025-03-20T21:47:51","guid":{"rendered":"https:\/\/resumosergipe.com.br\/?p=2445"},"modified":"2025-03-20T18:47:51","modified_gmt":"2025-03-20T21:47:51","slug":"durante-sessao-itinerante-alese-presta-homenagens-ao-municipio-e-a-populacao-de-propria","status":"publish","type":"post","link":"https:\/\/resumosergipe.com.br\/?p=2445","title":{"rendered":"Durante Sess\u00e3o Itinerante, Alese presta homenagens ao Munic\u00edpio e \u00e0 popula\u00e7\u00e3o de Propri\u00e1"},"content":{"rendered":"\n<p>A Sess\u00e3o Itinerante da Assembleia Legislativa de Sergipe (Alese), realizada no munic\u00edpio de Propri\u00e1, nesta quinta-feira (20), foi aberta com homenagens \u00e0quele munic\u00edpio e ao seu povo, representados pelos Poderes Executivo e Legislativo municipais, por contribui\u00e7\u00e3o em prol do desenvolvimento da regi\u00e3o.<\/p>\n\n\n\n<p>O Deputado e Presidente da Alese, Jeferson Andrade (PSD), procedeu com a entrega de diplomas ao prefeito Luciano Nascimento (PP) e ao vice-presidente da C\u00e2mara, vereador Jos\u00e9 Aelson dos Santos (Progressistas) que, em raz\u00e3o ao falecimento da m\u00e3e do presidente, Jadson Santana, na madrugada de hoje, representou o Legislativo Municipal.<\/p>\n\n\n\n<p>Em face ao lament\u00e1vel ocorrido, foi solicitado pelo presidente Jeferson, um minuto de sil\u00eancio.<\/p>\n\n\n\n<p>O prefeito e ex-deputado estadual, Luciano de Menininha, proferiu discurso de agradecimento e boas-vindas a \u201cAlese Itinerante\u201d:<\/p>\n\n\n\n<p>\u201cO munic\u00edpio de Propri\u00e1 est\u00e1 extremamente honrado, extremamente satisfeito de ter recebido, de ter sido o palco hoje da sede do Poder Legislativo do Estado de Sergipe. Poder esse que todos n\u00f3s sabemos, que s\u00e3o os deputados que sabem dos problemas do Estado, dos munic\u00edpios, dos povoados, porque convivem com o povo l\u00e1 nos seus \u00b4grot\u00f5es\u00b4. Eu j\u00e1 estive nessa cadeira e sei a dificuldade que \u00e9 resolver e tentar solucionar os problemas do povo e tamb\u00e9m resolver os problemas do Estado, porque o Poder Legislativo \u00e9, sem sombra de d\u00favida, 50% do que o Governo do Estado faz. Se n\u00e3o fosse assim, n\u00e3o seria uma Democracia. Aproveito para saudar o deputado Manuel Marcos, com muita honra, esse amigo nosso, que h\u00e1 40 anos atr\u00e1s salvou minha esposa de um parto complicado e ao deputado Georgeo, que \u00e9 um amigo, filho tamb\u00e9m de um grande amigo, neto de um grande amigo, que foi nosso Ant\u00f4nio Passos e o saudoso Chico Passos. Nesse momento aqui, em nome dos secret\u00e1rios, funcion\u00e1rios da Prefeitura e do povo de Propri\u00e1, transmito a voc\u00eas a nossa honra, a nossa alegria de estar aqui sediando esse Poder. Apesar de lamentarmos com extremo pesar a morte da m\u00e3e do presidente da c\u00e2mara, Dona Rita de C\u00e1ssia. Queremos exaltar que Propri\u00e1, hoje, \u00e9 o Estado de Sergipe. Sejam todos bem-vindos!\u201d, concluiu o prefeito.<\/p>\n\n\n\n<p>Na sequ\u00eancia, o vereador e vice-presidente, Jos\u00e9 Aelson, tamb\u00e9m fez uso da tribuna para agradecer a Alese pela presen\u00e7a no munic\u00edpio.<\/p>\n\n\n\n<p>\u201cPropri\u00e1 sente-se privilegiada. Eu quero apenas endossar as palavras do prefeito Luciano Nascimento e dizer que nossa cidade recebe hoje, com orgulho, a Assembleia Legislativa do Estado de Sergipe. E aqui, nessa manh\u00e3, \u00e9 importante que vossas excel\u00eancias saibam, os problemas que existem no munic\u00edpio de Propri\u00e1 n\u00e3o s\u00e3o s\u00f3 de responsabilidade do governador F\u00e1bio Mitidieri, mas tamb\u00e9m de vossas excel\u00eancias, para que possam incentivar o Governo e apoiar o governador em pol\u00edticas p\u00fablicas voltadas para o nosso munic\u00edpio. Ent\u00e3o, o prefeito Luciano, eu tenho certeza que estar\u00e1 com a pauta extensa de reivindica\u00e7\u00f5es, n\u00e3o tenho d\u00favida disso, porque ele \u00e9 o nosso l\u00edder, \u00e9 o nosso representante e \u00e9 com ele que n\u00f3s estamos contando para buscar todo o apoio de melhoria da qualidade de vida do nosso povo. Propri\u00e1 tem sido uma cidade um pouco esquecida em termos de investimento e agora \u00e9 a hora da gente levantar a bandeira. Quero saudar a todos os deputados e dizer que o Legislativo Municipal, recebe essa homenagem, deputado Jeferson, com muito orgulho e tenho certeza que o Poder Legislativo Municipal de Propri\u00e1 \u00e9 parceiro da Assembleia, \u00e9 parceiro do prefeito, \u00e9 parceiro do governador, porque n\u00f3s procuramos sempre buscar o melhor para o nosso povo. Muito obrigado, que Deus nos ilumine a cada dia\u201d, disse o vereador.<\/p>\n\n\n\n<p>Demandas da regi\u00e3o<\/p>\n\n\n\n<p>Representando os prefeitos do Baixo S\u00e3o Francisco, o prefeito do munic\u00edpio de Cedro de S\u00e3o Jo\u00e3o, Neudo Alves (Uni\u00e3o Brasil), fez uso a tribuna e apresentou algumas suas principais reivindica\u00e7\u00f5es.<\/p>\n\n\n\n<p>\u201cAgrade\u00e7o em nome do presidente, esse jovem rapaz, mas de grandes iniciativas, que teve essa iniciativa t\u00e3o brilhante de trazer o Parlamento Estadual para perto das pessoas que fazem parte dessa regi\u00e3o, que tem o IDH mais baixo de Sergipe. N\u00e3o s\u00f3 das pessoas, mas tamb\u00e9m do Executivo, que comp\u00f5e as 14 cidades do Vale de S\u00e3o Francisco, e o Legislativo tamb\u00e9m. Parab\u00e9ns por essa atitude sua, presidente. Queria homenagear aqui a todos deputados e deputadas tamb\u00e9m, que se fizeram presente nesse dia de hoje aqui, em nome da pessoa do meu amigo, deputado Cristiano Cavalcante. O deputado Garibalde puxou um assunto aqui relacionado \u00e0 quest\u00e3o do hospital, quest\u00e3o da hemodi\u00e1lise, que \u00e9 o gargalo hoje de quase todos os munic\u00edpios, n\u00e3o s\u00f3 do Baixo S\u00e3o Francisco, mas sim de todo o Estado de Sergipe. E o presidente j\u00e1 se manifestou favor\u00e1vel. Mas tem uma outra situa\u00e7\u00e3o tamb\u00e9m, relacionada ao nosso hospital de Propri\u00e1, que \u00e9 um hospital regional, que \u00e9 o Centro de Diagn\u00f3stico de imagem, que sofremos tanto e atrasa tanto a sa\u00fade de toda a nossa regi\u00e3o. \u00c9 de extrema import\u00e2ncia, Cristiano, voc\u00ea que \u00e9 l\u00edder do governo, voc\u00ea, Jeferson, que \u00e9 presidente dessa casa, que tamb\u00e9m puxe essa pauta junto ao governador F\u00e1bio, que \u00e9 bem intencionado, eu n\u00e3o tenho d\u00favida disso, F\u00e1bio tem um olhar diferenciado para a nossa regi\u00e3o\u201d, concluiu.<\/p>\n\n\n\n<p><em>Fonte: Alese<br>Aracaju, 20 de mar\u00e7o de 2025<\/em><\/p>\n","protected":false},"excerpt":{"rendered":"<p>A Sess\u00e3o Itinerante da Assembleia Legislativa de Sergipe (Alese), realizada no munic\u00edpio de Propri\u00e1, nesta quinta-feira (20), foi aberta com homenagens \u00e0quele munic\u00edpio e ao seu povo, representados pelos Poderes Executivo e Legislativo municipais, por contribui\u00e7\u00e3o em prol do desenvolvimento da regi\u00e3o. O Deputado e Presidente da Alese, Jeferson Andrade (PSD), procedeu com a entrega de diplomas ao prefeito Luciano Nascimento (PP) e ao vice-presidente da C\u00e2mara, vereador Jos\u00e9 Aelson dos Santos (Progressistas) que, em raz\u00e3o ao falecimento da m\u00e3e do presidente, Jadson Santana, na madrugada de hoje, representou o Legislativo Municipal. Em face ao lament\u00e1vel ocorrido, foi solicitado pelo presidente Jeferson, um minuto de sil\u00eancio. O prefeito e ex-deputado estadual, Luciano de Menininha, proferiu discurso de agradecimento e boas-vindas a \u201cAlese Itinerante\u201d: \u201cO munic\u00edpio de Propri\u00e1 est\u00e1 extremamente honrado, extremamente satisfeito de ter recebido, de ter sido o palco hoje da sede do Poder Legislativo do Estado de Sergipe. Poder esse que todos n\u00f3s sabemos, que s\u00e3o os deputados que sabem dos problemas do Estado, dos munic\u00edpios, dos povoados, porque convivem com o povo l\u00e1 nos seus \u00b4grot\u00f5es\u00b4. Eu j\u00e1 estive nessa cadeira e sei a dificuldade que \u00e9 resolver e tentar solucionar os problemas do povo e tamb\u00e9m resolver os problemas do Estado, porque o Poder Legislativo \u00e9, sem sombra de d\u00favida, 50% do que o Governo do Estado faz. Se n\u00e3o fosse assim, n\u00e3o seria uma Democracia. Aproveito para saudar o deputado Manuel Marcos, com muita honra, esse amigo nosso, que h\u00e1 40 anos atr\u00e1s salvou minha esposa de um parto complicado e ao deputado Georgeo, que \u00e9 um amigo, filho tamb\u00e9m de um grande amigo, neto de um grande amigo, que foi nosso Ant\u00f4nio Passos e o saudoso Chico Passos. Nesse momento aqui, em nome dos secret\u00e1rios, funcion\u00e1rios da Prefeitura e do povo de Propri\u00e1, transmito a voc\u00eas a nossa honra, a nossa alegria de estar aqui sediando esse Poder. Apesar de lamentarmos com extremo pesar a morte da m\u00e3e do presidente da c\u00e2mara, Dona Rita de C\u00e1ssia. Queremos exaltar que Propri\u00e1, hoje, \u00e9 o Estado de Sergipe. Sejam todos bem-vindos!\u201d, concluiu o prefeito. Na sequ\u00eancia, o vereador e vice-presidente, Jos\u00e9 Aelson, tamb\u00e9m fez uso da tribuna para agradecer a Alese pela presen\u00e7a no munic\u00edpio. \u201cPropri\u00e1 sente-se privilegiada. Eu quero apenas endossar as palavras do prefeito Luciano Nascimento e dizer que nossa cidade recebe hoje, com orgulho, a Assembleia Legislativa do Estado de Sergipe. E aqui, nessa manh\u00e3, \u00e9 importante que vossas excel\u00eancias saibam, os problemas que existem no munic\u00edpio de Propri\u00e1 n\u00e3o s\u00e3o s\u00f3 de responsabilidade do governador F\u00e1bio Mitidieri, mas tamb\u00e9m de vossas excel\u00eancias, para que possam incentivar o Governo e apoiar o governador em pol\u00edticas p\u00fablicas voltadas para o nosso munic\u00edpio. Ent\u00e3o, o prefeito Luciano, eu tenho certeza que estar\u00e1 com a pauta extensa de reivindica\u00e7\u00f5es, n\u00e3o tenho d\u00favida disso, porque ele \u00e9 o nosso l\u00edder, \u00e9 o nosso representante e \u00e9 com ele que n\u00f3s estamos contando para buscar todo o apoio de melhoria da qualidade de vida do nosso povo. Propri\u00e1 tem sido uma cidade um pouco esquecida em termos de investimento e agora \u00e9 a hora da gente levantar a bandeira. Quero saudar a todos os deputados e dizer que o Legislativo Municipal, recebe essa homenagem, deputado Jeferson, com muito orgulho e tenho certeza que o Poder Legislativo Municipal de Propri\u00e1 \u00e9 parceiro da Assembleia, \u00e9 parceiro do prefeito, \u00e9 parceiro do governador, porque n\u00f3s procuramos sempre buscar o melhor para o nosso povo. Muito obrigado, que Deus nos ilumine a cada dia\u201d, disse o vereador. Demandas da regi\u00e3o Representando os prefeitos do Baixo S\u00e3o Francisco, o prefeito do munic\u00edpio de Cedro de S\u00e3o Jo\u00e3o, Neudo Alves (Uni\u00e3o Brasil), fez uso a tribuna e apresentou algumas suas principais reivindica\u00e7\u00f5es. \u201cAgrade\u00e7o em nome do presidente, esse jovem rapaz, mas de grandes iniciativas, que teve essa iniciativa t\u00e3o brilhante de trazer o Parlamento Estadual para perto das pessoas que fazem parte dessa regi\u00e3o, que tem o IDH mais baixo de Sergipe. N\u00e3o s\u00f3 das pessoas, mas tamb\u00e9m do Executivo, que comp\u00f5e as 14 cidades do Vale de S\u00e3o Francisco, e o Legislativo tamb\u00e9m. Parab\u00e9ns por essa atitude sua, presidente. Queria homenagear aqui a todos deputados e deputadas tamb\u00e9m, que se fizeram presente nesse dia de hoje aqui, em nome da pessoa do meu amigo, deputado Cristiano Cavalcante. O deputado Garibalde puxou um assunto aqui relacionado \u00e0 quest\u00e3o do hospital, quest\u00e3o da hemodi\u00e1lise, que \u00e9 o gargalo hoje de quase todos os munic\u00edpios, n\u00e3o s\u00f3 do Baixo S\u00e3o Francisco, mas sim de todo o Estado de Sergipe. E o presidente j\u00e1 se manifestou favor\u00e1vel. Mas tem uma outra situa\u00e7\u00e3o tamb\u00e9m, relacionada ao nosso hospital de Propri\u00e1, que \u00e9 um hospital regional, que \u00e9 o Centro de Diagn\u00f3stico de imagem, que sofremos tanto e atrasa tanto a sa\u00fade de toda a nossa regi\u00e3o. \u00c9 de extrema import\u00e2ncia, Cristiano, voc\u00ea que \u00e9 l\u00edder do governo, voc\u00ea, Jeferson, que \u00e9 presidente dessa casa, que tamb\u00e9m puxe essa pauta junto ao governador F\u00e1bio, que \u00e9 bem intencionado, eu n\u00e3o tenho d\u00favida disso, F\u00e1bio tem um olhar diferenciado para a nossa regi\u00e3o\u201d, concluiu. Fonte: AleseAracaju, 20 de mar\u00e7o de 2025<\/p>\n","protected":false},"author":1,"featured_media":2446,"comment_status":"open","ping_status":"open","sticky":false,"template":"","format":"standard","meta":{"footnotes":""},"categories":[32],"tags":[38],"class_list":["post-2445","post","type-post","status-publish","format-standard","has-post-thumbnail","hentry","category-sergipe","tag-alese"],"_links":{"self":[{"href":"https:\/\/resumosergipe.com.br\/index.php?rest_route=\/wp\/v2\/posts\/2445","targetHints":{"allow":["GET"]}}],"collection":[{"href":"https:\/\/resumosergipe.com.br\/index.php?rest_route=\/wp\/v2\/posts"}],"about":[{"href":"https:\/\/resumosergipe.com.br\/index.php?rest_route=\/wp\/v2\/types\/post"}],"author":[{"embeddable":true,"href":"https:\/\/resumosergipe.com.br\/index.php?rest_route=\/wp\/v2\/users\/1"}],"replies":[{"embeddable":true,"href":"https:\/\/resumosergipe.com.br\/index.php?rest_route=%2Fwp%2Fv2%2Fcomments&post=2445"}],"version-history":[{"count":1,"href":"https:\/\/resumosergipe.com.br\/index.php?rest_route=\/wp\/v2\/posts\/2445\/revisions"}],"predecessor-version":[{"id":2447,"href":"https:\/\/resumosergipe.com.br\/index.php?rest_route=\/wp\/v2\/posts\/2445\/revisions\/2447"}],"wp:featuredmedia":[{"embeddable":true,"href":"https:\/\/resumosergipe.com.br\/index.php?rest_route=\/wp\/v2\/media\/2446"}],"wp:attachment":[{"href":"https:\/\/resumosergipe.com.br\/index.php?rest_route=%2Fwp%2Fv2%2Fmedia&parent=2445"}],"wp:term":[{"taxonomy":"category","embeddable":true,"href":"https:\/\/resumosergipe.com.br\/index.php?rest_route=%2Fwp%2Fv2%2Fcategories&post=2445"},{"taxonomy":"post_tag","embeddable":true,"href":"https:\/\/resumosergipe.com.br\/index.php?rest_route=%2Fwp%2Fv2%2Ftags&post=2445"}],"curies":[{"name":"wp","href":"https:\/\/api.w.org\/{rel}","templated":true}]}}