{"id":2448,"date":"2025-03-20T19:00:34","date_gmt":"2025-03-20T22:00:34","guid":{"rendered":"https:\/\/resumosergipe.com.br\/?p=2448"},"modified":"2025-03-20T19:00:34","modified_gmt":"2025-03-20T22:00:34","slug":"desenvolve-se-entrega-projeto-de-reforma-de-edificio-historico-da-secretaria-da-inclusao","status":"publish","type":"post","link":"https:\/\/resumosergipe.com.br\/?p=2448","title":{"rendered":"Desenvolve-SE entrega projeto de reforma de edif\u00edcio hist\u00f3rico da Secretaria da Inclus\u00e3o"},"content":{"rendered":"\n<p>A Ag\u00eancia Desenvolve-SE elaborou um projeto de reforma e amplia\u00e7\u00e3o para a sede da Secretaria de Estado da Assist\u00eancia Social, Inclus\u00e3o e Cidadania (Seasic). Desenvolvido pelo Projetar-SE, o projeto busca melhorar as condi\u00e7\u00f5es funcionais do edif\u00edcio hist\u00f3rico localizado no bairro S\u00e3o Jos\u00e9, em Aracaju. Constru\u00eddo na segunda metade do s\u00e9culo XX, o pr\u00e9dio j\u00e1 passou por v\u00e1rias modifica\u00e7\u00f5es ao longo dos anos, resultando na altera\u00e7\u00e3o de sua estrutura original.<\/p>\n\n\n\n<p>Inaugurado na d\u00e9cada de 50, o edif\u00edcio foi constru\u00eddo para ser a sede da Legi\u00e3o Brasileira da Assist\u00eancia (LBA). Por se tratar de uma edifica\u00e7\u00e3o de interesse cultural, a proposta de interven\u00e7\u00e3o inclui a remo\u00e7\u00e3o de elementos agregados que descaracterizaram a fachada ao longo do tempo, al\u00e9m da recupera\u00e7\u00e3o de frisos decorativos, esquadrias e demais elementos arquitet\u00f4nicos originais.<\/p>\n\n\n\n<p>Corroborando com a concep\u00e7\u00e3o do projeto, a secret\u00e1ria de Estado da Assist\u00eancia Social, Inclus\u00e3o e Cidadania, \u00c9rica Mitidieri, ressaltou a qualidade do projeto de reforma e restaura\u00e7\u00e3o. \u201cO resultado ficou maravilhoso, pensado n\u00e3o s\u00f3 em reforma, mas em restaurar sua import\u00e2ncia hist\u00f3rica, al\u00e9m de criar as melhores condi\u00e7\u00f5es para o funcionamento da nossa Secretaria de Assist\u00eancia de Estado de Inclus\u00e3o e Cidadania\u201d, disse.<\/p>\n\n\n\n<p>Para o presidente da Ag\u00eancia Desenvolve-SE, Milton Andrade, a preocupa\u00e7\u00e3o com o resgate&nbsp;hist\u00f3rico do pr\u00e9dio agregou mais valor ao projeto que, quando conclu\u00eddo, proporcionar\u00e1 melhores condi\u00e7\u00f5es para continuar oferecendo servi\u00e7os essenciais \u00e0 popula\u00e7\u00e3o. \u201cN\u00e3o \u00e9 apenas um projeto de arquitetura. \u00c9 o resgate de uma hist\u00f3ria. Sem d\u00favida alguma, a Seasic&nbsp;estar\u00e1 muito bem instalada para que seu time continue fazendo o que tem feito de melhor para Sergipe, que \u00e9 um grande servi\u00e7o para a comunidade que mais precisa\u201d, afirmou.<\/p>\n\n\n\n<p>A coordenadora geral da Projetar-SE, Shirley Dantas, ressaltou a import\u00e2ncia do trabalho de pesquisa hist\u00f3rica e da ampla escuta com os atuais e antigos servidores que testemunharam diferentes momentos da edifica\u00e7\u00e3o. \u201c\u00c9 a primeira vez que o pr\u00e9dio ser\u00e1 recuperado em sua fun\u00e7\u00e3o principal, que \u00e9 ser o espa\u00e7o da assist\u00eancia social de Sergipe. A obra a ser executada devolver\u00e1 a sua hist\u00f3ria e arquitetura para o munic\u00edpio de Aracaju\u201d, comemorou.<\/p>\n\n\n\n<p><strong>Levantamento t\u00e9cnico e moderniza\u00e7\u00e3o estrutural<\/strong><\/p>\n\n\n\n<p>O projeto contemplou um levantamento completo da edifica\u00e7\u00e3o por meio de escaneamento 3D, permitindo um registro detalhado dos elementos arquitet\u00f4nicos e das condi\u00e7\u00f5es das instala\u00e7\u00f5es el\u00e9tricas, hidr\u00e1ulicas e estruturais. Al\u00e9m disso, conversas com os funcion\u00e1rios da Seasic subsidiaram a elabora\u00e7\u00e3o de um programa de necessidades preciso, alinhado \u00e0s atividades desenvolvidas na secretaria.<\/p>\n\n\n\n<p>Com uma \u00e1rea total de quase 3 mil metros quadrados, a interven\u00e7\u00e3o inclui, al\u00e9m da revitaliza\u00e7\u00e3o do edif\u00edcio principal (2.498,16 m\u00b2), a constru\u00e7\u00e3o de um Bloco de Apoio, uma guarita e um estacionamento, somando 500 metros quadrados adicionais. Entre as melhorias estruturais, destaca-se a implanta\u00e7\u00e3o de acessibilidade total, com nivelamento de pisos, inser\u00e7\u00e3o de rampas, adequa\u00e7\u00e3o da circula\u00e7\u00e3o vertical com novos elevadores e bloco de escadas.<\/p>\n\n\n\n<p>Para aprimorar a funcionalidade do espa\u00e7o, foram removidas paredes divis\u00f3rias adicionadas em reformas anteriores, permitindo a reorganiza\u00e7\u00e3o interna conforme a estrutura original do edif\u00edcio. O projeto tamb\u00e9m prev\u00ea um novo audit\u00f3rio para 90 pessoas, com acesso independente, e melhorias no p\u00e1tio interno e nas \u00e1reas externas, incluindo um novo paisagismo e a implanta\u00e7\u00e3o de mobili\u00e1rio e playground.<\/p>\n\n\n\n<p><strong>Preserva\u00e7\u00e3o do patrim\u00f4nio e valoriza\u00e7\u00e3o est\u00e9tica<\/strong><\/p>\n\n\n\n<p>Por se tratar de uma edifica\u00e7\u00e3o de interesse cultural, a proposta tamb\u00e9m inclui a remo\u00e7\u00e3o de elementos agregados que descaracterizaram a fachada ao longo do tempo, al\u00e9m da recupera\u00e7\u00e3o de frisos decorativos, esquadrias e demais elementos arquitet\u00f4nicos originais. A valoriza\u00e7\u00e3o do pr\u00e9dio ser\u00e1 complementada por um projeto luminot\u00e9cnico especializado.<\/p>\n\n\n\n<p>No Bloco de Apoio, ser\u00e3o instalados refeit\u00f3rio, \u00e1rea de descanso para funcion\u00e1rios, bloco de banheiros, copa, \u00e1rea de servi\u00e7o e arquivo. Al\u00e9m das melhorias estruturais e funcionais, o projeto inclui a atualiza\u00e7\u00e3o completa das instala\u00e7\u00f5es, tornando o edif\u00edcio mais seguro e eficiente. Foram elaborados projetos de engenharia para diversas especialidades, como el\u00e9trica, hidr\u00e1ulica, esgoto, drenagem, climatiza\u00e7\u00e3o, sistema de prote\u00e7\u00e3o contra descargas atmosf\u00e9ricas (SPDA), preven\u00e7\u00e3o e combate a inc\u00eandios (PCI), estrutural, sonoriza\u00e7\u00e3o e cabeamento.<\/p>\n\n\n\n<p><em>Fonte: Governo de Sergipe<br>Aracaju, 20 de mar\u00e7o de 2025<\/em><\/p>\n","protected":false},"excerpt":{"rendered":"<p>A Ag\u00eancia Desenvolve-SE elaborou um projeto de reforma e amplia\u00e7\u00e3o para a sede da Secretaria de Estado da Assist\u00eancia Social, Inclus\u00e3o e Cidadania (Seasic). Desenvolvido pelo Projetar-SE, o projeto busca melhorar as condi\u00e7\u00f5es funcionais do edif\u00edcio hist\u00f3rico localizado no bairro S\u00e3o Jos\u00e9, em Aracaju. Constru\u00eddo na segunda metade do s\u00e9culo XX, o pr\u00e9dio j\u00e1 passou por v\u00e1rias modifica\u00e7\u00f5es ao longo dos anos, resultando na altera\u00e7\u00e3o de sua estrutura original. Inaugurado na d\u00e9cada de 50, o edif\u00edcio foi constru\u00eddo para ser a sede da Legi\u00e3o Brasileira da Assist\u00eancia (LBA). Por se tratar de uma edifica\u00e7\u00e3o de interesse cultural, a proposta de interven\u00e7\u00e3o inclui a remo\u00e7\u00e3o de elementos agregados que descaracterizaram a fachada ao longo do tempo, al\u00e9m da recupera\u00e7\u00e3o de frisos decorativos, esquadrias e demais elementos arquitet\u00f4nicos originais. Corroborando com a concep\u00e7\u00e3o do projeto, a secret\u00e1ria de Estado da Assist\u00eancia Social, Inclus\u00e3o e Cidadania, \u00c9rica Mitidieri, ressaltou a qualidade do projeto de reforma e restaura\u00e7\u00e3o. \u201cO resultado ficou maravilhoso, pensado n\u00e3o s\u00f3 em reforma, mas em restaurar sua import\u00e2ncia hist\u00f3rica, al\u00e9m de criar as melhores condi\u00e7\u00f5es para o funcionamento da nossa Secretaria de Assist\u00eancia de Estado de Inclus\u00e3o e Cidadania\u201d, disse. Para o presidente da Ag\u00eancia Desenvolve-SE, Milton Andrade, a preocupa\u00e7\u00e3o com o resgate&nbsp;hist\u00f3rico do pr\u00e9dio agregou mais valor ao projeto que, quando conclu\u00eddo, proporcionar\u00e1 melhores condi\u00e7\u00f5es para continuar oferecendo servi\u00e7os essenciais \u00e0 popula\u00e7\u00e3o. \u201cN\u00e3o \u00e9 apenas um projeto de arquitetura. \u00c9 o resgate de uma hist\u00f3ria. Sem d\u00favida alguma, a Seasic&nbsp;estar\u00e1 muito bem instalada para que seu time continue fazendo o que tem feito de melhor para Sergipe, que \u00e9 um grande servi\u00e7o para a comunidade que mais precisa\u201d, afirmou. A coordenadora geral da Projetar-SE, Shirley Dantas, ressaltou a import\u00e2ncia do trabalho de pesquisa hist\u00f3rica e da ampla escuta com os atuais e antigos servidores que testemunharam diferentes momentos da edifica\u00e7\u00e3o. \u201c\u00c9 a primeira vez que o pr\u00e9dio ser\u00e1 recuperado em sua fun\u00e7\u00e3o principal, que \u00e9 ser o espa\u00e7o da assist\u00eancia social de Sergipe. A obra a ser executada devolver\u00e1 a sua hist\u00f3ria e arquitetura para o munic\u00edpio de Aracaju\u201d, comemorou. Levantamento t\u00e9cnico e moderniza\u00e7\u00e3o estrutural O projeto contemplou um levantamento completo da edifica\u00e7\u00e3o por meio de escaneamento 3D, permitindo um registro detalhado dos elementos arquitet\u00f4nicos e das condi\u00e7\u00f5es das instala\u00e7\u00f5es el\u00e9tricas, hidr\u00e1ulicas e estruturais. Al\u00e9m disso, conversas com os funcion\u00e1rios da Seasic subsidiaram a elabora\u00e7\u00e3o de um programa de necessidades preciso, alinhado \u00e0s atividades desenvolvidas na secretaria. Com uma \u00e1rea total de quase 3 mil metros quadrados, a interven\u00e7\u00e3o inclui, al\u00e9m da revitaliza\u00e7\u00e3o do edif\u00edcio principal (2.498,16 m\u00b2), a constru\u00e7\u00e3o de um Bloco de Apoio, uma guarita e um estacionamento, somando 500 metros quadrados adicionais. Entre as melhorias estruturais, destaca-se a implanta\u00e7\u00e3o de acessibilidade total, com nivelamento de pisos, inser\u00e7\u00e3o de rampas, adequa\u00e7\u00e3o da circula\u00e7\u00e3o vertical com novos elevadores e bloco de escadas. Para aprimorar a funcionalidade do espa\u00e7o, foram removidas paredes divis\u00f3rias adicionadas em reformas anteriores, permitindo a reorganiza\u00e7\u00e3o interna conforme a estrutura original do edif\u00edcio. O projeto tamb\u00e9m prev\u00ea um novo audit\u00f3rio para 90 pessoas, com acesso independente, e melhorias no p\u00e1tio interno e nas \u00e1reas externas, incluindo um novo paisagismo e a implanta\u00e7\u00e3o de mobili\u00e1rio e playground. Preserva\u00e7\u00e3o do patrim\u00f4nio e valoriza\u00e7\u00e3o est\u00e9tica Por se tratar de uma edifica\u00e7\u00e3o de interesse cultural, a proposta tamb\u00e9m inclui a remo\u00e7\u00e3o de elementos agregados que descaracterizaram a fachada ao longo do tempo, al\u00e9m da recupera\u00e7\u00e3o de frisos decorativos, esquadrias e demais elementos arquitet\u00f4nicos originais. A valoriza\u00e7\u00e3o do pr\u00e9dio ser\u00e1 complementada por um projeto luminot\u00e9cnico especializado. No Bloco de Apoio, ser\u00e3o instalados refeit\u00f3rio, \u00e1rea de descanso para funcion\u00e1rios, bloco de banheiros, copa, \u00e1rea de servi\u00e7o e arquivo. Al\u00e9m das melhorias estruturais e funcionais, o projeto inclui a atualiza\u00e7\u00e3o completa das instala\u00e7\u00f5es, tornando o edif\u00edcio mais seguro e eficiente. Foram elaborados projetos de engenharia para diversas especialidades, como el\u00e9trica, hidr\u00e1ulica, esgoto, drenagem, climatiza\u00e7\u00e3o, sistema de prote\u00e7\u00e3o contra descargas atmosf\u00e9ricas (SPDA), preven\u00e7\u00e3o e combate a inc\u00eandios (PCI), estrutural, sonoriza\u00e7\u00e3o e cabeamento. Fonte: Governo de SergipeAracaju, 20 de mar\u00e7o de 2025<\/p>\n","protected":false},"author":1,"featured_media":2449,"comment_status":"open","ping_status":"open","sticky":false,"template":"","format":"standard","meta":{"footnotes":""},"categories":[116],"tags":[],"class_list":["post-2448","post","type-post","status-publish","format-standard","has-post-thumbnail","hentry","category-governo"],"_links":{"self":[{"href":"https:\/\/resumosergipe.com.br\/index.php?rest_route=\/wp\/v2\/posts\/2448","targetHints":{"allow":["GET"]}}],"collection":[{"href":"https:\/\/resumosergipe.com.br\/index.php?rest_route=\/wp\/v2\/posts"}],"about":[{"href":"https:\/\/resumosergipe.com.br\/index.php?rest_route=\/wp\/v2\/types\/post"}],"author":[{"embeddable":true,"href":"https:\/\/resumosergipe.com.br\/index.php?rest_route=\/wp\/v2\/users\/1"}],"replies":[{"embeddable":true,"href":"https:\/\/resumosergipe.com.br\/index.php?rest_route=%2Fwp%2Fv2%2Fcomments&post=2448"}],"version-history":[{"count":1,"href":"https:\/\/resumosergipe.com.br\/index.php?rest_route=\/wp\/v2\/posts\/2448\/revisions"}],"predecessor-version":[{"id":2450,"href":"https:\/\/resumosergipe.com.br\/index.php?rest_route=\/wp\/v2\/posts\/2448\/revisions\/2450"}],"wp:featuredmedia":[{"embeddable":true,"href":"https:\/\/resumosergipe.com.br\/index.php?rest_route=\/wp\/v2\/media\/2449"}],"wp:attachment":[{"href":"https:\/\/resumosergipe.com.br\/index.php?rest_route=%2Fwp%2Fv2%2Fmedia&parent=2448"}],"wp:term":[{"taxonomy":"category","embeddable":true,"href":"https:\/\/resumosergipe.com.br\/index.php?rest_route=%2Fwp%2Fv2%2Fcategories&post=2448"},{"taxonomy":"post_tag","embeddable":true,"href":"https:\/\/resumosergipe.com.br\/index.php?rest_route=%2Fwp%2Fv2%2Ftags&post=2448"}],"curies":[{"name":"wp","href":"https:\/\/api.w.org\/{rel}","templated":true}]}}