{"id":2454,"date":"2025-03-25T18:55:45","date_gmt":"2025-03-25T21:55:45","guid":{"rendered":"https:\/\/resumosergipe.com.br\/?p=2454"},"modified":"2025-03-25T18:55:45","modified_gmt":"2025-03-25T21:55:45","slug":"prefeita-emilia-correa-recebe-embaixador-do-azerbaijao-para-discutir-parcerias-estrategicas-para-aracaju","status":"publish","type":"post","link":"https:\/\/resumosergipe.com.br\/?p=2454","title":{"rendered":"Prefeita Em\u00edlia Corr\u00eaa recebe embaixador do Azerbaij\u00e3o para discutir parcerias estrat\u00e9gicas para Aracaju"},"content":{"rendered":"\n<p>A prefeita de Aracaju, Em\u00edlia Corr\u00eaa, recebeu em seu gabinete, nesta ter\u00e7a-feira, 25, o embaixador do Azerbaij\u00e3o no Brasil, Rashad Novruz. O encontro, intermediado pelo deputado federal Rodrigo Valadares, teve como objetivo discutir parcerias futuras entre a capital sergipana e o pa\u00eds euro-asi\u00e1tico, com destaque para educa\u00e7\u00e3o, cultura e urbanismo. Durante a reuni\u00e3o, a prefeita destacou a import\u00e2ncia de estabelecer la\u00e7os internacionais que possam contribuir para o desenvolvimento econ\u00f4mico e social de Aracaju.<\/p>\n\n\n\n<p>A prefeita Em\u00edlia Corr\u00eaa apresentou ao embaixador a necessidade de escolas que atendam crian\u00e7as at\u00edpicas e beb\u00eas de colo, refor\u00e7ando a import\u00e2ncia da educa\u00e7\u00e3o inclusiva. \u201cReceber o embaixador do Azerbaij\u00e3o aqui no nosso gabinete foi uma grande alegria. Essa visita abre oportunidades para parcerias importantes, especialmente nas \u00e1reas de educa\u00e7\u00e3o e cultura. O Azerbaij\u00e3o tem projetos voltados para o fortalecimento da educa\u00e7\u00e3o, e acreditamos que essa troca pode trazer benef\u00edcios significativos para nossa cidade\u201d, afirmou.<br>A gestora destacou ainda a import\u00e2ncia de garantir atendimento \u00e0s crian\u00e7as at\u00edpicas. \u201cFiquei muito grata ao perceber a preocupa\u00e7\u00e3o do embaixador com as crian\u00e7as, algo que me toca profundamente. Durante a conversa, fiz quest\u00e3o de destacar a necessidade de escolas que atendam crian\u00e7as at\u00edpicas e beb\u00eas de colo, especialmente aquelas com autismo e defici\u00eancia. \u00c9 poss\u00edvel construirmos algo juntos nessa \u00e1rea, e esse \u00e9 um dos meus maiores desejos para Aracaju\u201d, completou Em\u00edlia.<\/p>\n\n\n\n<p>O embaixador Rashad Novruz afirmou que \u00e9 poss\u00edvel atender inicialmente a demanda da prefeitura com um tipo espec\u00edfico de escola, mas que a ideia \u00e9 formalizar mais projetos no futuro. Ele ressaltou que o Azerbaij\u00e3o tem interesse em ampliar suas parcerias com cidades brasileiras e que a educa\u00e7\u00e3o inclusiva pode ser um dos pilares dessa coopera\u00e7\u00e3o.<\/p>\n\n\n\n<p>O deputado federal Rodrigo Valadares destacou a import\u00e2ncia da aproxima\u00e7\u00e3o entre Aracaju e o Azerbaij\u00e3o e ressaltou um elo cultural entre os dois territ\u00f3rios. \u201cDescobrimos que a sanfona, \u00e9 um instrumento tradicional tanto no Azerbaij\u00e3o quanto na nossa m\u00fasica nordestina. Com isso, surgiu a ideia de trazer apresenta\u00e7\u00f5es culturais do Azerbaij\u00e3o para Aracaju. O embaixador tamb\u00e9m ficou encantado com a nossa Orquestra Sanf\u00f4nica de Aracaju, e vamos enviar a ele material da apresenta\u00e7\u00e3o do anivers\u00e1rio da cidade\u201d, afirmou.<\/p>\n\n\n\n<p>Outro ponto discutido foi o convite feito pelo embaixador para que a prefeita participe, em 2026, do maior f\u00f3rum global de urbanismo, que ser\u00e1 sediado em Baku, capital do Azerbaij\u00e3o. \u201cBaku \u00e9 refer\u00eancia em modernidade e urbanismo, um exemplo para o mundo. Tenho certeza de que essa participa\u00e7\u00e3o pode trazer ideias inovadoras para transformar Aracaju e coloc\u00e1-la no caminho do crescimento sustent\u00e1vel\u201d, destacou Rodrigo Valadares.<\/p>\n\n\n\n<p>A visita do embaixador a Aracaju reflete uma tend\u00eancia crescente de aproxima\u00e7\u00e3o entre o Azerbaij\u00e3o e o Brasil. Em outubro de 2023, por exemplo, Rashad Novruz participou de uma reuni\u00e3o na Comiss\u00e3o de Rela\u00e7\u00f5es Exteriores e de Defesa Nacional (CREDN) da C\u00e2mara dos Deputados, onde expressou o desejo de estreitar rela\u00e7\u00f5es com o Brasil em \u00e1reas como setor espacial, infraestrutura e pol\u00edticas sociais.<\/p>\n\n\n\n<p>Al\u00e9m disso, em abril de 2023, o embaixador visitou Jo\u00e3o Pessoa, com o mesmo objetivo da visita \u00e0 Aracaju. Na ocasi\u00e3o, Novruz afirmou estar em busca de aprender sobre o potencial das cidades brasileiras e explorar possibilidades de coopera\u00e7\u00e3o em diversos campos.<\/p>\n\n\n\n<p><em>Fonte: Prefeitura de Aracaju<br>Aracaju, 25 de mar\u00e7o de 2025<\/em><\/p>\n","protected":false},"excerpt":{"rendered":"<p>A prefeita de Aracaju, Em\u00edlia Corr\u00eaa, recebeu em seu gabinete, nesta ter\u00e7a-feira, 25, o embaixador do Azerbaij\u00e3o no Brasil, Rashad Novruz. O encontro, intermediado pelo deputado federal Rodrigo Valadares, teve como objetivo discutir parcerias futuras entre a capital sergipana e o pa\u00eds euro-asi\u00e1tico, com destaque para educa\u00e7\u00e3o, cultura e urbanismo. Durante a reuni\u00e3o, a prefeita destacou a import\u00e2ncia de estabelecer la\u00e7os internacionais que possam contribuir para o desenvolvimento econ\u00f4mico e social de Aracaju. A prefeita Em\u00edlia Corr\u00eaa apresentou ao embaixador a necessidade de escolas que atendam crian\u00e7as at\u00edpicas e beb\u00eas de colo, refor\u00e7ando a import\u00e2ncia da educa\u00e7\u00e3o inclusiva. \u201cReceber o embaixador do Azerbaij\u00e3o aqui no nosso gabinete foi uma grande alegria. Essa visita abre oportunidades para parcerias importantes, especialmente nas \u00e1reas de educa\u00e7\u00e3o e cultura. O Azerbaij\u00e3o tem projetos voltados para o fortalecimento da educa\u00e7\u00e3o, e acreditamos que essa troca pode trazer benef\u00edcios significativos para nossa cidade\u201d, afirmou.A gestora destacou ainda a import\u00e2ncia de garantir atendimento \u00e0s crian\u00e7as at\u00edpicas. \u201cFiquei muito grata ao perceber a preocupa\u00e7\u00e3o do embaixador com as crian\u00e7as, algo que me toca profundamente. Durante a conversa, fiz quest\u00e3o de destacar a necessidade de escolas que atendam crian\u00e7as at\u00edpicas e beb\u00eas de colo, especialmente aquelas com autismo e defici\u00eancia. \u00c9 poss\u00edvel construirmos algo juntos nessa \u00e1rea, e esse \u00e9 um dos meus maiores desejos para Aracaju\u201d, completou Em\u00edlia. O embaixador Rashad Novruz afirmou que \u00e9 poss\u00edvel atender inicialmente a demanda da prefeitura com um tipo espec\u00edfico de escola, mas que a ideia \u00e9 formalizar mais projetos no futuro. Ele ressaltou que o Azerbaij\u00e3o tem interesse em ampliar suas parcerias com cidades brasileiras e que a educa\u00e7\u00e3o inclusiva pode ser um dos pilares dessa coopera\u00e7\u00e3o. O deputado federal Rodrigo Valadares destacou a import\u00e2ncia da aproxima\u00e7\u00e3o entre Aracaju e o Azerbaij\u00e3o e ressaltou um elo cultural entre os dois territ\u00f3rios. \u201cDescobrimos que a sanfona, \u00e9 um instrumento tradicional tanto no Azerbaij\u00e3o quanto na nossa m\u00fasica nordestina. Com isso, surgiu a ideia de trazer apresenta\u00e7\u00f5es culturais do Azerbaij\u00e3o para Aracaju. O embaixador tamb\u00e9m ficou encantado com a nossa Orquestra Sanf\u00f4nica de Aracaju, e vamos enviar a ele material da apresenta\u00e7\u00e3o do anivers\u00e1rio da cidade\u201d, afirmou. Outro ponto discutido foi o convite feito pelo embaixador para que a prefeita participe, em 2026, do maior f\u00f3rum global de urbanismo, que ser\u00e1 sediado em Baku, capital do Azerbaij\u00e3o. \u201cBaku \u00e9 refer\u00eancia em modernidade e urbanismo, um exemplo para o mundo. Tenho certeza de que essa participa\u00e7\u00e3o pode trazer ideias inovadoras para transformar Aracaju e coloc\u00e1-la no caminho do crescimento sustent\u00e1vel\u201d, destacou Rodrigo Valadares. A visita do embaixador a Aracaju reflete uma tend\u00eancia crescente de aproxima\u00e7\u00e3o entre o Azerbaij\u00e3o e o Brasil. Em outubro de 2023, por exemplo, Rashad Novruz participou de uma reuni\u00e3o na Comiss\u00e3o de Rela\u00e7\u00f5es Exteriores e de Defesa Nacional (CREDN) da C\u00e2mara dos Deputados, onde expressou o desejo de estreitar rela\u00e7\u00f5es com o Brasil em \u00e1reas como setor espacial, infraestrutura e pol\u00edticas sociais. Al\u00e9m disso, em abril de 2023, o embaixador visitou Jo\u00e3o Pessoa, com o mesmo objetivo da visita \u00e0 Aracaju. Na ocasi\u00e3o, Novruz afirmou estar em busca de aprender sobre o potencial das cidades brasileiras e explorar possibilidades de coopera\u00e7\u00e3o em diversos campos. Fonte: Prefeitura de AracajuAracaju, 25 de mar\u00e7o de 2025<\/p>\n","protected":false},"author":1,"featured_media":2456,"comment_status":"open","ping_status":"open","sticky":false,"template":"","format":"standard","meta":{"footnotes":""},"categories":[61],"tags":[117],"class_list":["post-2454","post","type-post","status-publish","format-standard","has-post-thumbnail","hentry","category-aracaju","tag-desenvolvimento"],"_links":{"self":[{"href":"https:\/\/resumosergipe.com.br\/index.php?rest_route=\/wp\/v2\/posts\/2454","targetHints":{"allow":["GET"]}}],"collection":[{"href":"https:\/\/resumosergipe.com.br\/index.php?rest_route=\/wp\/v2\/posts"}],"about":[{"href":"https:\/\/resumosergipe.com.br\/index.php?rest_route=\/wp\/v2\/types\/post"}],"author":[{"embeddable":true,"href":"https:\/\/resumosergipe.com.br\/index.php?rest_route=\/wp\/v2\/users\/1"}],"replies":[{"embeddable":true,"href":"https:\/\/resumosergipe.com.br\/index.php?rest_route=%2Fwp%2Fv2%2Fcomments&post=2454"}],"version-history":[{"count":1,"href":"https:\/\/resumosergipe.com.br\/index.php?rest_route=\/wp\/v2\/posts\/2454\/revisions"}],"predecessor-version":[{"id":2455,"href":"https:\/\/resumosergipe.com.br\/index.php?rest_route=\/wp\/v2\/posts\/2454\/revisions\/2455"}],"wp:featuredmedia":[{"embeddable":true,"href":"https:\/\/resumosergipe.com.br\/index.php?rest_route=\/wp\/v2\/media\/2456"}],"wp:attachment":[{"href":"https:\/\/resumosergipe.com.br\/index.php?rest_route=%2Fwp%2Fv2%2Fmedia&parent=2454"}],"wp:term":[{"taxonomy":"category","embeddable":true,"href":"https:\/\/resumosergipe.com.br\/index.php?rest_route=%2Fwp%2Fv2%2Fcategories&post=2454"},{"taxonomy":"post_tag","embeddable":true,"href":"https:\/\/resumosergipe.com.br\/index.php?rest_route=%2Fwp%2Fv2%2Ftags&post=2454"}],"curies":[{"name":"wp","href":"https:\/\/api.w.org\/{rel}","templated":true}]}}