{"id":2463,"date":"2025-04-01T19:26:44","date_gmt":"2025-04-01T22:26:44","guid":{"rendered":"https:\/\/resumosergipe.com.br\/?p=2463"},"modified":"2025-04-01T19:26:44","modified_gmt":"2025-04-01T22:26:44","slug":"jeferson-apoia-e-parabeniza-plano-do-governo-para-protecao-das-criancas-durante-a-sazonalidade-das-doencas-respiratorias","status":"publish","type":"post","link":"https:\/\/resumosergipe.com.br\/?p=2463","title":{"rendered":"Jeferson apoia e parabeniza plano do governo para prote\u00e7\u00e3o das crian\u00e7as durante a sazonalidade das doen\u00e7as respirat\u00f3rias"},"content":{"rendered":"\n<p>O presidente da Assembleia Legislativa, deputado Jeferson Andrade (PSD), parabenizou e se somou \u00e0s autoridades da Sa\u00fade do Estado na divulga\u00e7\u00e3o das a\u00e7\u00f5es de preven\u00e7\u00e3o e cuidados em rela\u00e7\u00e3o \u00e0 sazonalidade das doen\u00e7as respirat\u00f3rias em crian\u00e7as. \u201cO plano lan\u00e7ado ontem (31\/03) pela Secretaria Estadual da Sa\u00fade merece todo apoio porque demonstra que o governo est\u00e1 preparado para enfrentar o per\u00edodo sazonal, quando costuma aumentar o n\u00famero de casos de s\u00edndromes respirat\u00f3rias na popula\u00e7\u00e3o infantil, como ocorreu no ano passado\u201d, afirmou ele.<\/p>\n\n\n\n<p>O plano de a\u00e7\u00f5es estrat\u00e9gicas de preven\u00e7\u00e3o, anunciado pelo secret\u00e1rio da Sa\u00fade do Estado, Cl\u00e1udio Mitidieri, prev\u00ea a amplia\u00e7\u00e3o de leitos pedi\u00e1tricos, a reestrutura\u00e7\u00e3o das escalas de profissionais da sa\u00fade e a contrata\u00e7\u00e3o de unidades de sa\u00fade para atendimento infantil durante a sazonalidade. \u201cO governo est\u00e1 fazendo a sua parte, os munic\u00edpios devem fazer a parte deles tamb\u00e9m, estruturando sua rede b\u00e1sica para receber os casos leves, liberando a unidade hospitalar somente para os casos de maior gravidade e evitando a superlota\u00e7\u00e3o\u201d, disse Jeferson.<\/p>\n\n\n\n<p>O presidente da Alese tamb\u00e9m ressaltou a import\u00e2ncia da vacina\u00e7\u00e3o para a prote\u00e7\u00e3o das crian\u00e7as contra o v\u00edrus que provoca doen\u00e7as respirat\u00f3rias. \u201cO governo come\u00e7ou hoje (1\u00ba) a distribui\u00e7\u00e3o da vacina contra a&nbsp; Influenza para os munic\u00edpios sergipanos. E a campanha de refor\u00e7o da vacina\u00e7\u00e3o come\u00e7ar\u00e1 no dia 7 deste m\u00eas. J\u00e1 o \u2018Dia D\u2019 est\u00e1 previsto para 10 de maio. As m\u00e3es e os pais devem levar seus filhos \u00e0 unidade de sa\u00fade, porque est\u00e1 comprovado que quanto mais cedo vacinar menor \u00e9 o impacto dos casos durante a sazonalidade\u201d, acrescentou Jeferson.<\/p>\n\n\n\n<p>A vacina trivalente contra a Influenza \u00e9 destinada a crian\u00e7as a partir de seis meses at\u00e9 menores de seis anos, idosos a partir de 60 anos e gestantes. A partir de hoje, est\u00e1 dispon\u00edvel o \u201cEspa\u00e7o de Apoio \u00e0 Sa\u00fade Infantil\u201d, no Hospital da Crian\u00e7a, em Aracaju, que foi preparado para dar suporte \u00e0 unidade de sa\u00fade durante a sazonalidade, que ocorre entre o Outono e o Inverno, devido a mudan\u00e7as bruscas de temperatura, diminui\u00e7\u00e3o da umidade do ar e maior concentra\u00e7\u00e3o de poluentes no ar, entre outros fatores.<\/p>\n\n\n\n<p><em>Fonte: Alese<br>Aracaju, 01 de abril de 2025<\/em><\/p>\n","protected":false},"excerpt":{"rendered":"<p>O presidente da Assembleia Legislativa, deputado Jeferson Andrade (PSD), parabenizou e se somou \u00e0s autoridades da Sa\u00fade do Estado na divulga\u00e7\u00e3o das a\u00e7\u00f5es de preven\u00e7\u00e3o e cuidados em rela\u00e7\u00e3o \u00e0 sazonalidade das doen\u00e7as respirat\u00f3rias em crian\u00e7as. \u201cO plano lan\u00e7ado ontem (31\/03) pela Secretaria Estadual da Sa\u00fade merece todo apoio porque demonstra que o governo est\u00e1 preparado para enfrentar o per\u00edodo sazonal, quando costuma aumentar o n\u00famero de casos de s\u00edndromes respirat\u00f3rias na popula\u00e7\u00e3o infantil, como ocorreu no ano passado\u201d, afirmou ele. O plano de a\u00e7\u00f5es estrat\u00e9gicas de preven\u00e7\u00e3o, anunciado pelo secret\u00e1rio da Sa\u00fade do Estado, Cl\u00e1udio Mitidieri, prev\u00ea a amplia\u00e7\u00e3o de leitos pedi\u00e1tricos, a reestrutura\u00e7\u00e3o das escalas de profissionais da sa\u00fade e a contrata\u00e7\u00e3o de unidades de sa\u00fade para atendimento infantil durante a sazonalidade. \u201cO governo est\u00e1 fazendo a sua parte, os munic\u00edpios devem fazer a parte deles tamb\u00e9m, estruturando sua rede b\u00e1sica para receber os casos leves, liberando a unidade hospitalar somente para os casos de maior gravidade e evitando a superlota\u00e7\u00e3o\u201d, disse Jeferson. O presidente da Alese tamb\u00e9m ressaltou a import\u00e2ncia da vacina\u00e7\u00e3o para a prote\u00e7\u00e3o das crian\u00e7as contra o v\u00edrus que provoca doen\u00e7as respirat\u00f3rias. \u201cO governo come\u00e7ou hoje (1\u00ba) a distribui\u00e7\u00e3o da vacina contra a&nbsp; Influenza para os munic\u00edpios sergipanos. E a campanha de refor\u00e7o da vacina\u00e7\u00e3o come\u00e7ar\u00e1 no dia 7 deste m\u00eas. J\u00e1 o \u2018Dia D\u2019 est\u00e1 previsto para 10 de maio. As m\u00e3es e os pais devem levar seus filhos \u00e0 unidade de sa\u00fade, porque est\u00e1 comprovado que quanto mais cedo vacinar menor \u00e9 o impacto dos casos durante a sazonalidade\u201d, acrescentou Jeferson. A vacina trivalente contra a Influenza \u00e9 destinada a crian\u00e7as a partir de seis meses at\u00e9 menores de seis anos, idosos a partir de 60 anos e gestantes. A partir de hoje, est\u00e1 dispon\u00edvel o \u201cEspa\u00e7o de Apoio \u00e0 Sa\u00fade Infantil\u201d, no Hospital da Crian\u00e7a, em Aracaju, que foi preparado para dar suporte \u00e0 unidade de sa\u00fade durante a sazonalidade, que ocorre entre o Outono e o Inverno, devido a mudan\u00e7as bruscas de temperatura, diminui\u00e7\u00e3o da umidade do ar e maior concentra\u00e7\u00e3o de poluentes no ar, entre outros fatores. Fonte: AleseAracaju, 01 de abril de 2025<\/p>\n","protected":false},"author":1,"featured_media":2464,"comment_status":"open","ping_status":"open","sticky":false,"template":"","format":"standard","meta":{"footnotes":""},"categories":[32],"tags":[10],"class_list":["post-2463","post","type-post","status-publish","format-standard","has-post-thumbnail","hentry","category-sergipe","tag-saude"],"_links":{"self":[{"href":"https:\/\/resumosergipe.com.br\/index.php?rest_route=\/wp\/v2\/posts\/2463","targetHints":{"allow":["GET"]}}],"collection":[{"href":"https:\/\/resumosergipe.com.br\/index.php?rest_route=\/wp\/v2\/posts"}],"about":[{"href":"https:\/\/resumosergipe.com.br\/index.php?rest_route=\/wp\/v2\/types\/post"}],"author":[{"embeddable":true,"href":"https:\/\/resumosergipe.com.br\/index.php?rest_route=\/wp\/v2\/users\/1"}],"replies":[{"embeddable":true,"href":"https:\/\/resumosergipe.com.br\/index.php?rest_route=%2Fwp%2Fv2%2Fcomments&post=2463"}],"version-history":[{"count":1,"href":"https:\/\/resumosergipe.com.br\/index.php?rest_route=\/wp\/v2\/posts\/2463\/revisions"}],"predecessor-version":[{"id":2465,"href":"https:\/\/resumosergipe.com.br\/index.php?rest_route=\/wp\/v2\/posts\/2463\/revisions\/2465"}],"wp:featuredmedia":[{"embeddable":true,"href":"https:\/\/resumosergipe.com.br\/index.php?rest_route=\/wp\/v2\/media\/2464"}],"wp:attachment":[{"href":"https:\/\/resumosergipe.com.br\/index.php?rest_route=%2Fwp%2Fv2%2Fmedia&parent=2463"}],"wp:term":[{"taxonomy":"category","embeddable":true,"href":"https:\/\/resumosergipe.com.br\/index.php?rest_route=%2Fwp%2Fv2%2Fcategories&post=2463"},{"taxonomy":"post_tag","embeddable":true,"href":"https:\/\/resumosergipe.com.br\/index.php?rest_route=%2Fwp%2Fv2%2Ftags&post=2463"}],"curies":[{"name":"wp","href":"https:\/\/api.w.org\/{rel}","templated":true}]}}