{"id":2482,"date":"2025-04-06T10:20:05","date_gmt":"2025-04-06T13:20:05","guid":{"rendered":"https:\/\/resumosergipe.com.br\/?p=2482"},"modified":"2025-04-06T10:20:05","modified_gmt":"2025-04-06T13:20:05","slug":"prefeitura-de-aracaju-e-governo-de-sergipe-definem-parceria-para-revitalizacao-do-centro-da-capital","status":"publish","type":"post","link":"https:\/\/resumosergipe.com.br\/?p=2482","title":{"rendered":"Prefeitura de Aracaju e Governo de Sergipe definem parceria para revitaliza\u00e7\u00e3o do centro da capital"},"content":{"rendered":"\n<p>A prefeita de Aracaju, Em\u00edlia Corr\u00eaa, recebeu, nesta sexta-feira, 4, o secret\u00e1rio especial de Planejamento, Or\u00e7amento e Inova\u00e7\u00e3o de Sergipe, J\u00falio Filgueira, para definir uma parceria estrat\u00e9gica entre o Munic\u00edpio e o Governo do Estado com foco na revitaliza\u00e7\u00e3o do Centro da capital.<\/p>\n\n\n\n<p>O encontro abordou a cria\u00e7\u00e3o de um instrumento de governan\u00e7a tripartite, envolvendo munic\u00edpio, Estado e terceiro setor, para coordenar a\u00e7\u00f5es voltadas \u00e0 revitaliza\u00e7\u00e3o do Centro, com a participa\u00e7\u00e3o da sociedade civil. Tamb\u00e9m foi discutida a realiza\u00e7\u00e3o de um semin\u00e1rio para envolver a popula\u00e7\u00e3o no debate sobre a regi\u00e3o, al\u00e9m da elabora\u00e7\u00e3o de um invent\u00e1rio detalhado dos espa\u00e7os e estruturas existentes no local.<\/p>\n\n\n\n<p>A prefeita de Aracaju, Em\u00edlia Corr\u00eaa, destacou que, com a parceria, ser\u00e1 poss\u00edvel acelerar ainda mais os avan\u00e7os relacionados ao Centro da capital. &#8220;Tudo que foi discutido aqui s\u00e3o propostas de interesse comum entre prefeitura e Estado, e que fazem parte do nosso programa de governo. Temos buscado essas parcerias, e esse alinhamento \u00e9 fundamental. Acredito que a uni\u00e3o de esfor\u00e7os certamente nos far\u00e1 progredir em \u00e1reas como turismo, mobilidade e infraestrutura dessa regi\u00e3o&#8221;, afirmou.<\/p>\n\n\n\n<p>A administra\u00e7\u00e3o municipal tem se comprometido em tornar o Centro uma regi\u00e3o ainda mais atrativa. Nos primeiros dias de gest\u00e3o, a prefeita Em\u00edlia Corr\u00eaa instituiu a Zeladoria do Centro, incluiu a regi\u00e3o nas celebra\u00e7\u00f5es dos 170 anos da cidade e tamb\u00e9m garantiu que a programa\u00e7\u00e3o do Forr\u00f3 Caju ser\u00e1 ampliada para outros pontos, al\u00e9m dos tradicionais shows na Pra\u00e7a dos Mercados Centrais, promovendo a descentraliza\u00e7\u00e3o das atividades e fortalecendo o v\u00ednculo da cidade com sua \u00e1rea hist\u00f3rica.<\/p>\n\n\n\n<p>Parceria<\/p>\n\n\n\n<p>De acordo com o secret\u00e1rio do Planejamento de Sergipe, J\u00falio Filgueira, o objetivo do Estado \u00e9 estabelecer uma agenda unificada sobre a revitaliza\u00e7\u00e3o urbana e arquitet\u00f4nica do centro. &#8220;H\u00e1 v\u00e1rios temas que est\u00e3o sob coordena\u00e7\u00e3o da Seplan e n\u00f3s h\u00e1 algumas semanas estamos com essa demanda para poder fazer um primeiro estreitamento, conhecer as equipes, falar da nossa disposi\u00e7\u00e3o e a disposi\u00e7\u00e3o do governador F\u00e1bio Mitidieri de trabalhar conjuntamente com a prefeitura&#8221;, disse.<\/p>\n\n\n\n<p>O secret\u00e1rio de Planejamento, Or\u00e7amento e Gest\u00e3o de Aracaju, Thyago Silva, explicou que algumas a\u00e7\u00f5es j\u00e1 est\u00e3o sendo desenvolvidas pela Prefeitura e ser\u00e3o somadas ao trabalho do Estado. &#8220;Como o censo da atividade econ\u00f4mica do Centro, realizado pela Secretaria Municipal do Desenvolvimento Econ\u00f4mico e Inova\u00e7\u00e3o, al\u00e9m do levantamento dos im\u00f3veis feito pela Secretaria Municipal da Fazenda&#8221;, concluiu.<\/p>\n\n\n\n<p><em>Fonte: Prefeitura de Aracaju<br>Aracaju. 04 de abril de 2025<\/em><\/p>\n","protected":false},"excerpt":{"rendered":"<p>A prefeita de Aracaju, Em\u00edlia Corr\u00eaa, recebeu, nesta sexta-feira, 4, o secret\u00e1rio especial de Planejamento, Or\u00e7amento e Inova\u00e7\u00e3o de Sergipe, J\u00falio Filgueira, para definir uma parceria estrat\u00e9gica entre o Munic\u00edpio e o Governo do Estado com foco na revitaliza\u00e7\u00e3o do Centro da capital. O encontro abordou a cria\u00e7\u00e3o de um instrumento de governan\u00e7a tripartite, envolvendo munic\u00edpio, Estado e terceiro setor, para coordenar a\u00e7\u00f5es voltadas \u00e0 revitaliza\u00e7\u00e3o do Centro, com a participa\u00e7\u00e3o da sociedade civil. Tamb\u00e9m foi discutida a realiza\u00e7\u00e3o de um semin\u00e1rio para envolver a popula\u00e7\u00e3o no debate sobre a regi\u00e3o, al\u00e9m da elabora\u00e7\u00e3o de um invent\u00e1rio detalhado dos espa\u00e7os e estruturas existentes no local. A prefeita de Aracaju, Em\u00edlia Corr\u00eaa, destacou que, com a parceria, ser\u00e1 poss\u00edvel acelerar ainda mais os avan\u00e7os relacionados ao Centro da capital. &#8220;Tudo que foi discutido aqui s\u00e3o propostas de interesse comum entre prefeitura e Estado, e que fazem parte do nosso programa de governo. Temos buscado essas parcerias, e esse alinhamento \u00e9 fundamental. Acredito que a uni\u00e3o de esfor\u00e7os certamente nos far\u00e1 progredir em \u00e1reas como turismo, mobilidade e infraestrutura dessa regi\u00e3o&#8221;, afirmou. A administra\u00e7\u00e3o municipal tem se comprometido em tornar o Centro uma regi\u00e3o ainda mais atrativa. Nos primeiros dias de gest\u00e3o, a prefeita Em\u00edlia Corr\u00eaa instituiu a Zeladoria do Centro, incluiu a regi\u00e3o nas celebra\u00e7\u00f5es dos 170 anos da cidade e tamb\u00e9m garantiu que a programa\u00e7\u00e3o do Forr\u00f3 Caju ser\u00e1 ampliada para outros pontos, al\u00e9m dos tradicionais shows na Pra\u00e7a dos Mercados Centrais, promovendo a descentraliza\u00e7\u00e3o das atividades e fortalecendo o v\u00ednculo da cidade com sua \u00e1rea hist\u00f3rica. Parceria De acordo com o secret\u00e1rio do Planejamento de Sergipe, J\u00falio Filgueira, o objetivo do Estado \u00e9 estabelecer uma agenda unificada sobre a revitaliza\u00e7\u00e3o urbana e arquitet\u00f4nica do centro. &#8220;H\u00e1 v\u00e1rios temas que est\u00e3o sob coordena\u00e7\u00e3o da Seplan e n\u00f3s h\u00e1 algumas semanas estamos com essa demanda para poder fazer um primeiro estreitamento, conhecer as equipes, falar da nossa disposi\u00e7\u00e3o e a disposi\u00e7\u00e3o do governador F\u00e1bio Mitidieri de trabalhar conjuntamente com a prefeitura&#8221;, disse. O secret\u00e1rio de Planejamento, Or\u00e7amento e Gest\u00e3o de Aracaju, Thyago Silva, explicou que algumas a\u00e7\u00f5es j\u00e1 est\u00e3o sendo desenvolvidas pela Prefeitura e ser\u00e3o somadas ao trabalho do Estado. &#8220;Como o censo da atividade econ\u00f4mica do Centro, realizado pela Secretaria Municipal do Desenvolvimento Econ\u00f4mico e Inova\u00e7\u00e3o, al\u00e9m do levantamento dos im\u00f3veis feito pela Secretaria Municipal da Fazenda&#8221;, concluiu. Fonte: Prefeitura de AracajuAracaju. 04 de abril de 2025<\/p>\n","protected":false},"author":1,"featured_media":2484,"comment_status":"open","ping_status":"open","sticky":false,"template":"","format":"standard","meta":{"footnotes":""},"categories":[1],"tags":[],"class_list":["post-2482","post","type-post","status-publish","format-standard","has-post-thumbnail","hentry","category-blog"],"_links":{"self":[{"href":"https:\/\/resumosergipe.com.br\/index.php?rest_route=\/wp\/v2\/posts\/2482","targetHints":{"allow":["GET"]}}],"collection":[{"href":"https:\/\/resumosergipe.com.br\/index.php?rest_route=\/wp\/v2\/posts"}],"about":[{"href":"https:\/\/resumosergipe.com.br\/index.php?rest_route=\/wp\/v2\/types\/post"}],"author":[{"embeddable":true,"href":"https:\/\/resumosergipe.com.br\/index.php?rest_route=\/wp\/v2\/users\/1"}],"replies":[{"embeddable":true,"href":"https:\/\/resumosergipe.com.br\/index.php?rest_route=%2Fwp%2Fv2%2Fcomments&post=2482"}],"version-history":[{"count":1,"href":"https:\/\/resumosergipe.com.br\/index.php?rest_route=\/wp\/v2\/posts\/2482\/revisions"}],"predecessor-version":[{"id":2483,"href":"https:\/\/resumosergipe.com.br\/index.php?rest_route=\/wp\/v2\/posts\/2482\/revisions\/2483"}],"wp:featuredmedia":[{"embeddable":true,"href":"https:\/\/resumosergipe.com.br\/index.php?rest_route=\/wp\/v2\/media\/2484"}],"wp:attachment":[{"href":"https:\/\/resumosergipe.com.br\/index.php?rest_route=%2Fwp%2Fv2%2Fmedia&parent=2482"}],"wp:term":[{"taxonomy":"category","embeddable":true,"href":"https:\/\/resumosergipe.com.br\/index.php?rest_route=%2Fwp%2Fv2%2Fcategories&post=2482"},{"taxonomy":"post_tag","embeddable":true,"href":"https:\/\/resumosergipe.com.br\/index.php?rest_route=%2Fwp%2Fv2%2Ftags&post=2482"}],"curies":[{"name":"wp","href":"https:\/\/api.w.org\/{rel}","templated":true}]}}