{"id":2504,"date":"2025-04-15T18:46:32","date_gmt":"2025-04-15T21:46:32","guid":{"rendered":"https:\/\/resumosergipe.com.br\/?p=2504"},"modified":"2025-04-15T18:46:33","modified_gmt":"2025-04-15T21:46:33","slug":"deputado-ibrain-de-valmir-convida-populacao-para-participar-do-lagarto-folia-2025","status":"publish","type":"post","link":"https:\/\/resumosergipe.com.br\/?p=2504","title":{"rendered":"Deputado Ibrain de Valmir convida popula\u00e7\u00e3o para participar do Lagarto Folia 2025"},"content":{"rendered":"\n<p>O deputado Ibrain de Valmir (PV) usou a tribuna da Assembleia Legislativa do Estado de Sergipe (Alese) nesta ter\u00e7a-feira (15) para destacar a edi\u00e7\u00e3o 2025 do Lagarto Folia. A festividade \u00e9 pela organizada Prefeitura de Lagarto e Governo do Estado e acontece entre os dias 19 e 21 de abril.<\/p>\n\n\n\n<p>\u201cMais de 20 atra\u00e7\u00f5es nacionais estar\u00e3o presentes na festa. J\u00e1 a estrutura ser\u00e1 organizada com apoio da gest\u00e3o municipal e conta com limpeza urbana, seguran\u00e7a, assist\u00eancia em sa\u00fade e organiza\u00e7\u00e3o do tr\u00e2nsito\u201d, explicou o parlamentar Ibrain de Valmir.<\/p>\n\n\n\n<p><strong>145 anos de Lagarto<\/strong><\/p>\n\n\n\n<p>No pr\u00f3ximo&nbsp;domingo, 20, Lagarto completa 145 anos e para celebrar a data, a administra\u00e7\u00e3o municipal preparou uma programa\u00e7\u00e3o que inicia nesta segunda-feira, 14, e segue at\u00e9 o dia 30 deste m\u00eas, com eventos distribu\u00eddos em diversas localidades do munic\u00edpio.<\/p>\n\n\n\n<p>\u201cLagarto possui um dos mais ricos legados hist\u00f3ricos do interior sergipanio, com ra\u00edzes que retomam ao per\u00edodo colonial. \u00c9 ber\u00e7o de importantes nomes da pol\u00edtica, cultura, e das artes, a exemplo de S\u00edlvio Romero\u201d, destacou o deputado Ibrain de Valmir.<\/p>\n\n\n\n<p><em>Fonte: Alese<br>Aracaju, 15 de abril de 2025<\/em><\/p>\n","protected":false},"excerpt":{"rendered":"<p>O deputado Ibrain de Valmir (PV) usou a tribuna da Assembleia Legislativa do Estado de Sergipe (Alese) nesta ter\u00e7a-feira (15) para destacar a edi\u00e7\u00e3o 2025 do Lagarto Folia. A festividade \u00e9 pela organizada Prefeitura de Lagarto e Governo do Estado e acontece entre os dias 19 e 21 de abril. \u201cMais de 20 atra\u00e7\u00f5es nacionais estar\u00e3o presentes na festa. J\u00e1 a estrutura ser\u00e1 organizada com apoio da gest\u00e3o municipal e conta com limpeza urbana, seguran\u00e7a, assist\u00eancia em sa\u00fade e organiza\u00e7\u00e3o do tr\u00e2nsito\u201d, explicou o parlamentar Ibrain de Valmir. 145 anos de Lagarto No pr\u00f3ximo&nbsp;domingo, 20, Lagarto completa 145 anos e para celebrar a data, a administra\u00e7\u00e3o municipal preparou uma programa\u00e7\u00e3o que inicia nesta segunda-feira, 14, e segue at\u00e9 o dia 30 deste m\u00eas, com eventos distribu\u00eddos em diversas localidades do munic\u00edpio. \u201cLagarto possui um dos mais ricos legados hist\u00f3ricos do interior sergipanio, com ra\u00edzes que retomam ao per\u00edodo colonial. \u00c9 ber\u00e7o de importantes nomes da pol\u00edtica, cultura, e das artes, a exemplo de S\u00edlvio Romero\u201d, destacou o deputado Ibrain de Valmir. Fonte: AleseAracaju, 15 de abril de 2025<\/p>\n","protected":false},"author":1,"featured_media":2505,"comment_status":"open","ping_status":"open","sticky":false,"template":"","format":"standard","meta":{"footnotes":""},"categories":[32],"tags":[142],"class_list":["post-2504","post","type-post","status-publish","format-standard","has-post-thumbnail","hentry","category-sergipe","tag-lagarto"],"_links":{"self":[{"href":"https:\/\/resumosergipe.com.br\/index.php?rest_route=\/wp\/v2\/posts\/2504","targetHints":{"allow":["GET"]}}],"collection":[{"href":"https:\/\/resumosergipe.com.br\/index.php?rest_route=\/wp\/v2\/posts"}],"about":[{"href":"https:\/\/resumosergipe.com.br\/index.php?rest_route=\/wp\/v2\/types\/post"}],"author":[{"embeddable":true,"href":"https:\/\/resumosergipe.com.br\/index.php?rest_route=\/wp\/v2\/users\/1"}],"replies":[{"embeddable":true,"href":"https:\/\/resumosergipe.com.br\/index.php?rest_route=%2Fwp%2Fv2%2Fcomments&post=2504"}],"version-history":[{"count":1,"href":"https:\/\/resumosergipe.com.br\/index.php?rest_route=\/wp\/v2\/posts\/2504\/revisions"}],"predecessor-version":[{"id":2506,"href":"https:\/\/resumosergipe.com.br\/index.php?rest_route=\/wp\/v2\/posts\/2504\/revisions\/2506"}],"wp:featuredmedia":[{"embeddable":true,"href":"https:\/\/resumosergipe.com.br\/index.php?rest_route=\/wp\/v2\/media\/2505"}],"wp:attachment":[{"href":"https:\/\/resumosergipe.com.br\/index.php?rest_route=%2Fwp%2Fv2%2Fmedia&parent=2504"}],"wp:term":[{"taxonomy":"category","embeddable":true,"href":"https:\/\/resumosergipe.com.br\/index.php?rest_route=%2Fwp%2Fv2%2Fcategories&post=2504"},{"taxonomy":"post_tag","embeddable":true,"href":"https:\/\/resumosergipe.com.br\/index.php?rest_route=%2Fwp%2Fv2%2Ftags&post=2504"}],"curies":[{"name":"wp","href":"https:\/\/api.w.org\/{rel}","templated":true}]}}