{"id":2510,"date":"2025-04-22T19:19:35","date_gmt":"2025-04-22T22:19:35","guid":{"rendered":"https:\/\/resumosergipe.com.br\/?p=2510"},"modified":"2025-04-22T19:19:35","modified_gmt":"2025-04-22T22:19:35","slug":"deputado-luizao-donatrumpi-critica-uso-de-escola-publica-para-militancia-partidaria-e-defende-projeto-para-coibir-pratica","status":"publish","type":"post","link":"https:\/\/resumosergipe.com.br\/?p=2510","title":{"rendered":"Deputado Luiz\u00e3o Donatrumpi critica uso de escola p\u00fablica para milit\u00e2ncia partid\u00e1ria e defende projeto para coibir pr\u00e1tica"},"content":{"rendered":"\n<p>O deputado Luiz\u00e3o Donatrampi (Uni\u00e3o Brasil) utilizou a tribuna da Assembleia Legislativa de Sergipe nesta ter\u00e7a-feira (22), para criticar o uso de escolas p\u00fablicas para milit\u00e2ncia pol\u00edtica partid\u00e1ria. O parlamentar mencionou a colega de parlamento Linda Brasil (PSol) em um caso espec\u00edfico ocorrido no munic\u00edpio de Nossa Senhora das Dores.<\/p>\n\n\n\n<p>\u201cNada impede que deputados visitem escolas para falar sobre educa\u00e7\u00e3o, merenda ou estrutura, mas n\u00e3o para fazer milit\u00e2ncia partid\u00e1ria ideol\u00f3gica\u201d, afirmou Luiz\u00e3o, ressaltando que a pr\u00e1tica \u00e9 inadequada. Ele destacou que, como parlamentar, n\u00e3o pode se calar diante de situa\u00e7\u00f5es que considera abusivas.<\/p>\n\n\n\n<p>Resposta ao Sintese<\/p>\n\n\n\n<p>Luiz\u00e3o mencionou uma entrevista do presidente do Sindicato dos Trabalhadores em Educa\u00e7\u00e3o de Sergipe (Sintese), que classificou seu projeto como censura. O deputado rebateu: \u201cProtocolei um Projeto para acabar com esse tipo de papagaiada. N\u00e3o tenho medo do Sintese, podem vir aqui e encher a arquibancada, fazer boneco gigante meu e tocar fogo, t\u00f4 nem a\u00ed. Meu PL n\u00e3o \u00e9 de censura. O que n\u00e3o pode \u00e9 existir milit\u00e2ncia partid\u00e1ria dentro de uma escola p\u00fablica. Se eu fizesse o mesmo, puxando bandeira para o meu lado? j\u00e1 estariam aqui me crucificando\u201d, argumentou.<\/p>\n\n\n\n<p>Responsabilidade com os alunos<\/p>\n\n\n\n<p>O parlamentar defendeu que as escolas devem ser ambientes neutros, especialmente por influenciarem crian\u00e7as e jovens. \u201cA crian\u00e7a \u00e9 um HD virgem. Ela armazena o que ouve. Se n\u00e3o houver contradit\u00f3rio, ela leva aquilo como aprendizado para a vida\u201d, disse. Ele acrescentou que visitas de parlamentares devem focar em temas educacionais, como qualidade do ensino e infraestrutura.<\/p>\n\n\n\n<p>Cobran\u00e7a ao governo<\/p>\n\n\n\n<p>O parlamentar afirmou ter cobrado do governador e do secret\u00e1rio de Educa\u00e7\u00e3o, medidas para evitar novos casos de uso pol\u00edtico de escolas. \u201cAquilo que aconteceu em Dores \u00e9 lament\u00e1vel. Quem abriu o espa\u00e7o deve ser ouvido e responsabilizado\u201d, declarou.<\/p>\n\n\n\n<p>O deputado encerrou reafirmando seu compromisso com a democracia, mas com disposi\u00e7\u00e3o para confrontar o que considera excessos: \u201cRespeito at\u00e9 onde me respeitarem. Se me desrespeitarem, desrespeito tamb\u00e9m. N\u00e3o tenho medo de milit\u00e2ncia\u201d.<\/p>\n\n\n\n<p>Aparte de Linda Brasil<\/p>\n\n\n\n<p>A deputada Linda Brasil repudiou a utiliza\u00e7\u00e3o distorcida de trechos de sua fala em uma atividade realizada na Escola de N. S. das Dores. A parlamentar explicou que sua fala foi alvo de recorte e divulga\u00e7\u00e3o mal-intencionada por parte de um vereador e de um deputado ligados \u00e0 base bolsonarista.<\/p>\n\n\n\n<p>\u201cO aludido evento aconteceu em 28 de mar\u00e7o de 2023, durante uma programa\u00e7\u00e3o voltada ao combate ao machismo, \u00e0 misoginia e \u00e0 viol\u00eancia contra as mulheres\u201d, explicou Linda. Segundo ela, o evento teve como tema \u201cOcupar e expandir conquistas e horizontes do protagonismo feminino no mundo contempor\u00e2neo\u201d e contou com a presen\u00e7a da colega deputada Kitty Lima, da prefeita de Dores e de uma vereadora local engajada na pauta feminista, e de outras lideran\u00e7as femininas.<\/p>\n\n\n\n<p>De acordo com a deputada, o v\u00eddeo divulgado foi editado de maneira a descontextualizar uma resposta sua a uma pergunta feita por uma estudante durante o evento. \u201cA pergunta era sobre como eu enfrento bolsonaristas. E eu disse que enfrento com pesquisa, porque sou pesquisadora de g\u00eanero, mestre e professora. Minha atua\u00e7\u00e3o nas escolas est\u00e1 ligada \u00e0 minha forma\u00e7\u00e3o e \u00e0 minha pesquisa sobre a import\u00e2ncia de discutir g\u00eanero e diversidade como forma de combater a viol\u00eancia contra mulheres e a popula\u00e7\u00e3o LGBTQIA+\u201d, disse.<\/p>\n\n\n\n<p>Ela rebateu ainda as acusa\u00e7\u00f5es de que utiliza termos como \u201cfascismo\u201d de forma leviana. \u201cO fascismo cl\u00e1ssico tem caracter\u00edsticas muito claras: culto ao l\u00edder, desprezo pelas liberdades individuais, persegui\u00e7\u00e3o a minorias. E isso se reflete em atitudes de l\u00edderes internacionais e nacionais ligados ao bolsonarismo, que enxergam popula\u00e7\u00f5es como a trans como inimigas da na\u00e7\u00e3o\u201d, afirmou, citando estudos hist\u00f3ricos e trechos de publica\u00e7\u00f5es educacionais.<\/p>\n\n\n\n<p>Sobre a frase que viralizou \u2013 \u201cmachistas, fascistas, n\u00e3o passar\u00e3o\u201d \u2013, Linda afirmou que se tratou de uma express\u00e3o de resist\u00eancia e de defesa. \u201cFoi uma resposta \u00e0 estudante. E eu disse: n\u00e3o passar\u00e3o porque h\u00e1 resist\u00eancia. N\u00e3o ir\u00e3o me silenciar. Voc\u00ea pode discordar, mas n\u00e3o pode usar recortes para alimentar persegui\u00e7\u00f5es.\u201d<\/p>\n\n\n\n<p>Luiz\u00e3o pediu a palavra<\/p>\n\n\n\n<p>\u201cQuando eu combato a Esquerda, eu j\u00e1 estou combatendo as mazelas da sociedade. E sobre a quest\u00e3o do v\u00eddeo, ele est\u00e1 na rede social da pr\u00f3pria deputada. Assistam l\u00e1 ela falando: \u201cEsses bolsonaristas fascistas, transf\u00f3bicos, homof\u00f3bicos\u2026\u201d Eu expus a hipocrisia, a\u00ed agora querer vir remendar com esse discurso bonitinho. \u00c9 s\u00f3 a milit\u00e2nciazinha de sempre. Mas essa \u00e9 a realidade e n\u00f3s vamos combater aqui a quantidade de vezes que for necess\u00e1ria e irei cobrar do governador e do secret\u00e1rio de Educa\u00e7\u00e3o que seja tomada a provid\u00eancia e que isso n\u00e3o aconte\u00e7a mais dentro de sala de aula. Pode ir na escola falar sobre v\u00e1rios assuntos, agora pol\u00edtico-partid\u00e1rio ideol\u00f3gico? N\u00e3o. Isso eu n\u00e3o aceito, eu tenho certeza que muitos aqui n\u00e3o aceitam esse tipo de \u00b4papagaiada\u00b4\u201d, treplicou, Luiz\u00e3o.<\/p>\n\n\n\n<p><em>Fonte: Alese<br>Aracaju, 22 de abril de 2025<\/em><\/p>\n","protected":false},"excerpt":{"rendered":"<p>O deputado Luiz\u00e3o Donatrampi (Uni\u00e3o Brasil) utilizou a tribuna da Assembleia Legislativa de Sergipe nesta ter\u00e7a-feira (22), para criticar o uso de escolas p\u00fablicas para milit\u00e2ncia pol\u00edtica partid\u00e1ria. O parlamentar mencionou a colega de parlamento Linda Brasil (PSol) em um caso espec\u00edfico ocorrido no munic\u00edpio de Nossa Senhora das Dores. \u201cNada impede que deputados visitem escolas para falar sobre educa\u00e7\u00e3o, merenda ou estrutura, mas n\u00e3o para fazer milit\u00e2ncia partid\u00e1ria ideol\u00f3gica\u201d, afirmou Luiz\u00e3o, ressaltando que a pr\u00e1tica \u00e9 inadequada. Ele destacou que, como parlamentar, n\u00e3o pode se calar diante de situa\u00e7\u00f5es que considera abusivas. Resposta ao Sintese Luiz\u00e3o mencionou uma entrevista do presidente do Sindicato dos Trabalhadores em Educa\u00e7\u00e3o de Sergipe (Sintese), que classificou seu projeto como censura. O deputado rebateu: \u201cProtocolei um Projeto para acabar com esse tipo de papagaiada. N\u00e3o tenho medo do Sintese, podem vir aqui e encher a arquibancada, fazer boneco gigante meu e tocar fogo, t\u00f4 nem a\u00ed. Meu PL n\u00e3o \u00e9 de censura. O que n\u00e3o pode \u00e9 existir milit\u00e2ncia partid\u00e1ria dentro de uma escola p\u00fablica. Se eu fizesse o mesmo, puxando bandeira para o meu lado? j\u00e1 estariam aqui me crucificando\u201d, argumentou. Responsabilidade com os alunos O parlamentar defendeu que as escolas devem ser ambientes neutros, especialmente por influenciarem crian\u00e7as e jovens. \u201cA crian\u00e7a \u00e9 um HD virgem. Ela armazena o que ouve. Se n\u00e3o houver contradit\u00f3rio, ela leva aquilo como aprendizado para a vida\u201d, disse. Ele acrescentou que visitas de parlamentares devem focar em temas educacionais, como qualidade do ensino e infraestrutura. Cobran\u00e7a ao governo O parlamentar afirmou ter cobrado do governador e do secret\u00e1rio de Educa\u00e7\u00e3o, medidas para evitar novos casos de uso pol\u00edtico de escolas. \u201cAquilo que aconteceu em Dores \u00e9 lament\u00e1vel. Quem abriu o espa\u00e7o deve ser ouvido e responsabilizado\u201d, declarou. O deputado encerrou reafirmando seu compromisso com a democracia, mas com disposi\u00e7\u00e3o para confrontar o que considera excessos: \u201cRespeito at\u00e9 onde me respeitarem. Se me desrespeitarem, desrespeito tamb\u00e9m. N\u00e3o tenho medo de milit\u00e2ncia\u201d. Aparte de Linda Brasil A deputada Linda Brasil repudiou a utiliza\u00e7\u00e3o distorcida de trechos de sua fala em uma atividade realizada na Escola de N. S. das Dores. A parlamentar explicou que sua fala foi alvo de recorte e divulga\u00e7\u00e3o mal-intencionada por parte de um vereador e de um deputado ligados \u00e0 base bolsonarista. \u201cO aludido evento aconteceu em 28 de mar\u00e7o de 2023, durante uma programa\u00e7\u00e3o voltada ao combate ao machismo, \u00e0 misoginia e \u00e0 viol\u00eancia contra as mulheres\u201d, explicou Linda. Segundo ela, o evento teve como tema \u201cOcupar e expandir conquistas e horizontes do protagonismo feminino no mundo contempor\u00e2neo\u201d e contou com a presen\u00e7a da colega deputada Kitty Lima, da prefeita de Dores e de uma vereadora local engajada na pauta feminista, e de outras lideran\u00e7as femininas. De acordo com a deputada, o v\u00eddeo divulgado foi editado de maneira a descontextualizar uma resposta sua a uma pergunta feita por uma estudante durante o evento. \u201cA pergunta era sobre como eu enfrento bolsonaristas. E eu disse que enfrento com pesquisa, porque sou pesquisadora de g\u00eanero, mestre e professora. Minha atua\u00e7\u00e3o nas escolas est\u00e1 ligada \u00e0 minha forma\u00e7\u00e3o e \u00e0 minha pesquisa sobre a import\u00e2ncia de discutir g\u00eanero e diversidade como forma de combater a viol\u00eancia contra mulheres e a popula\u00e7\u00e3o LGBTQIA+\u201d, disse. Ela rebateu ainda as acusa\u00e7\u00f5es de que utiliza termos como \u201cfascismo\u201d de forma leviana. \u201cO fascismo cl\u00e1ssico tem caracter\u00edsticas muito claras: culto ao l\u00edder, desprezo pelas liberdades individuais, persegui\u00e7\u00e3o a minorias. E isso se reflete em atitudes de l\u00edderes internacionais e nacionais ligados ao bolsonarismo, que enxergam popula\u00e7\u00f5es como a trans como inimigas da na\u00e7\u00e3o\u201d, afirmou, citando estudos hist\u00f3ricos e trechos de publica\u00e7\u00f5es educacionais. Sobre a frase que viralizou \u2013 \u201cmachistas, fascistas, n\u00e3o passar\u00e3o\u201d \u2013, Linda afirmou que se tratou de uma express\u00e3o de resist\u00eancia e de defesa. \u201cFoi uma resposta \u00e0 estudante. E eu disse: n\u00e3o passar\u00e3o porque h\u00e1 resist\u00eancia. N\u00e3o ir\u00e3o me silenciar. Voc\u00ea pode discordar, mas n\u00e3o pode usar recortes para alimentar persegui\u00e7\u00f5es.\u201d Luiz\u00e3o pediu a palavra \u201cQuando eu combato a Esquerda, eu j\u00e1 estou combatendo as mazelas da sociedade. E sobre a quest\u00e3o do v\u00eddeo, ele est\u00e1 na rede social da pr\u00f3pria deputada. Assistam l\u00e1 ela falando: \u201cEsses bolsonaristas fascistas, transf\u00f3bicos, homof\u00f3bicos\u2026\u201d Eu expus a hipocrisia, a\u00ed agora querer vir remendar com esse discurso bonitinho. \u00c9 s\u00f3 a milit\u00e2nciazinha de sempre. Mas essa \u00e9 a realidade e n\u00f3s vamos combater aqui a quantidade de vezes que for necess\u00e1ria e irei cobrar do governador e do secret\u00e1rio de Educa\u00e7\u00e3o que seja tomada a provid\u00eancia e que isso n\u00e3o aconte\u00e7a mais dentro de sala de aula. Pode ir na escola falar sobre v\u00e1rios assuntos, agora pol\u00edtico-partid\u00e1rio ideol\u00f3gico? N\u00e3o. Isso eu n\u00e3o aceito, eu tenho certeza que muitos aqui n\u00e3o aceitam esse tipo de \u00b4papagaiada\u00b4\u201d, treplicou, Luiz\u00e3o. Fonte: AleseAracaju, 22 de abril de 2025<\/p>\n","protected":false},"author":1,"featured_media":2511,"comment_status":"open","ping_status":"open","sticky":false,"template":"","format":"standard","meta":{"footnotes":""},"categories":[116],"tags":[70],"class_list":["post-2510","post","type-post","status-publish","format-standard","has-post-thumbnail","hentry","category-governo","tag-educacao"],"_links":{"self":[{"href":"https:\/\/resumosergipe.com.br\/index.php?rest_route=\/wp\/v2\/posts\/2510","targetHints":{"allow":["GET"]}}],"collection":[{"href":"https:\/\/resumosergipe.com.br\/index.php?rest_route=\/wp\/v2\/posts"}],"about":[{"href":"https:\/\/resumosergipe.com.br\/index.php?rest_route=\/wp\/v2\/types\/post"}],"author":[{"embeddable":true,"href":"https:\/\/resumosergipe.com.br\/index.php?rest_route=\/wp\/v2\/users\/1"}],"replies":[{"embeddable":true,"href":"https:\/\/resumosergipe.com.br\/index.php?rest_route=%2Fwp%2Fv2%2Fcomments&post=2510"}],"version-history":[{"count":1,"href":"https:\/\/resumosergipe.com.br\/index.php?rest_route=\/wp\/v2\/posts\/2510\/revisions"}],"predecessor-version":[{"id":2512,"href":"https:\/\/resumosergipe.com.br\/index.php?rest_route=\/wp\/v2\/posts\/2510\/revisions\/2512"}],"wp:featuredmedia":[{"embeddable":true,"href":"https:\/\/resumosergipe.com.br\/index.php?rest_route=\/wp\/v2\/media\/2511"}],"wp:attachment":[{"href":"https:\/\/resumosergipe.com.br\/index.php?rest_route=%2Fwp%2Fv2%2Fmedia&parent=2510"}],"wp:term":[{"taxonomy":"category","embeddable":true,"href":"https:\/\/resumosergipe.com.br\/index.php?rest_route=%2Fwp%2Fv2%2Fcategories&post=2510"},{"taxonomy":"post_tag","embeddable":true,"href":"https:\/\/resumosergipe.com.br\/index.php?rest_route=%2Fwp%2Fv2%2Ftags&post=2510"}],"curies":[{"name":"wp","href":"https:\/\/api.w.org\/{rel}","templated":true}]}}