{"id":2526,"date":"2025-05-05T21:35:13","date_gmt":"2025-05-06T00:35:13","guid":{"rendered":"https:\/\/resumosergipe.com.br\/?p=2526"},"modified":"2025-05-05T21:35:14","modified_gmt":"2025-05-06T00:35:14","slug":"jornalista-e-ator-e-agraciado-com-titulo-de-cidadania-sergipana","status":"publish","type":"post","link":"https:\/\/resumosergipe.com.br\/?p=2526","title":{"rendered":"Jornalista e ator \u00e9 agraciado com T\u00edtulo de Cidadania Sergipana"},"content":{"rendered":"\n<p>Os deputados e deputadas da Assembleia Legislativa do Estado de Sergipe (Alese) concederam, na manh\u00e3 desta segunda-feira (5), o T\u00edtulo de Cidadania Sergipana ao jornalista, ator e publicit\u00e1rio Pedro Henrique Carregosa. Natural de Jequi\u00e9, na Bahia, o comunicador, residente em Aracaju desde 1992, possui uma carreira diversificada e not\u00e1vel no cen\u00e1rio da comunica\u00e7\u00e3o e das artes em Sergipe al\u00e9m de muito amor pela terra que o acolheu desde o in\u00edcio da adolesc\u00eancia. A propositura foi de autoria do deputado Cristiano Cavalcante (Uni\u00e3o Brasil).<\/p>\n\n\n\n<p>\u201cEssa honraria \u00e9 mais que justa. Ela \u00e9 leg\u00edtima a esse grande profissional da comunica\u00e7\u00e3o e do teatro. Para n\u00f3s, \u00e9 uma alegria conceder este t\u00edtulo para este que faz muito pela comunica\u00e7\u00e3o e pelo nosso estado\u201d, enfatizou o deputado Cristiano Cavalcante.<\/p>\n\n\n\n<p>\u201c\u00c9 uma emo\u00e7\u00e3o muito grande receber essa homenagem. Desde crian\u00e7a que eu venho a Sergipe, porque meu av\u00f4 era de Paripiranga, que \u00e9 a divisa com Sergipe, muito pr\u00f3ximo a Sim\u00e3o Dias, minha av\u00f3 era de Itabaiana, ent\u00e3o a gente tinha parentes aqui\u201d, explicou o homenageado, Pedro Carregosa.<\/p>\n\n\n\n<p>\u201cDe crian\u00e7a t\u00edmida a uma carreira consolidada na Comunica\u00e7\u00e3o, Pedro Carregosa demonstra talento pelas diversas vertentes da vida profissional. \u201cAo longo do tempo, ele foi desenvolvendo essa habilidade. Apesar de muito t\u00edmido, ele sempre teve muita facilidade com as palavras e de express\u00e3o\u201d, ressaltou a m\u00e3e do homenageado, Maria Izabel Carregosa.<\/p>\n\n\n\n<p>Apaixonado por genealogia, Pedro integra o grupo \u201cFam\u00edlias Sergipanas\u201d, onde realiza pesquisas sobre as origens e conex\u00f5es familiares na regi\u00e3o. Sua liga\u00e7\u00e3o com Sergipe \u00e9 profunda, o que contribui para sua forte conex\u00e3o com o estado e uma extensa rede de parentesco. \u201cPara mim, \u00e9 um motivo de orgulho ver o meu pai ser homenageado com esta honraria\u201d, declarou o filho Jonas Carregosa.<\/p>\n\n\n\n<p>Curr\u00edculo Profissional<\/p>\n\n\n\n<p>Com 24 anos em atua\u00e7\u00e3o no jornalismo e publicidade, Carregosa \u00e9 atualmente produtor de rede na TV Sergipe, afiliada da Rede Globo, onde \u00e9 respons\u00e1vel pela produ\u00e7\u00e3o de mat\u00e9rias que s\u00e3o veiculadas nacionalmente. Al\u00e9m disso, ele ocupa o cargo de coordenador de comunica\u00e7\u00e3o da Secretaria de Estado da Assist\u00eancia Social, Inclus\u00e3o e Cidadania (SEASIC), fun\u00e7\u00e3o que reflete sua experi\u00eancia e compromisso com a comunica\u00e7\u00e3o p\u00fablica. Ao longo de sua trajet\u00f3ria profissional, Pedro acumulou experi\u00eancias em diversos ve\u00edculos de comunica\u00e7\u00e3o, incluindo emissoras de r\u00e1dio, e desempenhou fun\u00e7\u00f5es como assessor parlamentar.<\/p>\n\n\n\n<p>\u201cTrabalhei nos mais variados setores do jornalismo: r\u00e1dio, assessoria parlamentar, Comunica\u00e7\u00e3o P\u00fablica. Mas, a televis\u00e3o sempre foi a minha paix\u00e3o. Eu vivia assistindo TV e novela. Na verdade, eu queria ser ator, n\u00e9? Na casa do meu tio tinha um espelho, que era a penteadeira da minha av\u00f3, aquela penteadeira antiga. Eu fazia meus programas ali, na frente do espelho, e minha irm\u00e3 tinha um gravador, faz\u00edamos um monte de programas de r\u00e1dio. Ent\u00e3o assim, nossas brincadeiras eram com comunica\u00e7\u00e3o.&nbsp; Um&nbsp; sonho que eu persegui at\u00e9 conseguir chegar\u201d, falou emocionado o jornalista.<\/p>\n\n\n\n<p>Artes C\u00eanicas<\/p>\n\n\n\n<p>Sua atua\u00e7\u00e3o no campo art\u00edstico \u00e9 igualmente significativa, destacando-se como ator e diretor de produ\u00e7\u00e3o na Cia das Artes Tet\u00ea Nahas. \u201cEu me formei na primeira turma de Teatro da Universidade Federal de Sergipe.&nbsp; Uma alegria formar e tamb\u00e9m atuar em uma das minhas grandes paix\u00f5es\u201d, falou.<\/p>\n\n\n\n<p>Al\u00e9m de ator formado, Pedro Carregosa \u00e9 professor de teatro. Ele tamb\u00e9m \u00e9 conhecido por seu trabalho como contador de hist\u00f3rias no projeto \u201cSergipanices\u201d, que valoriza a cultura e as tradi\u00e7\u00f5es sergipanas.<\/p>\n\n\n\n<p>Sess\u00e3o Especial<\/p>\n\n\n\n<p>Tamb\u00e9m participaram da Sess\u00e3o Especial o jornalista e representante do Sindicato da Categoria, Guilherme Fraga, a diretora da TV Sergipe, Rosa Vasconcelos, al\u00e9m de amigos e familiares de Pedro Carregosa.<\/p>\n\n\n\n<p>Fonte: Alese<br>Aracaju, 05 de maio de 2025<\/p>\n","protected":false},"excerpt":{"rendered":"<p>Os deputados e deputadas da Assembleia Legislativa do Estado de Sergipe (Alese) concederam, na manh\u00e3 desta segunda-feira (5), o T\u00edtulo de Cidadania Sergipana ao jornalista, ator e publicit\u00e1rio Pedro Henrique Carregosa. Natural de Jequi\u00e9, na Bahia, o comunicador, residente em Aracaju desde 1992, possui uma carreira diversificada e not\u00e1vel no cen\u00e1rio da comunica\u00e7\u00e3o e das artes em Sergipe al\u00e9m de muito amor pela terra que o acolheu desde o in\u00edcio da adolesc\u00eancia. A propositura foi de autoria do deputado Cristiano Cavalcante (Uni\u00e3o Brasil). \u201cEssa honraria \u00e9 mais que justa. Ela \u00e9 leg\u00edtima a esse grande profissional da comunica\u00e7\u00e3o e do teatro. Para n\u00f3s, \u00e9 uma alegria conceder este t\u00edtulo para este que faz muito pela comunica\u00e7\u00e3o e pelo nosso estado\u201d, enfatizou o deputado Cristiano Cavalcante. \u201c\u00c9 uma emo\u00e7\u00e3o muito grande receber essa homenagem. Desde crian\u00e7a que eu venho a Sergipe, porque meu av\u00f4 era de Paripiranga, que \u00e9 a divisa com Sergipe, muito pr\u00f3ximo a Sim\u00e3o Dias, minha av\u00f3 era de Itabaiana, ent\u00e3o a gente tinha parentes aqui\u201d, explicou o homenageado, Pedro Carregosa. \u201cDe crian\u00e7a t\u00edmida a uma carreira consolidada na Comunica\u00e7\u00e3o, Pedro Carregosa demonstra talento pelas diversas vertentes da vida profissional. \u201cAo longo do tempo, ele foi desenvolvendo essa habilidade. Apesar de muito t\u00edmido, ele sempre teve muita facilidade com as palavras e de express\u00e3o\u201d, ressaltou a m\u00e3e do homenageado, Maria Izabel Carregosa. Apaixonado por genealogia, Pedro integra o grupo \u201cFam\u00edlias Sergipanas\u201d, onde realiza pesquisas sobre as origens e conex\u00f5es familiares na regi\u00e3o. Sua liga\u00e7\u00e3o com Sergipe \u00e9 profunda, o que contribui para sua forte conex\u00e3o com o estado e uma extensa rede de parentesco. \u201cPara mim, \u00e9 um motivo de orgulho ver o meu pai ser homenageado com esta honraria\u201d, declarou o filho Jonas Carregosa. Curr\u00edculo Profissional Com 24 anos em atua\u00e7\u00e3o no jornalismo e publicidade, Carregosa \u00e9 atualmente produtor de rede na TV Sergipe, afiliada da Rede Globo, onde \u00e9 respons\u00e1vel pela produ\u00e7\u00e3o de mat\u00e9rias que s\u00e3o veiculadas nacionalmente. Al\u00e9m disso, ele ocupa o cargo de coordenador de comunica\u00e7\u00e3o da Secretaria de Estado da Assist\u00eancia Social, Inclus\u00e3o e Cidadania (SEASIC), fun\u00e7\u00e3o que reflete sua experi\u00eancia e compromisso com a comunica\u00e7\u00e3o p\u00fablica. Ao longo de sua trajet\u00f3ria profissional, Pedro acumulou experi\u00eancias em diversos ve\u00edculos de comunica\u00e7\u00e3o, incluindo emissoras de r\u00e1dio, e desempenhou fun\u00e7\u00f5es como assessor parlamentar. \u201cTrabalhei nos mais variados setores do jornalismo: r\u00e1dio, assessoria parlamentar, Comunica\u00e7\u00e3o P\u00fablica. Mas, a televis\u00e3o sempre foi a minha paix\u00e3o. Eu vivia assistindo TV e novela. Na verdade, eu queria ser ator, n\u00e9? Na casa do meu tio tinha um espelho, que era a penteadeira da minha av\u00f3, aquela penteadeira antiga. Eu fazia meus programas ali, na frente do espelho, e minha irm\u00e3 tinha um gravador, faz\u00edamos um monte de programas de r\u00e1dio. Ent\u00e3o assim, nossas brincadeiras eram com comunica\u00e7\u00e3o.&nbsp; Um&nbsp; sonho que eu persegui at\u00e9 conseguir chegar\u201d, falou emocionado o jornalista. Artes C\u00eanicas Sua atua\u00e7\u00e3o no campo art\u00edstico \u00e9 igualmente significativa, destacando-se como ator e diretor de produ\u00e7\u00e3o na Cia das Artes Tet\u00ea Nahas. \u201cEu me formei na primeira turma de Teatro da Universidade Federal de Sergipe.&nbsp; Uma alegria formar e tamb\u00e9m atuar em uma das minhas grandes paix\u00f5es\u201d, falou. Al\u00e9m de ator formado, Pedro Carregosa \u00e9 professor de teatro. Ele tamb\u00e9m \u00e9 conhecido por seu trabalho como contador de hist\u00f3rias no projeto \u201cSergipanices\u201d, que valoriza a cultura e as tradi\u00e7\u00f5es sergipanas. Sess\u00e3o Especial Tamb\u00e9m participaram da Sess\u00e3o Especial o jornalista e representante do Sindicato da Categoria, Guilherme Fraga, a diretora da TV Sergipe, Rosa Vasconcelos, al\u00e9m de amigos e familiares de Pedro Carregosa. Fonte: AleseAracaju, 05 de maio de 2025<\/p>\n","protected":false},"author":1,"featured_media":2528,"comment_status":"open","ping_status":"open","sticky":false,"template":"","format":"standard","meta":{"footnotes":""},"categories":[32],"tags":[38],"class_list":["post-2526","post","type-post","status-publish","format-standard","has-post-thumbnail","hentry","category-sergipe","tag-alese"],"_links":{"self":[{"href":"https:\/\/resumosergipe.com.br\/index.php?rest_route=\/wp\/v2\/posts\/2526","targetHints":{"allow":["GET"]}}],"collection":[{"href":"https:\/\/resumosergipe.com.br\/index.php?rest_route=\/wp\/v2\/posts"}],"about":[{"href":"https:\/\/resumosergipe.com.br\/index.php?rest_route=\/wp\/v2\/types\/post"}],"author":[{"embeddable":true,"href":"https:\/\/resumosergipe.com.br\/index.php?rest_route=\/wp\/v2\/users\/1"}],"replies":[{"embeddable":true,"href":"https:\/\/resumosergipe.com.br\/index.php?rest_route=%2Fwp%2Fv2%2Fcomments&post=2526"}],"version-history":[{"count":1,"href":"https:\/\/resumosergipe.com.br\/index.php?rest_route=\/wp\/v2\/posts\/2526\/revisions"}],"predecessor-version":[{"id":2527,"href":"https:\/\/resumosergipe.com.br\/index.php?rest_route=\/wp\/v2\/posts\/2526\/revisions\/2527"}],"wp:featuredmedia":[{"embeddable":true,"href":"https:\/\/resumosergipe.com.br\/index.php?rest_route=\/wp\/v2\/media\/2528"}],"wp:attachment":[{"href":"https:\/\/resumosergipe.com.br\/index.php?rest_route=%2Fwp%2Fv2%2Fmedia&parent=2526"}],"wp:term":[{"taxonomy":"category","embeddable":true,"href":"https:\/\/resumosergipe.com.br\/index.php?rest_route=%2Fwp%2Fv2%2Fcategories&post=2526"},{"taxonomy":"post_tag","embeddable":true,"href":"https:\/\/resumosergipe.com.br\/index.php?rest_route=%2Fwp%2Fv2%2Ftags&post=2526"}],"curies":[{"name":"wp","href":"https:\/\/api.w.org\/{rel}","templated":true}]}}