{"id":2575,"date":"2025-05-27T15:50:57","date_gmt":"2025-05-27T18:50:57","guid":{"rendered":"https:\/\/resumosergipe.com.br\/?p=2575"},"modified":"2025-05-27T15:50:57","modified_gmt":"2025-05-27T18:50:57","slug":"praca-fausto-cardoso-recebe-abertura-do-forro-caju-2025-nesta-sexta-feira-30-confira-programacao","status":"publish","type":"post","link":"https:\/\/resumosergipe.com.br\/?p=2575","title":{"rendered":"Pra\u00e7a Fausto Cardoso recebe abertura do Forr\u00f3 Caju 2025 nesta sexta-feira, 30; confira programa\u00e7\u00e3o"},"content":{"rendered":"\n<p>Na pr\u00f3xima sexta-feira, 30 de maio, o forr\u00f3 vai invadir a Pra\u00e7a Fausto Cardoso, na abertura da programa\u00e7\u00e3o do Forr\u00f3 Caju 2025. O evento contar\u00e1 com quase 30 dias de festa e mais de 60% das atra\u00e7\u00f5es formadas por artistas locais.<\/p>\n\n\n\n<p>Com um formato descentralizado, a edi\u00e7\u00e3o demonstra o compromisso da gest\u00e3o da prefeita Em\u00edlia Corr\u00eaa de levar os festejos para perto das comunidades, movimentar o com\u00e9rcio e impulsionar a economia de diversos bairros, consolidando a capital sergipana como o cen\u00e1rio do melhor S\u00e3o Jo\u00e3o do mundo.<\/p>\n\n\n\n<p>Na Pra\u00e7a Fausto Cardoso, localizada no ber\u00e7o hist\u00f3rico e cultural da cidade, na regi\u00e3o central, as atra\u00e7\u00f5es subir\u00e3o no Palco Rog\u00e9rio entre os dias 30 de maio e 1\u00ba de junho, para compor a programa\u00e7\u00e3o do Circuito Cultura Nordestina. O palco faz homenagem ao m\u00fasico-poeta de Est\u00e2ncia que eternizou a can\u00e7\u00e3o \u2018Sergipe \u00e9 o pa\u00eds do forr\u00f3\u2019.<\/p>\n\n\n\n<p>Ainda neste circuito, a festa acontece no conjunto Augusto Franco nos dias 4 e 5 de junho. J\u00e1 no bairro Bugio, as atra\u00e7\u00f5es se apresentam de 6 a 8 de junho.<br><br>A programa\u00e7\u00e3o principal acontece entre 18 e 29 de junho, na tradicional Pra\u00e7a Hilton Lopes, entre os mercados centrais.<\/p>\n\n\n\n<p><strong>Programa\u00e7\u00e3o da Pra\u00e7a Fausto Cardoso<\/strong><\/p>\n\n\n\n<p><strong>30\/05 &#8211; Palco Rog\u00e9rio<\/strong><\/p>\n\n\n\n<p>Sena<br>Falamansa<br>Xote Bai\u00e3o<br>Irah Caldeira<br>Banda Forr\u00f3 Valente<\/p>\n\n\n\n<p><strong>31\/05 &#8211; Palco Rog\u00e9rio<\/strong><\/p>\n\n\n\n<p>Luiz Paulo<br>Walter Nogueira<br>Nando Cordel<br>Ful\u00f4 de Mandacaru<br>Douglas Gavi\u00e3o<\/p>\n\n\n\n<p><strong>01\/06 &#8211; Palco Rog\u00e9rio<\/strong><\/p>\n\n\n\n<p>S\u00e9rgio Lucas<br>Assis\u00e3o<br>Adelm\u00e1rio Coelho<br>Alcymar Monteiro<br>Jo\u00e9sia Ramos<\/p>\n\n\n\n<p><strong>Edi\u00e7\u00e3o descentralizada<\/strong><\/p>\n\n\n\n<p>A festa se espalha ainda mais com o Circuito de Bairros. Aos finais de semana, entre 14 e 29 de junho, os bairros 17 de Mar\u00e7o, Am\u00e9rica e Lamar\u00e3o tamb\u00e9m entram no ritmo junino, com apresenta\u00e7\u00f5es que integram a agenda oficial da capital.<\/p>\n\n\n\n<p>Este ano, o evento tamb\u00e9m traz o Circuito Cidade Junina, fruto da parceria entre a Prefeitura de Aracaju, o Sistema Fecom\u00e9rcio\/Sesc e o Minist\u00e9rio do Turismo. De 9 a 29 de junho, o circuito contar\u00e1 com shows de bandas locais, concurso de quadrilhas, comidas t\u00edpicas e uma cidade cenogr\u00e1fica criada especialmente para o evento.<\/p>\n\n\n\n<p>Para completar, a celebra\u00e7\u00e3o tamb\u00e9m incluir\u00e1 o F\u00f3rum do Forr\u00f3 2025, um espa\u00e7o dedicado ao debate sobre a m\u00fasica nordestina e cultura, reunindo artistas, pesquisadores e entusiastas para valorizar e fortalecer esse patrim\u00f4nio cultural.<\/p>\n\n\n\n<p><a href=\"https:\/\/www.aracaju.se.gov.br\/noticias\/110123\/prefeita_emilia_correa_anuncia_programacao_do_forro_caju_2025.html\">Confira aqui a programa\u00e7\u00e3o completa do Forr\u00f3 Caju 2025<\/a><\/p>\n\n\n\n<p><em>Fonte: Prefeitura de Aracaju<br>Aracaju, 27 de maio de 2025<\/em><\/p>\n","protected":false},"excerpt":{"rendered":"<p>Na pr\u00f3xima sexta-feira, 30 de maio, o forr\u00f3 vai invadir a Pra\u00e7a Fausto Cardoso, na abertura da programa\u00e7\u00e3o do Forr\u00f3 Caju 2025. O evento contar\u00e1 com quase 30 dias de festa e mais de 60% das atra\u00e7\u00f5es formadas por artistas locais. Com um formato descentralizado, a edi\u00e7\u00e3o demonstra o compromisso da gest\u00e3o da prefeita Em\u00edlia Corr\u00eaa de levar os festejos para perto das comunidades, movimentar o com\u00e9rcio e impulsionar a economia de diversos bairros, consolidando a capital sergipana como o cen\u00e1rio do melhor S\u00e3o Jo\u00e3o do mundo. Na Pra\u00e7a Fausto Cardoso, localizada no ber\u00e7o hist\u00f3rico e cultural da cidade, na regi\u00e3o central, as atra\u00e7\u00f5es subir\u00e3o no Palco Rog\u00e9rio entre os dias 30 de maio e 1\u00ba de junho, para compor a programa\u00e7\u00e3o do Circuito Cultura Nordestina. O palco faz homenagem ao m\u00fasico-poeta de Est\u00e2ncia que eternizou a can\u00e7\u00e3o \u2018Sergipe \u00e9 o pa\u00eds do forr\u00f3\u2019. Ainda neste circuito, a festa acontece no conjunto Augusto Franco nos dias 4 e 5 de junho. J\u00e1 no bairro Bugio, as atra\u00e7\u00f5es se apresentam de 6 a 8 de junho. A programa\u00e7\u00e3o principal acontece entre 18 e 29 de junho, na tradicional Pra\u00e7a Hilton Lopes, entre os mercados centrais. Programa\u00e7\u00e3o da Pra\u00e7a Fausto Cardoso 30\/05 &#8211; Palco Rog\u00e9rio SenaFalamansaXote Bai\u00e3oIrah CaldeiraBanda Forr\u00f3 Valente 31\/05 &#8211; Palco Rog\u00e9rio Luiz PauloWalter NogueiraNando CordelFul\u00f4 de MandacaruDouglas Gavi\u00e3o 01\/06 &#8211; Palco Rog\u00e9rio S\u00e9rgio LucasAssis\u00e3oAdelm\u00e1rio CoelhoAlcymar MonteiroJo\u00e9sia Ramos Edi\u00e7\u00e3o descentralizada A festa se espalha ainda mais com o Circuito de Bairros. Aos finais de semana, entre 14 e 29 de junho, os bairros 17 de Mar\u00e7o, Am\u00e9rica e Lamar\u00e3o tamb\u00e9m entram no ritmo junino, com apresenta\u00e7\u00f5es que integram a agenda oficial da capital. Este ano, o evento tamb\u00e9m traz o Circuito Cidade Junina, fruto da parceria entre a Prefeitura de Aracaju, o Sistema Fecom\u00e9rcio\/Sesc e o Minist\u00e9rio do Turismo. De 9 a 29 de junho, o circuito contar\u00e1 com shows de bandas locais, concurso de quadrilhas, comidas t\u00edpicas e uma cidade cenogr\u00e1fica criada especialmente para o evento. Para completar, a celebra\u00e7\u00e3o tamb\u00e9m incluir\u00e1 o F\u00f3rum do Forr\u00f3 2025, um espa\u00e7o dedicado ao debate sobre a m\u00fasica nordestina e cultura, reunindo artistas, pesquisadores e entusiastas para valorizar e fortalecer esse patrim\u00f4nio cultural. Confira aqui a programa\u00e7\u00e3o completa do Forr\u00f3 Caju 2025 Fonte: Prefeitura de AracajuAracaju, 27 de maio de 2025<\/p>\n","protected":false},"author":1,"featured_media":2577,"comment_status":"open","ping_status":"open","sticky":false,"template":"","format":"standard","meta":{"footnotes":""},"categories":[61],"tags":[131],"class_list":["post-2575","post","type-post","status-publish","format-standard","has-post-thumbnail","hentry","category-aracaju","tag-festejos-juninos"],"_links":{"self":[{"href":"https:\/\/resumosergipe.com.br\/index.php?rest_route=\/wp\/v2\/posts\/2575","targetHints":{"allow":["GET"]}}],"collection":[{"href":"https:\/\/resumosergipe.com.br\/index.php?rest_route=\/wp\/v2\/posts"}],"about":[{"href":"https:\/\/resumosergipe.com.br\/index.php?rest_route=\/wp\/v2\/types\/post"}],"author":[{"embeddable":true,"href":"https:\/\/resumosergipe.com.br\/index.php?rest_route=\/wp\/v2\/users\/1"}],"replies":[{"embeddable":true,"href":"https:\/\/resumosergipe.com.br\/index.php?rest_route=%2Fwp%2Fv2%2Fcomments&post=2575"}],"version-history":[{"count":1,"href":"https:\/\/resumosergipe.com.br\/index.php?rest_route=\/wp\/v2\/posts\/2575\/revisions"}],"predecessor-version":[{"id":2576,"href":"https:\/\/resumosergipe.com.br\/index.php?rest_route=\/wp\/v2\/posts\/2575\/revisions\/2576"}],"wp:featuredmedia":[{"embeddable":true,"href":"https:\/\/resumosergipe.com.br\/index.php?rest_route=\/wp\/v2\/media\/2577"}],"wp:attachment":[{"href":"https:\/\/resumosergipe.com.br\/index.php?rest_route=%2Fwp%2Fv2%2Fmedia&parent=2575"}],"wp:term":[{"taxonomy":"category","embeddable":true,"href":"https:\/\/resumosergipe.com.br\/index.php?rest_route=%2Fwp%2Fv2%2Fcategories&post=2575"},{"taxonomy":"post_tag","embeddable":true,"href":"https:\/\/resumosergipe.com.br\/index.php?rest_route=%2Fwp%2Fv2%2Ftags&post=2575"}],"curies":[{"name":"wp","href":"https:\/\/api.w.org\/{rel}","templated":true}]}}