{"id":2593,"date":"2025-06-03T15:34:09","date_gmt":"2025-06-03T18:34:09","guid":{"rendered":"https:\/\/resumosergipe.com.br\/?p=2593"},"modified":"2025-06-03T15:34:10","modified_gmt":"2025-06-03T18:34:10","slug":"forro-caju-confira-o-que-muda-no-transito-do-augusto-franco-quarta-e-quinta-feira-4-e-5","status":"publish","type":"post","link":"https:\/\/resumosergipe.com.br\/?p=2593","title":{"rendered":"Forr\u00f3 Caju: confira o que muda no tr\u00e2nsito do Augusto Franco quarta e quinta-feira, 4 e 5"},"content":{"rendered":"\n<p>A tradicional programa\u00e7\u00e3o do Forr\u00f3 Caju chega nos dias 4 e 5 de junho ao conjunto Augusto Franco, na pra\u00e7a Acr\u00edsio Garcez. O evento promete movimentar a comunidade local e visitantes para curtir o forr\u00f3 descentralizado, edi\u00e7\u00e3o proposta pela Prefeitura de Aracaju.&nbsp;<\/p>\n\n\n\n<p>Para garantir a seguran\u00e7a dos participantes e o bom fluxo da festa, a Superintend\u00eancia Municipal de Transportes e Tr\u00e2nsito (SMTT) de Aracaju informa algumas mudan\u00e7as tempor\u00e1rias no tr\u00e2nsito que ser\u00e3o implementadas na regi\u00e3o.&nbsp;<\/p>\n\n\n\n<p>Haver\u00e1 um desvio em frente ao Col\u00e9gio Ofen\u00edsia Freire, que direcionar\u00e1 os ve\u00edculos para a Avenida Tarc\u00edsio Daniel dos Santos, com o objetivo de evitar aglomera\u00e7\u00f5es e facilitar o acesso dos moradores e visitantes ao local do evento.<\/p>\n\n\n\n<p>Al\u00e9m disso, ser\u00e3o realizados bloqueios na Avenida Josino Jos\u00e9 de Almeida, nos cruzamentos com as ruas Ant\u00f4nio Leite Guimar\u00e3es e Tenente Waldir dos Santos, restringindo o tr\u00e1fego nestes pontos para garantir a seguran\u00e7a de pedestres e o bom andamento das atividades.<\/p>\n\n\n\n<p>O coordenador de tr\u00e2nsito da SMTT, Walter Faro, recomenda aos motoristas que evitem passar pela regi\u00e3o durante os hor\u00e1rios da festa para minimizar poss\u00edveis congestionamentos.&nbsp;<\/p>\n\n\n\n<p>\u201cOpte para estar na regi\u00e3o da festa quem for para o Forr\u00f3 Caju. Tamb\u00e9m \u00e9 orientado aos moradores que se programem para as altera\u00e7\u00f5es no tr\u00e2nsito e garantam o acesso a suas resid\u00eancias com anteced\u00eancia\u201d, orienta.<\/p>\n\n\n\n<p>Para a popula\u00e7\u00e3o que ir\u00e1 utilizar t\u00e1xis, a SMTT disponibilizar\u00e1 um ponto de T\u00e1xi em uma das entradas do Forr\u00f3 Caju, localizado na rua Antonio Leite Guimar\u00e3es (antiga rua A2), na lateral da pizzaria Kalil\u00e2ndia.<\/p>\n\n\n\n<p>A realiza\u00e7\u00e3o do Forr\u00f3 Caju no conjunto Augusto Franco faz parte da programa\u00e7\u00e3o oficial do evento, que busca levar a cultura e tradi\u00e7\u00e3o das festas juninas para diferentes regi\u00f5es da cidade, promovendo inclus\u00e3o e valoriza\u00e7\u00e3o das comunidades locais.<\/p>\n\n\n\n<p><em>Fonte: Prefeitura de Aracaju<br>Aracaju, 3 de junho de 2025<\/em><\/p>\n","protected":false},"excerpt":{"rendered":"<p>A tradicional programa\u00e7\u00e3o do Forr\u00f3 Caju chega nos dias 4 e 5 de junho ao conjunto Augusto Franco, na pra\u00e7a Acr\u00edsio Garcez. O evento promete movimentar a comunidade local e visitantes para curtir o forr\u00f3 descentralizado, edi\u00e7\u00e3o proposta pela Prefeitura de Aracaju.&nbsp; Para garantir a seguran\u00e7a dos participantes e o bom fluxo da festa, a Superintend\u00eancia Municipal de Transportes e Tr\u00e2nsito (SMTT) de Aracaju informa algumas mudan\u00e7as tempor\u00e1rias no tr\u00e2nsito que ser\u00e3o implementadas na regi\u00e3o.&nbsp; Haver\u00e1 um desvio em frente ao Col\u00e9gio Ofen\u00edsia Freire, que direcionar\u00e1 os ve\u00edculos para a Avenida Tarc\u00edsio Daniel dos Santos, com o objetivo de evitar aglomera\u00e7\u00f5es e facilitar o acesso dos moradores e visitantes ao local do evento. Al\u00e9m disso, ser\u00e3o realizados bloqueios na Avenida Josino Jos\u00e9 de Almeida, nos cruzamentos com as ruas Ant\u00f4nio Leite Guimar\u00e3es e Tenente Waldir dos Santos, restringindo o tr\u00e1fego nestes pontos para garantir a seguran\u00e7a de pedestres e o bom andamento das atividades. O coordenador de tr\u00e2nsito da SMTT, Walter Faro, recomenda aos motoristas que evitem passar pela regi\u00e3o durante os hor\u00e1rios da festa para minimizar poss\u00edveis congestionamentos.&nbsp; \u201cOpte para estar na regi\u00e3o da festa quem for para o Forr\u00f3 Caju. Tamb\u00e9m \u00e9 orientado aos moradores que se programem para as altera\u00e7\u00f5es no tr\u00e2nsito e garantam o acesso a suas resid\u00eancias com anteced\u00eancia\u201d, orienta. Para a popula\u00e7\u00e3o que ir\u00e1 utilizar t\u00e1xis, a SMTT disponibilizar\u00e1 um ponto de T\u00e1xi em uma das entradas do Forr\u00f3 Caju, localizado na rua Antonio Leite Guimar\u00e3es (antiga rua A2), na lateral da pizzaria Kalil\u00e2ndia. A realiza\u00e7\u00e3o do Forr\u00f3 Caju no conjunto Augusto Franco faz parte da programa\u00e7\u00e3o oficial do evento, que busca levar a cultura e tradi\u00e7\u00e3o das festas juninas para diferentes regi\u00f5es da cidade, promovendo inclus\u00e3o e valoriza\u00e7\u00e3o das comunidades locais. Fonte: Prefeitura de AracajuAracaju, 3 de junho de 2025<\/p>\n","protected":false},"author":1,"featured_media":2595,"comment_status":"open","ping_status":"open","sticky":false,"template":"","format":"standard","meta":{"footnotes":""},"categories":[61],"tags":[56],"class_list":["post-2593","post","type-post","status-publish","format-standard","has-post-thumbnail","hentry","category-aracaju","tag-transito"],"_links":{"self":[{"href":"https:\/\/resumosergipe.com.br\/index.php?rest_route=\/wp\/v2\/posts\/2593","targetHints":{"allow":["GET"]}}],"collection":[{"href":"https:\/\/resumosergipe.com.br\/index.php?rest_route=\/wp\/v2\/posts"}],"about":[{"href":"https:\/\/resumosergipe.com.br\/index.php?rest_route=\/wp\/v2\/types\/post"}],"author":[{"embeddable":true,"href":"https:\/\/resumosergipe.com.br\/index.php?rest_route=\/wp\/v2\/users\/1"}],"replies":[{"embeddable":true,"href":"https:\/\/resumosergipe.com.br\/index.php?rest_route=%2Fwp%2Fv2%2Fcomments&post=2593"}],"version-history":[{"count":1,"href":"https:\/\/resumosergipe.com.br\/index.php?rest_route=\/wp\/v2\/posts\/2593\/revisions"}],"predecessor-version":[{"id":2594,"href":"https:\/\/resumosergipe.com.br\/index.php?rest_route=\/wp\/v2\/posts\/2593\/revisions\/2594"}],"wp:featuredmedia":[{"embeddable":true,"href":"https:\/\/resumosergipe.com.br\/index.php?rest_route=\/wp\/v2\/media\/2595"}],"wp:attachment":[{"href":"https:\/\/resumosergipe.com.br\/index.php?rest_route=%2Fwp%2Fv2%2Fmedia&parent=2593"}],"wp:term":[{"taxonomy":"category","embeddable":true,"href":"https:\/\/resumosergipe.com.br\/index.php?rest_route=%2Fwp%2Fv2%2Fcategories&post=2593"},{"taxonomy":"post_tag","embeddable":true,"href":"https:\/\/resumosergipe.com.br\/index.php?rest_route=%2Fwp%2Fv2%2Ftags&post=2593"}],"curies":[{"name":"wp","href":"https:\/\/api.w.org\/{rel}","templated":true}]}}