{"id":2609,"date":"2025-06-10T16:12:34","date_gmt":"2025-06-10T19:12:34","guid":{"rendered":"https:\/\/resumosergipe.com.br\/?p=2609"},"modified":"2025-06-10T16:12:34","modified_gmt":"2025-06-10T19:12:34","slug":"georgeo-passos-fala-sobre-manifestacao-de-servidores-da-fhs","status":"publish","type":"post","link":"https:\/\/resumosergipe.com.br\/?p=2609","title":{"rendered":"Georgeo Passos fala sobre manifesta\u00e7\u00e3o de servidores da FHS"},"content":{"rendered":"\n<p>O deputado Georgeo Passos (Cidadania) usou a Tribuna da Assembleia Legislativa do Estado de Sergipe (Alese) para falar sobre a manifesta\u00e7\u00e3o e&nbsp; poss\u00edvel desligamento dos profissionais que atuam na Funda\u00e7\u00e3o Hospitalar de Sa\u00fade (FHS) institui\u00e7\u00e3o ligada a Secretaria de Estado da Sa\u00fade (SES). Na segunda-feira (9) os servidores fizeram mobiliza\u00e7\u00e3o em frente ao Hospital de Urg\u00eancias de Sergipe (Huse), hoje, acompanharam a sess\u00e3o plen\u00e1ria do Poder Legislativo.<\/p>\n\n\n\n<p>Na oportunidade, o parlamentar pediu sensibilidade a Procuradoria Geral do Estado (PGE) sobre a quest\u00e3o dos servidores e leu na Tribuna um e-mail enviado pelo Governo do Estado ao servidores da sa\u00fade estadual.<\/p>\n\n\n\n<p>\u201cOs trabalhadores est\u00e3o reivindicando exatamente o cumprimento do acordo que foi feito perante a justi\u00e7a. M\u00eas passado, saiu esse e-mail disparado para todos os trabalhadores, e paralelamente a isso, no Di\u00e1rio Oficial, informou a convoca\u00e7\u00e3o de um Processo Seletivo Simplificado que est\u00e1 em vigor. Pelo acordo, n\u00e3o se poderia ter mais contrata\u00e7\u00e3o por processo seletivo. Esses profissionais atuam desde 2014 nas unidades de sa\u00fade. Pessoas essas que na pandemia arriscaram a vida para salvar diversos sergipanos, sendo que alguns deles morreram enquanto realizaram os seus trabalhos\u201d, declarou Georgeo Passos.<\/p>\n\n\n\n<p>Georgeo disse ainda que, a partir do dia 1\u00ba de julho servidores da FHS perder\u00e3o os seus empregos. \u201cO processo de terceiriza\u00e7\u00e3o da sa\u00fade j\u00e1 saiu. Um edital para a unidade de sa\u00fade de Boquim, j\u00e1 est\u00e1 aberto, existe hoje um cronograma para a unidade de sa\u00fade estadual do munic\u00edpio de Ne\u00f3polis. O secret\u00e1rio de Sa\u00fade disse que a ideia \u00e9 tamb\u00e9m que os regionais sejam administrados por Organiza\u00e7\u00f5es Sociais. E a\u00ed, em virtude disso, que essas pessoas tamb\u00e9m est\u00e3o sendo demitidas. N\u00e3o \u00e9 apenas por causa de um acordo que foi feito na justi\u00e7a, que esse acordo prev\u00ea, inclusive, como eu disse, a repactua\u00e7\u00e3o de prazo para que seja poss\u00edvel. N\u00e3o d\u00e1 para cumprir a metade\u201d, enfatizou.<\/p>\n\n\n\n<p>De acordo com o deputado, a d\u00edvida com precat\u00f3rios que a Funda\u00e7\u00e3o do Estado de Sa\u00fade tem hoje, \u00e9 mais de R$ 81 milh\u00f5es. \u201cO ideal \u00e9 n\u00e3o desligamento dos servidores. Mas, caso haja que seja feito com muita transpar\u00eancia\u201d,<\/p>\n\n\n\n<p>Em mar\u00e7o deste ano, a SES abriu concurso p\u00fablico ofertando&nbsp; 878 vagas distribu\u00eddas em 15 cargos. Em aparte, a deputada Linda Brasil (PSOL) falou que o concurso p\u00fablico da SES n\u00e3o supre a alta demanda da assist\u00eancia em sa\u00fade em Sergipe.<\/p>\n\n\n\n<p>\u201cEsses trabalhadores e trabalhadoras denunciaram que mais de mil pessoas est\u00e3o sendo demitidas. Muitos deles dedicam-se ao cuidado da popula\u00e7\u00e3o sergipana h\u00e1 mais de 15 anos. De acordo com os sindicatos, o Governo n\u00e3o pretende pagar as rescis\u00f5es devidas por direito a esses profissionais. Al\u00e9m disso, existe um acordo firmado com o Minist\u00e9rio P\u00fablico Federal, o Minist\u00e9rio P\u00fablico Estadual, a Funda\u00e7\u00e3o Hospitalar de Sa\u00fade e os Sindicatos\u201d,declarou Linda Brasil.<\/p>\n\n\n\n<p>O l\u00edder do Governo na Alese, o deputado Cristiano Cavalcante (Uni\u00e3o Brasil) explicou que, o Poder Executivo segue mantendo a manuten\u00e7\u00e3o dos servidores para manter a assist\u00eancia em sa\u00fade.<\/p>\n\n\n\n<p>\u201cA maior preocupa\u00e7\u00e3o, al\u00e9m da manuten\u00e7\u00e3o desses profissionais, \u00e9 tamb\u00e9m a presta\u00e7\u00e3o do servi\u00e7o p\u00fablico \u00e0 popula\u00e7\u00e3o. O governador nem nenhum secret\u00e1rio vai ser irrespons\u00e1vel de chegar amanh\u00e3, demitir todos os profissionais e como que v\u00e3o ficar as unidades de sa\u00fade? Tamb\u00e9m estamos apreensivos, buscando essas informa\u00e7\u00f5es e lutando para que essa situa\u00e7\u00e3o aconte\u00e7a de uma forma gradativa, que se houver a possibilidade de haver uma revers\u00e3o dessa situa\u00e7\u00e3o, que tamb\u00e9m aconte\u00e7a\u201d, destacou.<\/p>\n\n\n\n<p>O deputado Manuel Marcos (PSD) comentou a import\u00e2ncia de manter os servi\u00e7os em sa\u00fade. \u201cOntem, o governador me respondeu angustiado daquele momento de dificuldade e que vai estudar para manter os servi\u00e7os e os trabalhadores. Muitos deles tem experi\u00eancia e viv\u00eancia de 11 anos de servi\u00e7o no hospital de emerg\u00eancia e urg\u00eancia do estado de Sergipe\u201d, disse. A vice-l\u00edder do Governo na Alese, a deputada Kitty Lima (Cidadania) ressaltou que a problem\u00e1tica entre servidores e FHS tem se arrastado desde o ano de 2014. \u201c\u00c9 uma preocupa\u00e7\u00e3o de todos. O Governo n\u00e3o tem culpa j\u00e1 que se trata de uma decis\u00e3o do Minist\u00e9rio P\u00fablico Federal que se arrasta de 2014. Seguiremos acompanhando\u201d, disse.<\/p>\n\n\n\n<p><em>Fonte: Alese<br>Aracaju, 10 de junho de 2025<\/em><\/p>\n","protected":false},"excerpt":{"rendered":"<p>O deputado Georgeo Passos (Cidadania) usou a Tribuna da Assembleia Legislativa do Estado de Sergipe (Alese) para falar sobre a manifesta\u00e7\u00e3o e&nbsp; poss\u00edvel desligamento dos profissionais que atuam na Funda\u00e7\u00e3o Hospitalar de Sa\u00fade (FHS) institui\u00e7\u00e3o ligada a Secretaria de Estado da Sa\u00fade (SES). Na segunda-feira (9) os servidores fizeram mobiliza\u00e7\u00e3o em frente ao Hospital de Urg\u00eancias de Sergipe (Huse), hoje, acompanharam a sess\u00e3o plen\u00e1ria do Poder Legislativo. Na oportunidade, o parlamentar pediu sensibilidade a Procuradoria Geral do Estado (PGE) sobre a quest\u00e3o dos servidores e leu na Tribuna um e-mail enviado pelo Governo do Estado ao servidores da sa\u00fade estadual. \u201cOs trabalhadores est\u00e3o reivindicando exatamente o cumprimento do acordo que foi feito perante a justi\u00e7a. M\u00eas passado, saiu esse e-mail disparado para todos os trabalhadores, e paralelamente a isso, no Di\u00e1rio Oficial, informou a convoca\u00e7\u00e3o de um Processo Seletivo Simplificado que est\u00e1 em vigor. Pelo acordo, n\u00e3o se poderia ter mais contrata\u00e7\u00e3o por processo seletivo. Esses profissionais atuam desde 2014 nas unidades de sa\u00fade. Pessoas essas que na pandemia arriscaram a vida para salvar diversos sergipanos, sendo que alguns deles morreram enquanto realizaram os seus trabalhos\u201d, declarou Georgeo Passos. Georgeo disse ainda que, a partir do dia 1\u00ba de julho servidores da FHS perder\u00e3o os seus empregos. \u201cO processo de terceiriza\u00e7\u00e3o da sa\u00fade j\u00e1 saiu. Um edital para a unidade de sa\u00fade de Boquim, j\u00e1 est\u00e1 aberto, existe hoje um cronograma para a unidade de sa\u00fade estadual do munic\u00edpio de Ne\u00f3polis. O secret\u00e1rio de Sa\u00fade disse que a ideia \u00e9 tamb\u00e9m que os regionais sejam administrados por Organiza\u00e7\u00f5es Sociais. E a\u00ed, em virtude disso, que essas pessoas tamb\u00e9m est\u00e3o sendo demitidas. N\u00e3o \u00e9 apenas por causa de um acordo que foi feito na justi\u00e7a, que esse acordo prev\u00ea, inclusive, como eu disse, a repactua\u00e7\u00e3o de prazo para que seja poss\u00edvel. N\u00e3o d\u00e1 para cumprir a metade\u201d, enfatizou. De acordo com o deputado, a d\u00edvida com precat\u00f3rios que a Funda\u00e7\u00e3o do Estado de Sa\u00fade tem hoje, \u00e9 mais de R$ 81 milh\u00f5es. \u201cO ideal \u00e9 n\u00e3o desligamento dos servidores. Mas, caso haja que seja feito com muita transpar\u00eancia\u201d, Em mar\u00e7o deste ano, a SES abriu concurso p\u00fablico ofertando&nbsp; 878 vagas distribu\u00eddas em 15 cargos. Em aparte, a deputada Linda Brasil (PSOL) falou que o concurso p\u00fablico da SES n\u00e3o supre a alta demanda da assist\u00eancia em sa\u00fade em Sergipe. \u201cEsses trabalhadores e trabalhadoras denunciaram que mais de mil pessoas est\u00e3o sendo demitidas. Muitos deles dedicam-se ao cuidado da popula\u00e7\u00e3o sergipana h\u00e1 mais de 15 anos. De acordo com os sindicatos, o Governo n\u00e3o pretende pagar as rescis\u00f5es devidas por direito a esses profissionais. Al\u00e9m disso, existe um acordo firmado com o Minist\u00e9rio P\u00fablico Federal, o Minist\u00e9rio P\u00fablico Estadual, a Funda\u00e7\u00e3o Hospitalar de Sa\u00fade e os Sindicatos\u201d,declarou Linda Brasil. O l\u00edder do Governo na Alese, o deputado Cristiano Cavalcante (Uni\u00e3o Brasil) explicou que, o Poder Executivo segue mantendo a manuten\u00e7\u00e3o dos servidores para manter a assist\u00eancia em sa\u00fade. \u201cA maior preocupa\u00e7\u00e3o, al\u00e9m da manuten\u00e7\u00e3o desses profissionais, \u00e9 tamb\u00e9m a presta\u00e7\u00e3o do servi\u00e7o p\u00fablico \u00e0 popula\u00e7\u00e3o. O governador nem nenhum secret\u00e1rio vai ser irrespons\u00e1vel de chegar amanh\u00e3, demitir todos os profissionais e como que v\u00e3o ficar as unidades de sa\u00fade? Tamb\u00e9m estamos apreensivos, buscando essas informa\u00e7\u00f5es e lutando para que essa situa\u00e7\u00e3o aconte\u00e7a de uma forma gradativa, que se houver a possibilidade de haver uma revers\u00e3o dessa situa\u00e7\u00e3o, que tamb\u00e9m aconte\u00e7a\u201d, destacou. O deputado Manuel Marcos (PSD) comentou a import\u00e2ncia de manter os servi\u00e7os em sa\u00fade. \u201cOntem, o governador me respondeu angustiado daquele momento de dificuldade e que vai estudar para manter os servi\u00e7os e os trabalhadores. Muitos deles tem experi\u00eancia e viv\u00eancia de 11 anos de servi\u00e7o no hospital de emerg\u00eancia e urg\u00eancia do estado de Sergipe\u201d, disse. A vice-l\u00edder do Governo na Alese, a deputada Kitty Lima (Cidadania) ressaltou que a problem\u00e1tica entre servidores e FHS tem se arrastado desde o ano de 2014. \u201c\u00c9 uma preocupa\u00e7\u00e3o de todos. O Governo n\u00e3o tem culpa j\u00e1 que se trata de uma decis\u00e3o do Minist\u00e9rio P\u00fablico Federal que se arrasta de 2014. Seguiremos acompanhando\u201d, disse. Fonte: AleseAracaju, 10 de junho de 2025<\/p>\n","protected":false},"author":1,"featured_media":2610,"comment_status":"open","ping_status":"open","sticky":false,"template":"","format":"standard","meta":{"footnotes":""},"categories":[116],"tags":[10],"class_list":["post-2609","post","type-post","status-publish","format-standard","has-post-thumbnail","hentry","category-governo","tag-saude"],"_links":{"self":[{"href":"https:\/\/resumosergipe.com.br\/index.php?rest_route=\/wp\/v2\/posts\/2609","targetHints":{"allow":["GET"]}}],"collection":[{"href":"https:\/\/resumosergipe.com.br\/index.php?rest_route=\/wp\/v2\/posts"}],"about":[{"href":"https:\/\/resumosergipe.com.br\/index.php?rest_route=\/wp\/v2\/types\/post"}],"author":[{"embeddable":true,"href":"https:\/\/resumosergipe.com.br\/index.php?rest_route=\/wp\/v2\/users\/1"}],"replies":[{"embeddable":true,"href":"https:\/\/resumosergipe.com.br\/index.php?rest_route=%2Fwp%2Fv2%2Fcomments&post=2609"}],"version-history":[{"count":1,"href":"https:\/\/resumosergipe.com.br\/index.php?rest_route=\/wp\/v2\/posts\/2609\/revisions"}],"predecessor-version":[{"id":2611,"href":"https:\/\/resumosergipe.com.br\/index.php?rest_route=\/wp\/v2\/posts\/2609\/revisions\/2611"}],"wp:featuredmedia":[{"embeddable":true,"href":"https:\/\/resumosergipe.com.br\/index.php?rest_route=\/wp\/v2\/media\/2610"}],"wp:attachment":[{"href":"https:\/\/resumosergipe.com.br\/index.php?rest_route=%2Fwp%2Fv2%2Fmedia&parent=2609"}],"wp:term":[{"taxonomy":"category","embeddable":true,"href":"https:\/\/resumosergipe.com.br\/index.php?rest_route=%2Fwp%2Fv2%2Fcategories&post=2609"},{"taxonomy":"post_tag","embeddable":true,"href":"https:\/\/resumosergipe.com.br\/index.php?rest_route=%2Fwp%2Fv2%2Ftags&post=2609"}],"curies":[{"name":"wp","href":"https:\/\/api.w.org\/{rel}","templated":true}]}}