{"id":2612,"date":"2025-06-12T20:58:15","date_gmt":"2025-06-12T23:58:15","guid":{"rendered":"https:\/\/resumosergipe.com.br\/?p=2612"},"modified":"2025-06-12T20:58:16","modified_gmt":"2025-06-12T23:58:16","slug":"governador-fabio-mitidieri-garante-mais-investimentos-para-o-municipio-de-lagarto","status":"publish","type":"post","link":"https:\/\/resumosergipe.com.br\/?p=2612","title":{"rendered":"Governador F\u00e1bio Mitidieri garante mais investimentos para o munic\u00edpio de Lagarto"},"content":{"rendered":"\n<p>O governador F\u00e1bio Mitidieri recebeu, nesta quinta-feira, 12, no Pal\u00e1cio dos Despachos, a prefeita em exerc\u00edcio de Lagarto, Suely Menezes, que apresentou o projeto de urbaniza\u00e7\u00e3o da comunidade 11 Casas. A iniciativa visa promover mais dignidade e qualidade de vida aos moradores da localidade. Al\u00e9m das melhorias previstas no projeto, o Governo do Estado j\u00e1 realiza a pavimenta\u00e7\u00e3o da via que liga a pista principal \u00e0s resid\u00eancias. A obra est\u00e1 sendo executada com recursos estaduais, em parceria com a Prefeitura de Lagarto, e contempla 6.768 metros quadrados de cal\u00e7amento linear, cobrindo uma extens\u00e3o de 1.200 metros.<\/p>\n\n\n\n<p>Durante o encontro, o governador anunciou que vai incluir o projeto de Urbaniza\u00e7\u00e3o da comunidade 11 Casas no programa estadual Acelera Sergipe. \u201cA &nbsp;prefeita em exerc\u00edcio de Lagarto trouxe os projetos da Pra\u00e7a das 11 Casas. L\u00e1, j\u00e1 estamos fazendo toda a pavimenta\u00e7\u00e3o. Vi o v\u00eddeo dela emocionada, levando o cal\u00e7amento para a comunidade, e, agora, me traz o projeto da pra\u00e7a, e j\u00e1 disse a ela: vou dar mais esse presente a Lagarto, acrescentando ao nosso programa Acelera. J\u00e1 solicitei que acelere a licita\u00e7\u00e3o desse projeto, para que possamos entregar essa pra\u00e7a linda para a comunidade. Vi o projeto, \u00e9 realmente bonito, e vai beneficiar muito aquela \u00e1rea\u201d, declara.<\/p>\n\n\n\n<p>A prefeita em exerc\u00edcio agradeceu a parceria e disse que a obra representa dignidade, respeito e cuidado com a comunidade. \u201cO governador refor\u00e7ou, ainda, o compromisso com o bem-estar da popula\u00e7\u00e3o lagartense e o fortalecimento das parcerias com os munic\u00edpios e essa parceria entre o Governo do Estado e a Prefeitura tem gerado frutos importantes. Vamos continuar avan\u00e7ando, levando mais desenvolvimento para todos os cantos de Sergipe\u201d, conclui.&nbsp;<\/p>\n\n\n\n<p><em>Fonte Governo de Sergipe<br>Aracaju. 12 de junho de 2025<\/em><\/p>\n","protected":false},"excerpt":{"rendered":"<p>O governador F\u00e1bio Mitidieri recebeu, nesta quinta-feira, 12, no Pal\u00e1cio dos Despachos, a prefeita em exerc\u00edcio de Lagarto, Suely Menezes, que apresentou o projeto de urbaniza\u00e7\u00e3o da comunidade 11 Casas. A iniciativa visa promover mais dignidade e qualidade de vida aos moradores da localidade. Al\u00e9m das melhorias previstas no projeto, o Governo do Estado j\u00e1 realiza a pavimenta\u00e7\u00e3o da via que liga a pista principal \u00e0s resid\u00eancias. A obra est\u00e1 sendo executada com recursos estaduais, em parceria com a Prefeitura de Lagarto, e contempla 6.768 metros quadrados de cal\u00e7amento linear, cobrindo uma extens\u00e3o de 1.200 metros. Durante o encontro, o governador anunciou que vai incluir o projeto de Urbaniza\u00e7\u00e3o da comunidade 11 Casas no programa estadual Acelera Sergipe. \u201cA &nbsp;prefeita em exerc\u00edcio de Lagarto trouxe os projetos da Pra\u00e7a das 11 Casas. L\u00e1, j\u00e1 estamos fazendo toda a pavimenta\u00e7\u00e3o. Vi o v\u00eddeo dela emocionada, levando o cal\u00e7amento para a comunidade, e, agora, me traz o projeto da pra\u00e7a, e j\u00e1 disse a ela: vou dar mais esse presente a Lagarto, acrescentando ao nosso programa Acelera. J\u00e1 solicitei que acelere a licita\u00e7\u00e3o desse projeto, para que possamos entregar essa pra\u00e7a linda para a comunidade. Vi o projeto, \u00e9 realmente bonito, e vai beneficiar muito aquela \u00e1rea\u201d, declara. A prefeita em exerc\u00edcio agradeceu a parceria e disse que a obra representa dignidade, respeito e cuidado com a comunidade. \u201cO governador refor\u00e7ou, ainda, o compromisso com o bem-estar da popula\u00e7\u00e3o lagartense e o fortalecimento das parcerias com os munic\u00edpios e essa parceria entre o Governo do Estado e a Prefeitura tem gerado frutos importantes. Vamos continuar avan\u00e7ando, levando mais desenvolvimento para todos os cantos de Sergipe\u201d, conclui.&nbsp; Fonte Governo de SergipeAracaju. 12 de junho de 2025<\/p>\n","protected":false},"author":1,"featured_media":2614,"comment_status":"open","ping_status":"open","sticky":false,"template":"","format":"standard","meta":{"footnotes":""},"categories":[116],"tags":[117],"class_list":["post-2612","post","type-post","status-publish","format-standard","has-post-thumbnail","hentry","category-governo","tag-desenvolvimento"],"_links":{"self":[{"href":"https:\/\/resumosergipe.com.br\/index.php?rest_route=\/wp\/v2\/posts\/2612","targetHints":{"allow":["GET"]}}],"collection":[{"href":"https:\/\/resumosergipe.com.br\/index.php?rest_route=\/wp\/v2\/posts"}],"about":[{"href":"https:\/\/resumosergipe.com.br\/index.php?rest_route=\/wp\/v2\/types\/post"}],"author":[{"embeddable":true,"href":"https:\/\/resumosergipe.com.br\/index.php?rest_route=\/wp\/v2\/users\/1"}],"replies":[{"embeddable":true,"href":"https:\/\/resumosergipe.com.br\/index.php?rest_route=%2Fwp%2Fv2%2Fcomments&post=2612"}],"version-history":[{"count":1,"href":"https:\/\/resumosergipe.com.br\/index.php?rest_route=\/wp\/v2\/posts\/2612\/revisions"}],"predecessor-version":[{"id":2613,"href":"https:\/\/resumosergipe.com.br\/index.php?rest_route=\/wp\/v2\/posts\/2612\/revisions\/2613"}],"wp:featuredmedia":[{"embeddable":true,"href":"https:\/\/resumosergipe.com.br\/index.php?rest_route=\/wp\/v2\/media\/2614"}],"wp:attachment":[{"href":"https:\/\/resumosergipe.com.br\/index.php?rest_route=%2Fwp%2Fv2%2Fmedia&parent=2612"}],"wp:term":[{"taxonomy":"category","embeddable":true,"href":"https:\/\/resumosergipe.com.br\/index.php?rest_route=%2Fwp%2Fv2%2Fcategories&post=2612"},{"taxonomy":"post_tag","embeddable":true,"href":"https:\/\/resumosergipe.com.br\/index.php?rest_route=%2Fwp%2Fv2%2Ftags&post=2612"}],"curies":[{"name":"wp","href":"https:\/\/api.w.org\/{rel}","templated":true}]}}