{"id":2615,"date":"2025-06-12T21:06:08","date_gmt":"2025-06-13T00:06:08","guid":{"rendered":"https:\/\/resumosergipe.com.br\/?p=2615"},"modified":"2025-06-12T21:06:09","modified_gmt":"2025-06-13T00:06:09","slug":"presidente-jeferson-andrade-participa-da-abertura-da-ii-reuniao-do-consed","status":"publish","type":"post","link":"https:\/\/resumosergipe.com.br\/?p=2615","title":{"rendered":"Presidente Jeferson Andrade participa da abertura da II Reuni\u00e3o do CONSED"},"content":{"rendered":"\n<p>O presidente do Poder Legislativo de Sergipe, deputado Jeferson Andrade, participou, nesta quinta-feira, 12, da abertura da II Reuni\u00e3o Ordin\u00e1ria de 2025 do Conselho Nacional de Secret\u00e1rios de Educa\u00e7\u00e3o (Consed), realizada em Aracaju. O encontro re\u00fane autoridades nacionais e estaduais para discutir os rumos e desafios da educa\u00e7\u00e3o b\u00e1sica no Brasil.<\/p>\n\n\n\n<p>O evento contou com a presen\u00e7a do ministro da Educa\u00e7\u00e3o, Camilo Santana, da deputada federal Tabata Amaral, de secret\u00e1rios estaduais de Educa\u00e7\u00e3o dos 26 estados e do Distrito Federal, al\u00e9m de gestores p\u00fablicos e representantes de entidades ligadas ao setor educacional.<\/p>\n\n\n\n<p>Durante a solenidade, o governador F\u00e1bio Mitidieri destacou o orgulho de Sergipe sediar a reuni\u00e3o e refor\u00e7ou os investimentos feitos pelo estado na \u00e1rea da educa\u00e7\u00e3o.<\/p>\n\n\n\n<p>\u201cPrimeiro, quero parabenizar o secret\u00e1rio Zezinho Sobral, que consegue trazer para Sergipe essa segunda reuni\u00e3o do Conselho, e agradecer a presen\u00e7a do ministro Camilo Santana, que tanto abrilhanta esse momento. Essa \u00e9 uma reuni\u00e3o com pautas nacionais, como o novo Plano Nacional de Educa\u00e7\u00e3o, e, tamb\u00e9m, \u00e9 uma oportunidade de apresentar demandas importantes, como o pagamento do Fundef. O ministro j\u00e1 confirmou que a primeira parcela, de 40%, ser\u00e1 paga em julho. Sergipe tem direito a R$ 136 milh\u00f5es, e 60% desses recursos v\u00e3o direto para os professores\u201d, ressaltou o governador.<\/p>\n\n\n\n<p>Para o presidente da Assembleia Legislativa, Jeferson Andrade, o evento fortalece a integra\u00e7\u00e3o entre os entes federativos e refor\u00e7a o papel do Parlamento na constru\u00e7\u00e3o de pol\u00edticas p\u00fablicas educacionais mais eficazes.<\/p>\n\n\n\n<p>\u201cO di\u00e1logo entre secret\u00e1rios, parlamentares e o Minist\u00e9rio da Educa\u00e7\u00e3o \u00e9 essencial para que possamos contribuir com pol\u00edticas p\u00fablicas duradouras, que atendam de forma mais equitativa as necessidades da educa\u00e7\u00e3o b\u00e1sica em todo o pa\u00eds\u201d, afirmou Jeferson.<\/p>\n\n\n\n<p>O ministro Camilo Santana tamb\u00e9m parabenizou o estado pelos avan\u00e7os obtidos na \u00e1rea educacional.<\/p>\n\n\n\n<p>\u201cSergipe teve um avan\u00e7o significativo no compromisso com a alfabetiza\u00e7\u00e3o e, tamb\u00e9m, nos indicadores do Ideb. Toda pol\u00edtica p\u00fablica precisa ser mensurada, e a educa\u00e7\u00e3o integral tem sido um dos grandes focos. Estamos com a meta de um milh\u00e3o de novas matr\u00edculas por ano no ensino integral. O programa P\u00e9 de Meia, por exemplo, beneficia 4 milh\u00f5es de jovens em todo o pa\u00eds, sendo mais de 63 mil aqui em Sergipe\u201d, destacou o ministro.<\/p>\n\n\n\n<p>Ele tamb\u00e9m enfatizou a import\u00e2ncia do regime de colabora\u00e7\u00e3o entre os entes federativos. \u201cQuem executa as pol\u00edticas s\u00e3o os prefeitos, os governadores e os secret\u00e1rios. O Consed \u00e9 um espa\u00e7o de escuta e avalia\u00e7\u00e3o para que possamos construir, juntos, pol\u00edticas efetivas\u201d, completou.<\/p>\n\n\n\n<p>A II Reuni\u00e3o Ordin\u00e1ria do Consed segue at\u00e9 esta sexta-feira, 13, reunindo representantes das 27 unidades federativas e consolidando o papel dos estados na constru\u00e7\u00e3o de um sistema educacional mais justo, inclusivo e eficiente.<\/p>\n\n\n\n<p><em>Fonte: Alese<br>Aracaju, 12 de junho de 2025<\/em><\/p>\n","protected":false},"excerpt":{"rendered":"<p>O presidente do Poder Legislativo de Sergipe, deputado Jeferson Andrade, participou, nesta quinta-feira, 12, da abertura da II Reuni\u00e3o Ordin\u00e1ria de 2025 do Conselho Nacional de Secret\u00e1rios de Educa\u00e7\u00e3o (Consed), realizada em Aracaju. O encontro re\u00fane autoridades nacionais e estaduais para discutir os rumos e desafios da educa\u00e7\u00e3o b\u00e1sica no Brasil. O evento contou com a presen\u00e7a do ministro da Educa\u00e7\u00e3o, Camilo Santana, da deputada federal Tabata Amaral, de secret\u00e1rios estaduais de Educa\u00e7\u00e3o dos 26 estados e do Distrito Federal, al\u00e9m de gestores p\u00fablicos e representantes de entidades ligadas ao setor educacional. Durante a solenidade, o governador F\u00e1bio Mitidieri destacou o orgulho de Sergipe sediar a reuni\u00e3o e refor\u00e7ou os investimentos feitos pelo estado na \u00e1rea da educa\u00e7\u00e3o. \u201cPrimeiro, quero parabenizar o secret\u00e1rio Zezinho Sobral, que consegue trazer para Sergipe essa segunda reuni\u00e3o do Conselho, e agradecer a presen\u00e7a do ministro Camilo Santana, que tanto abrilhanta esse momento. Essa \u00e9 uma reuni\u00e3o com pautas nacionais, como o novo Plano Nacional de Educa\u00e7\u00e3o, e, tamb\u00e9m, \u00e9 uma oportunidade de apresentar demandas importantes, como o pagamento do Fundef. O ministro j\u00e1 confirmou que a primeira parcela, de 40%, ser\u00e1 paga em julho. Sergipe tem direito a R$ 136 milh\u00f5es, e 60% desses recursos v\u00e3o direto para os professores\u201d, ressaltou o governador. Para o presidente da Assembleia Legislativa, Jeferson Andrade, o evento fortalece a integra\u00e7\u00e3o entre os entes federativos e refor\u00e7a o papel do Parlamento na constru\u00e7\u00e3o de pol\u00edticas p\u00fablicas educacionais mais eficazes. \u201cO di\u00e1logo entre secret\u00e1rios, parlamentares e o Minist\u00e9rio da Educa\u00e7\u00e3o \u00e9 essencial para que possamos contribuir com pol\u00edticas p\u00fablicas duradouras, que atendam de forma mais equitativa as necessidades da educa\u00e7\u00e3o b\u00e1sica em todo o pa\u00eds\u201d, afirmou Jeferson. O ministro Camilo Santana tamb\u00e9m parabenizou o estado pelos avan\u00e7os obtidos na \u00e1rea educacional. \u201cSergipe teve um avan\u00e7o significativo no compromisso com a alfabetiza\u00e7\u00e3o e, tamb\u00e9m, nos indicadores do Ideb. Toda pol\u00edtica p\u00fablica precisa ser mensurada, e a educa\u00e7\u00e3o integral tem sido um dos grandes focos. Estamos com a meta de um milh\u00e3o de novas matr\u00edculas por ano no ensino integral. O programa P\u00e9 de Meia, por exemplo, beneficia 4 milh\u00f5es de jovens em todo o pa\u00eds, sendo mais de 63 mil aqui em Sergipe\u201d, destacou o ministro. Ele tamb\u00e9m enfatizou a import\u00e2ncia do regime de colabora\u00e7\u00e3o entre os entes federativos. \u201cQuem executa as pol\u00edticas s\u00e3o os prefeitos, os governadores e os secret\u00e1rios. O Consed \u00e9 um espa\u00e7o de escuta e avalia\u00e7\u00e3o para que possamos construir, juntos, pol\u00edticas efetivas\u201d, completou. A II Reuni\u00e3o Ordin\u00e1ria do Consed segue at\u00e9 esta sexta-feira, 13, reunindo representantes das 27 unidades federativas e consolidando o papel dos estados na constru\u00e7\u00e3o de um sistema educacional mais justo, inclusivo e eficiente. Fonte: AleseAracaju, 12 de junho de 2025<\/p>\n","protected":false},"author":1,"featured_media":2617,"comment_status":"open","ping_status":"open","sticky":false,"template":"","format":"standard","meta":{"footnotes":""},"categories":[32],"tags":[70],"class_list":["post-2615","post","type-post","status-publish","format-standard","has-post-thumbnail","hentry","category-sergipe","tag-educacao"],"_links":{"self":[{"href":"https:\/\/resumosergipe.com.br\/index.php?rest_route=\/wp\/v2\/posts\/2615","targetHints":{"allow":["GET"]}}],"collection":[{"href":"https:\/\/resumosergipe.com.br\/index.php?rest_route=\/wp\/v2\/posts"}],"about":[{"href":"https:\/\/resumosergipe.com.br\/index.php?rest_route=\/wp\/v2\/types\/post"}],"author":[{"embeddable":true,"href":"https:\/\/resumosergipe.com.br\/index.php?rest_route=\/wp\/v2\/users\/1"}],"replies":[{"embeddable":true,"href":"https:\/\/resumosergipe.com.br\/index.php?rest_route=%2Fwp%2Fv2%2Fcomments&post=2615"}],"version-history":[{"count":1,"href":"https:\/\/resumosergipe.com.br\/index.php?rest_route=\/wp\/v2\/posts\/2615\/revisions"}],"predecessor-version":[{"id":2616,"href":"https:\/\/resumosergipe.com.br\/index.php?rest_route=\/wp\/v2\/posts\/2615\/revisions\/2616"}],"wp:featuredmedia":[{"embeddable":true,"href":"https:\/\/resumosergipe.com.br\/index.php?rest_route=\/wp\/v2\/media\/2617"}],"wp:attachment":[{"href":"https:\/\/resumosergipe.com.br\/index.php?rest_route=%2Fwp%2Fv2%2Fmedia&parent=2615"}],"wp:term":[{"taxonomy":"category","embeddable":true,"href":"https:\/\/resumosergipe.com.br\/index.php?rest_route=%2Fwp%2Fv2%2Fcategories&post=2615"},{"taxonomy":"post_tag","embeddable":true,"href":"https:\/\/resumosergipe.com.br\/index.php?rest_route=%2Fwp%2Fv2%2Ftags&post=2615"}],"curies":[{"name":"wp","href":"https:\/\/api.w.org\/{rel}","templated":true}]}}