{"id":2619,"date":"2025-06-17T19:00:26","date_gmt":"2025-06-17T22:00:26","guid":{"rendered":"https:\/\/resumosergipe.com.br\/?p=2619"},"modified":"2025-06-17T19:00:27","modified_gmt":"2025-06-17T22:00:27","slug":"marcelo-sobral-defende-convocacao-da-igua-na-alese-e-rebate-criticas-da-oposicao","status":"publish","type":"post","link":"https:\/\/resumosergipe.com.br\/?p=2619","title":{"rendered":"Marcelo Sobral defende convoca\u00e7\u00e3o da Igu\u00e1 na Alese e rebate cr\u00edticas da oposi\u00e7\u00e3o"},"content":{"rendered":"\n<p><a href=\"https:\/\/al.se.leg.br\/2025\/06\/17\/\"><\/a><\/p>\n\n\n\n<p>Durante a Sess\u00e3o Plen\u00e1ria desta ter\u00e7a-feira (17), o deputado estadual Marcelo Sobral (Uni\u00e3o Brasil) utilizou a tribuna da Assembleia Legislativa de Sergipe (Alese) para tratar de temas de grande relev\u00e2ncia estadual, como o desabastecimento de \u00e1gua em diversas regi\u00f5es, a necessidade de explica\u00e7\u00f5es por parte da empresa Igu\u00e1 Saneamento, e a postura do governador F\u00e1bio Mitidieri frente \u00e0s cr\u00edticas da oposi\u00e7\u00e3o.<\/p>\n\n\n\n<p>Logo no in\u00edcio de sua fala, Marcelo Sobral manifestou apoio \u00e0 convoca\u00e7\u00e3o do diretor da empresa Igu\u00e1 Saneamento \u00e0 Alese, para prestar esclarecimentos sobre a continuidade da falta de \u00e1gua em v\u00e1rias regi\u00f5es do Estado.<\/p>\n\n\n\n<p>\u201cA falta de \u00e1gua n\u00e3o \u00e9 espor\u00e1dica nem localizada. Sofremos em Itaporanga, Pirambu, Propri\u00e1, Porto da Folha, Canind\u00e9 de S\u00e3o Francisco, Aquidab\u00e3, Socorro\u2026 Isso \u00e9 um problema de todo o Estado. A bancada do governo tamb\u00e9m quer explica\u00e7\u00f5es\u201d, afirmou.<\/p>\n\n\n\n<p>Segundo o parlamentar, mesmo com pouco tempo de atua\u00e7\u00e3o plena no estado, a Igu\u00e1 j\u00e1 havia solicitado antecipa\u00e7\u00e3o no processo de transi\u00e7\u00e3o e, por isso, deve explica\u00e7\u00f5es \u00e0 popula\u00e7\u00e3o sergipana e ao Poder Legislativo.<\/p>\n\n\n\n<p>\u201cTenho certeza de que a empresa vir\u00e1 com a maior boa vontade explicar o que est\u00e1 sendo feito e o cronograma de investimentos. Votamos a favor da concess\u00e3o parcial e queremos dar satisfa\u00e7\u00f5es ao povo\u201d, refor\u00e7ou.<\/p>\n\n\n\n<p>O deputado Marcelo Sobral tamb\u00e9m rebateu cr\u00edticas feitas ao governador F\u00e1bio Mitidieri, destacando sua acessibilidade e a forma direta como tem se comunicado com a imprensa, os parlamentares e a sociedade.<\/p>\n\n\n\n<p>\u201cF\u00e1bio \u00e9 um dos governadores mais acess\u00edveis que j\u00e1 tivemos. Ele fala com a imprensa, com deputados, vem pessoalmente \u00e0 Alese. \u00c0s vezes causa pol\u00eamica? Sim, mas \u00e9 o pre\u00e7o de quem d\u00e1 a cara a bater.\u201d<\/p>\n\n\n\n<p>O parlamentar criticou o que chamou de \u201cvitimiza\u00e7\u00e3o da oposi\u00e7\u00e3o\u201d diante das respostas do governo \u00e0s cr\u00edticas recorrentes feitas em plen\u00e1rio.<\/p>\n\n\n\n<p>\u201cN\u00e3o d\u00e1 para bater no governador toda semana e, quando ele responde, se vitimizar. Vamos fazer o debate de igual para igual.\u201d<\/p>\n\n\n\n<p>Em resposta, o deputado Georgeo Passos (Cidadania) afirmou que sua cobran\u00e7a n\u00e3o era vitimiza\u00e7\u00e3o, mas sim um pedido de coer\u00eancia. Ele comparou a defesa feita por Marcelo Sobral \u00e0 deputada federal Yandra Moura com o epis\u00f3dio envolvendo a prefeita de Aracaju, Em\u00edlia Corr\u00eaa.<\/p>\n\n\n\n<p>\u201cPor que agora a prefeita tem que apanhar por ter feito uma foto com deputados de oposi\u00e7\u00e3o? A gente precisa de coer\u00eancia, principalmente quando o governador sugere que pode dar uma contraordem \u00e0 base na C\u00e2mara de Aracaju. Isso prejudica n\u00e3o a prefeita, mas o povo.\u201d<\/p>\n\n\n\n<p>Georgeo ainda alertou sobre poss\u00edveis preju\u00edzos legislativos se houver interfer\u00eancia pol\u00edtica por parte do governador nas vota\u00e7\u00f5es da C\u00e2mara Municipal.<\/p>\n\n\n\n<p>\u201cSe precisarmos aprovar projetos importantes, como ampliar o n\u00famero de professores ou chamar concursados, vamos precisar da C\u00e2mara. E se os vereadores votarem contra apenas por press\u00e3o pol\u00edtica, quem sofre \u00e9 a popula\u00e7\u00e3o.\u201d<\/p>\n\n\n\n<p>Ao retomar a palavra, Marcelo Sobral destacou que momentos pol\u00edticos diferentes geram posicionamentos distintos, inclusive dentro da pr\u00f3pria oposi\u00e7\u00e3o.<\/p>\n\n\n\n<p>\u201cVi recentemente um v\u00eddeo do deputado federal Thiago de Joaldo, hoje aliado da oposi\u00e7\u00e3o, elogiando o governador F\u00e1bio. S\u00e3o contextos pol\u00edticos diferentes. N\u00e3o podemos querer falar pelos vereadores, pois cada um tem sua hist\u00f3ria.\u201d<\/p>\n\n\n\n<p>Na sequ\u00eancia, a deputada Dra. Lidiane Lucena (Republicanos) tamb\u00e9m participou do debate, apoiando a cobran\u00e7a de explica\u00e7\u00f5es da Igu\u00e1, mas ressaltando que os problemas hist\u00f3ricos n\u00e3o podem ser resolvidos em poucos meses.<\/p>\n\n\n\n<p>\u201cN\u00e3o tem como resolver em 30, 45 dias um problema que vem se arrastando h\u00e1 d\u00e9cadas. Em Aquidab\u00e3, por exemplo, temos falta de \u00e1gua h\u00e1 muito tempo. Levei representantes da DESO para a C\u00e2mara de l\u00e1 e j\u00e1 tratei do assunto com o diretor Fernando. Mas sabemos que a rede de distribui\u00e7\u00e3o sofre com muitas liga\u00e7\u00f5es clandestinas.\u201d<\/p>\n\n\n\n<p>Ela destacou que a base governista deu um voto de confian\u00e7a \u00e0 Igu\u00e1 e acredita na resolu\u00e7\u00e3o gradual dos problemas.<\/p>\n\n\n\n<p>\u201cA estrutura de distribui\u00e7\u00e3o daria conta da demanda, mas os \u2018gatos\u2019 dificultam tudo. \u00c9 imposs\u00edvel cobrar solu\u00e7\u00e3o imediata de um problema que j\u00e1 tem mais de 50 anos.\u201d<\/p>\n\n\n\n<p>Dra. Lidiane tamb\u00e9m refor\u00e7ou os investimentos recentes do governo no Agreste, como a instala\u00e7\u00e3o de equipamentos de imagem e centros especializados, e a presen\u00e7a ativa do governador nos munic\u00edpios.<\/p>\n\n\n\n<p>\u201cTemos um governador participativo, de portas abertas, e que est\u00e1 sempre dialogando. Falhas existem em qualquer gest\u00e3o, mas \u00e9 no di\u00e1logo que se constr\u00f3i a coer\u00eancia.\u201d<\/p>\n\n\n\n<p>Encerrando sua fala, Marcelo Sobral reiterou o apoio \u00e0 convoca\u00e7\u00e3o da Igu\u00e1 e fez quest\u00e3o de declarar solidariedade institucional \u00e0 prefeita de Aracaju, Em\u00edlia Corr\u00eaa:<\/p>\n\n\n\n<p>\u201cVisitei a prefeita Em\u00edlia, nossa prefeita, da capital onde moramos. Coloquei meu mandato \u00e0 disposi\u00e7\u00e3o, inclusive com emendas parlamentares, porque Aracaju \u00e9 de todos n\u00f3s. Tor\u00e7o pelo sucesso do mandato dela e estarei sempre pronto para ajudar.\u201d<\/p>\n\n\n\n<p><em>Fonte: Alese<br>Aracaju, 17 de junho de 2025<\/em><\/p>\n","protected":false},"excerpt":{"rendered":"<p>Durante a Sess\u00e3o Plen\u00e1ria desta ter\u00e7a-feira (17), o deputado estadual Marcelo Sobral (Uni\u00e3o Brasil) utilizou a tribuna da Assembleia Legislativa de Sergipe (Alese) para tratar de temas de grande relev\u00e2ncia estadual, como o desabastecimento de \u00e1gua em diversas regi\u00f5es, a necessidade de explica\u00e7\u00f5es por parte da empresa Igu\u00e1 Saneamento, e a postura do governador F\u00e1bio Mitidieri frente \u00e0s cr\u00edticas da oposi\u00e7\u00e3o. Logo no in\u00edcio de sua fala, Marcelo Sobral manifestou apoio \u00e0 convoca\u00e7\u00e3o do diretor da empresa Igu\u00e1 Saneamento \u00e0 Alese, para prestar esclarecimentos sobre a continuidade da falta de \u00e1gua em v\u00e1rias regi\u00f5es do Estado. \u201cA falta de \u00e1gua n\u00e3o \u00e9 espor\u00e1dica nem localizada. Sofremos em Itaporanga, Pirambu, Propri\u00e1, Porto da Folha, Canind\u00e9 de S\u00e3o Francisco, Aquidab\u00e3, Socorro\u2026 Isso \u00e9 um problema de todo o Estado. A bancada do governo tamb\u00e9m quer explica\u00e7\u00f5es\u201d, afirmou. Segundo o parlamentar, mesmo com pouco tempo de atua\u00e7\u00e3o plena no estado, a Igu\u00e1 j\u00e1 havia solicitado antecipa\u00e7\u00e3o no processo de transi\u00e7\u00e3o e, por isso, deve explica\u00e7\u00f5es \u00e0 popula\u00e7\u00e3o sergipana e ao Poder Legislativo. \u201cTenho certeza de que a empresa vir\u00e1 com a maior boa vontade explicar o que est\u00e1 sendo feito e o cronograma de investimentos. Votamos a favor da concess\u00e3o parcial e queremos dar satisfa\u00e7\u00f5es ao povo\u201d, refor\u00e7ou. O deputado Marcelo Sobral tamb\u00e9m rebateu cr\u00edticas feitas ao governador F\u00e1bio Mitidieri, destacando sua acessibilidade e a forma direta como tem se comunicado com a imprensa, os parlamentares e a sociedade. \u201cF\u00e1bio \u00e9 um dos governadores mais acess\u00edveis que j\u00e1 tivemos. Ele fala com a imprensa, com deputados, vem pessoalmente \u00e0 Alese. \u00c0s vezes causa pol\u00eamica? Sim, mas \u00e9 o pre\u00e7o de quem d\u00e1 a cara a bater.\u201d O parlamentar criticou o que chamou de \u201cvitimiza\u00e7\u00e3o da oposi\u00e7\u00e3o\u201d diante das respostas do governo \u00e0s cr\u00edticas recorrentes feitas em plen\u00e1rio. \u201cN\u00e3o d\u00e1 para bater no governador toda semana e, quando ele responde, se vitimizar. Vamos fazer o debate de igual para igual.\u201d Em resposta, o deputado Georgeo Passos (Cidadania) afirmou que sua cobran\u00e7a n\u00e3o era vitimiza\u00e7\u00e3o, mas sim um pedido de coer\u00eancia. Ele comparou a defesa feita por Marcelo Sobral \u00e0 deputada federal Yandra Moura com o epis\u00f3dio envolvendo a prefeita de Aracaju, Em\u00edlia Corr\u00eaa. \u201cPor que agora a prefeita tem que apanhar por ter feito uma foto com deputados de oposi\u00e7\u00e3o? A gente precisa de coer\u00eancia, principalmente quando o governador sugere que pode dar uma contraordem \u00e0 base na C\u00e2mara de Aracaju. Isso prejudica n\u00e3o a prefeita, mas o povo.\u201d Georgeo ainda alertou sobre poss\u00edveis preju\u00edzos legislativos se houver interfer\u00eancia pol\u00edtica por parte do governador nas vota\u00e7\u00f5es da C\u00e2mara Municipal. \u201cSe precisarmos aprovar projetos importantes, como ampliar o n\u00famero de professores ou chamar concursados, vamos precisar da C\u00e2mara. E se os vereadores votarem contra apenas por press\u00e3o pol\u00edtica, quem sofre \u00e9 a popula\u00e7\u00e3o.\u201d Ao retomar a palavra, Marcelo Sobral destacou que momentos pol\u00edticos diferentes geram posicionamentos distintos, inclusive dentro da pr\u00f3pria oposi\u00e7\u00e3o. \u201cVi recentemente um v\u00eddeo do deputado federal Thiago de Joaldo, hoje aliado da oposi\u00e7\u00e3o, elogiando o governador F\u00e1bio. S\u00e3o contextos pol\u00edticos diferentes. N\u00e3o podemos querer falar pelos vereadores, pois cada um tem sua hist\u00f3ria.\u201d Na sequ\u00eancia, a deputada Dra. Lidiane Lucena (Republicanos) tamb\u00e9m participou do debate, apoiando a cobran\u00e7a de explica\u00e7\u00f5es da Igu\u00e1, mas ressaltando que os problemas hist\u00f3ricos n\u00e3o podem ser resolvidos em poucos meses. \u201cN\u00e3o tem como resolver em 30, 45 dias um problema que vem se arrastando h\u00e1 d\u00e9cadas. Em Aquidab\u00e3, por exemplo, temos falta de \u00e1gua h\u00e1 muito tempo. Levei representantes da DESO para a C\u00e2mara de l\u00e1 e j\u00e1 tratei do assunto com o diretor Fernando. Mas sabemos que a rede de distribui\u00e7\u00e3o sofre com muitas liga\u00e7\u00f5es clandestinas.\u201d Ela destacou que a base governista deu um voto de confian\u00e7a \u00e0 Igu\u00e1 e acredita na resolu\u00e7\u00e3o gradual dos problemas. \u201cA estrutura de distribui\u00e7\u00e3o daria conta da demanda, mas os \u2018gatos\u2019 dificultam tudo. \u00c9 imposs\u00edvel cobrar solu\u00e7\u00e3o imediata de um problema que j\u00e1 tem mais de 50 anos.\u201d Dra. Lidiane tamb\u00e9m refor\u00e7ou os investimentos recentes do governo no Agreste, como a instala\u00e7\u00e3o de equipamentos de imagem e centros especializados, e a presen\u00e7a ativa do governador nos munic\u00edpios. \u201cTemos um governador participativo, de portas abertas, e que est\u00e1 sempre dialogando. Falhas existem em qualquer gest\u00e3o, mas \u00e9 no di\u00e1logo que se constr\u00f3i a coer\u00eancia.\u201d Encerrando sua fala, Marcelo Sobral reiterou o apoio \u00e0 convoca\u00e7\u00e3o da Igu\u00e1 e fez quest\u00e3o de declarar solidariedade institucional \u00e0 prefeita de Aracaju, Em\u00edlia Corr\u00eaa: \u201cVisitei a prefeita Em\u00edlia, nossa prefeita, da capital onde moramos. Coloquei meu mandato \u00e0 disposi\u00e7\u00e3o, inclusive com emendas parlamentares, porque Aracaju \u00e9 de todos n\u00f3s. Tor\u00e7o pelo sucesso do mandato dela e estarei sempre pronto para ajudar.\u201d Fonte: AleseAracaju, 17 de junho de 2025<\/p>\n","protected":false},"author":1,"featured_media":2621,"comment_status":"open","ping_status":"open","sticky":false,"template":"","format":"standard","meta":{"footnotes":""},"categories":[1],"tags":[],"class_list":["post-2619","post","type-post","status-publish","format-standard","has-post-thumbnail","hentry","category-blog"],"_links":{"self":[{"href":"https:\/\/resumosergipe.com.br\/index.php?rest_route=\/wp\/v2\/posts\/2619","targetHints":{"allow":["GET"]}}],"collection":[{"href":"https:\/\/resumosergipe.com.br\/index.php?rest_route=\/wp\/v2\/posts"}],"about":[{"href":"https:\/\/resumosergipe.com.br\/index.php?rest_route=\/wp\/v2\/types\/post"}],"author":[{"embeddable":true,"href":"https:\/\/resumosergipe.com.br\/index.php?rest_route=\/wp\/v2\/users\/1"}],"replies":[{"embeddable":true,"href":"https:\/\/resumosergipe.com.br\/index.php?rest_route=%2Fwp%2Fv2%2Fcomments&post=2619"}],"version-history":[{"count":1,"href":"https:\/\/resumosergipe.com.br\/index.php?rest_route=\/wp\/v2\/posts\/2619\/revisions"}],"predecessor-version":[{"id":2620,"href":"https:\/\/resumosergipe.com.br\/index.php?rest_route=\/wp\/v2\/posts\/2619\/revisions\/2620"}],"wp:featuredmedia":[{"embeddable":true,"href":"https:\/\/resumosergipe.com.br\/index.php?rest_route=\/wp\/v2\/media\/2621"}],"wp:attachment":[{"href":"https:\/\/resumosergipe.com.br\/index.php?rest_route=%2Fwp%2Fv2%2Fmedia&parent=2619"}],"wp:term":[{"taxonomy":"category","embeddable":true,"href":"https:\/\/resumosergipe.com.br\/index.php?rest_route=%2Fwp%2Fv2%2Fcategories&post=2619"},{"taxonomy":"post_tag","embeddable":true,"href":"https:\/\/resumosergipe.com.br\/index.php?rest_route=%2Fwp%2Fv2%2Ftags&post=2619"}],"curies":[{"name":"wp","href":"https:\/\/api.w.org\/{rel}","templated":true}]}}