{"id":2625,"date":"2025-06-20T22:53:54","date_gmt":"2025-06-21T01:53:54","guid":{"rendered":"https:\/\/resumosergipe.com.br\/?p=2625"},"modified":"2025-06-20T22:53:54","modified_gmt":"2025-06-21T01:53:54","slug":"deputado-georgeo-passos-lamenta-falta-de-licenca-ambiental-em-obras-do-governo","status":"publish","type":"post","link":"https:\/\/resumosergipe.com.br\/?p=2625","title":{"rendered":"Deputado Georgeo Passos lamenta falta de licen\u00e7a ambiental em obras do Governo"},"content":{"rendered":"\n<p>O deputado Georgeo Passos (Cidadania) fez um prounciamento hoje na tribuna da Assembleia Legislativa de Sergipe (Alese) para cobrar a conclus\u00e3o das obras na rodovia que liga os munic\u00edpios de Itabaiana e Itaporanga D\u2019Ajuda e da ponte Maria do Carmo Nascimento Alves por falta de uma licen\u00e7a ambiental.<\/p>\n\n\n\n<p>\u201cTodos sabem que desde 2016 venho cobrando a conclus\u00e3o dessa obra, sem sucesso. Para a nossa surpresa o governador F\u00e1bio Mitidieri anunciou a obra da nova que interligar\u00e1 a ponte da avenida Tancredo Neves para a Coro do Meio, a Maria do Carmo Alves, mas tamb\u00e9m n\u00e3o tem licen\u00e7a ambiental, o que \u00e9 inadmiss\u00edvel\u201d, lamenta.<\/p>\n\n\n\n<p>Georgeo Passos leu uma decis\u00e3o do Minist\u00e9rio P\u00fablico Estadual (MPE\/SE), realizou uma audi\u00eancia com representantes de diversos \u00f3rg\u00e3os a exemplo do Instituto Brasileiro de Recursos Renov\u00e1veis (Ibama) e Tribunal de Contas do Estado (TCE\/SE)&nbsp; para tratar do licenciamento do Complexo Vi\u00e1rio Nascimento Alves.<\/p>\n\n\n\n<p>\u201cDurante a audi\u00eancia, o representante do Ibama informou que houve a supress\u00e3o de 1,14 hectares de mangue sem a anu\u00eancia pr\u00e9via do \u00f3rg\u00e3o federal. A \u00e1rea suprimida est\u00e1 abaixo dos 3.200 hectares exigidos pelo Ibama, segundo o MPE Sergipe, mas como a \u00e1rea prev\u00ea a retirada de mais de 6,51 hectares de mangue, o Ibama dever\u00e1 emitir anu\u00eancia espec\u00edfica, que est\u00e1 em fase de an\u00e1lise t\u00e9cnica visando a continuidade da obra. A Administra\u00e7\u00e3o Estadual do Meio Ambiente (Adema) conseguiu a licen\u00e7a de instala\u00e7\u00e3o para a obra com a condicionante da anu\u00eancia do Ibama para a supress\u00e3o da vegeta\u00e7\u00e3o de mangue\u201d, explica, ao ler mat\u00e9ria publicada no site do MPE\/SE.<\/p>\n\n\n\n<p>O parlamentar completou: \u201cTrata-se de uma obra de valor milion\u00e1rio, hoje praticamente parada pelo mesmo erro que aconteceu na rodovia que liga Itabaiana a Itaporanga, com a fala de licenciamento. Fica aqui o nosso alerta para que o Governo do Estado possa esclarecer se toda a documenta\u00e7\u00e3o j\u00e1 foi encaminhada ao Ibama, qual a previs\u00e3o da conclus\u00e3o da an\u00e1lise t\u00e9cnica por parte do Ibama e quando o Ibama vai dar a licen\u00e7a para que o governo possa continuar a obra. Quem passar pelo local pode ver que o movimento de obra \u00e9 quase nenhum, s\u00f3 a presen\u00e7a de guinchos pois a obra est\u00e1 praticamente paralisada; uma obra que o governador F\u00e1bio coloca como muito importante da sua gest\u00e3o, mas infelizmente j\u00e1 come\u00e7ou errada pois n\u00e3o tem a licen\u00e7a condicionada pela Adema\u201d.<\/p>\n\n\n\n<p>Georgeo Passos tamb\u00e9m exibiu um v\u00eddeo com uma entrevista \u00e0 imprensa, do governador F\u00e1bio Mitidieri sobre a situa\u00e7\u00e3o dos servidores da Funda\u00e7\u00e3o Hospitalar de Sa\u00fade.<\/p>\n\n\n\n<p>\u201cHoje inclusive est\u00e1 marcada mais uma audi\u00eancia no Minist\u00e9rio P\u00fablico Federal (MPF) a partir das 15h30. O v\u00eddeo mostra o governador dizendo acreditar que o Minist\u00e9rio P\u00fablico foi muito diligente pois, vinha pressionando para que o governo fizesse as demiss\u00f5es, mas o pleito do estado \u00e9 que aguarde a gente concluir os preparativos para o concurso e que o problema se arrasta desde 2014. O governador disse que o Minist\u00e9rio P\u00fablico informou que at\u00e9 a realiza\u00e7\u00e3o do concurso pode segurar as demiss\u00f5es. Esperamos que hoje \u00e0 tarde o representante do governo possa acatar o acordo proposto pelo Minist\u00e9rio P\u00fablico e suspender todas as demiss\u00f5es\u201d, observa lembrando que os servidores receberam e-mails da Funda\u00e7\u00e3o Hospitalar de Sa\u00fade a partir de 1\u00ba de julho.<\/p>\n\n\n\n<p>Em aparte a deputada Linda Brasil (Psol), disse que muitos servidores informaram j\u00e1 ter sido substitu\u00eddos por profissionais do Processo Seletivo Simplificado da Secretaria de Estado da Sa\u00fade.<\/p>\n\n\n\n<p>\u201cMuitos j\u00e1 tinham ido ao lugar de trabalho desses poss\u00edveis desligamentos. Espero que a palavra do governador seja cumprida mesmo e que hoje na audi\u00eancia possa ter um acordo porque al\u00e9m de substituir os servidores pelos concursados, a Funda\u00e7\u00e3o explicou que n\u00e3o tem cargos oficiais pelo governo. Isso \u00e9 f\u00e1cil, pois \u00e9 s\u00f3 mandar um projeto aqui para a Assembleia criando esses cargos. Sempre que o governo envia projetos aqui criando cargos, os projetos t\u00eam aprova\u00e7\u00e3o quase un\u00e2nimes dos parlamentares, principalmente sendo uma necessidade. Espero que tudo isso seja resolvido o quanto antes<\/p>\n\n\n\n<p><em>Fonte: Alese<br>Aracaju, 20 de junho de 2025<\/em><\/p>\n","protected":false},"excerpt":{"rendered":"<p>O deputado Georgeo Passos (Cidadania) fez um prounciamento hoje na tribuna da Assembleia Legislativa de Sergipe (Alese) para cobrar a conclus\u00e3o das obras na rodovia que liga os munic\u00edpios de Itabaiana e Itaporanga D\u2019Ajuda e da ponte Maria do Carmo Nascimento Alves por falta de uma licen\u00e7a ambiental. \u201cTodos sabem que desde 2016 venho cobrando a conclus\u00e3o dessa obra, sem sucesso. Para a nossa surpresa o governador F\u00e1bio Mitidieri anunciou a obra da nova que interligar\u00e1 a ponte da avenida Tancredo Neves para a Coro do Meio, a Maria do Carmo Alves, mas tamb\u00e9m n\u00e3o tem licen\u00e7a ambiental, o que \u00e9 inadmiss\u00edvel\u201d, lamenta. Georgeo Passos leu uma decis\u00e3o do Minist\u00e9rio P\u00fablico Estadual (MPE\/SE), realizou uma audi\u00eancia com representantes de diversos \u00f3rg\u00e3os a exemplo do Instituto Brasileiro de Recursos Renov\u00e1veis (Ibama) e Tribunal de Contas do Estado (TCE\/SE)&nbsp; para tratar do licenciamento do Complexo Vi\u00e1rio Nascimento Alves. \u201cDurante a audi\u00eancia, o representante do Ibama informou que houve a supress\u00e3o de 1,14 hectares de mangue sem a anu\u00eancia pr\u00e9via do \u00f3rg\u00e3o federal. A \u00e1rea suprimida est\u00e1 abaixo dos 3.200 hectares exigidos pelo Ibama, segundo o MPE Sergipe, mas como a \u00e1rea prev\u00ea a retirada de mais de 6,51 hectares de mangue, o Ibama dever\u00e1 emitir anu\u00eancia espec\u00edfica, que est\u00e1 em fase de an\u00e1lise t\u00e9cnica visando a continuidade da obra. A Administra\u00e7\u00e3o Estadual do Meio Ambiente (Adema) conseguiu a licen\u00e7a de instala\u00e7\u00e3o para a obra com a condicionante da anu\u00eancia do Ibama para a supress\u00e3o da vegeta\u00e7\u00e3o de mangue\u201d, explica, ao ler mat\u00e9ria publicada no site do MPE\/SE. O parlamentar completou: \u201cTrata-se de uma obra de valor milion\u00e1rio, hoje praticamente parada pelo mesmo erro que aconteceu na rodovia que liga Itabaiana a Itaporanga, com a fala de licenciamento. Fica aqui o nosso alerta para que o Governo do Estado possa esclarecer se toda a documenta\u00e7\u00e3o j\u00e1 foi encaminhada ao Ibama, qual a previs\u00e3o da conclus\u00e3o da an\u00e1lise t\u00e9cnica por parte do Ibama e quando o Ibama vai dar a licen\u00e7a para que o governo possa continuar a obra. Quem passar pelo local pode ver que o movimento de obra \u00e9 quase nenhum, s\u00f3 a presen\u00e7a de guinchos pois a obra est\u00e1 praticamente paralisada; uma obra que o governador F\u00e1bio coloca como muito importante da sua gest\u00e3o, mas infelizmente j\u00e1 come\u00e7ou errada pois n\u00e3o tem a licen\u00e7a condicionada pela Adema\u201d. Georgeo Passos tamb\u00e9m exibiu um v\u00eddeo com uma entrevista \u00e0 imprensa, do governador F\u00e1bio Mitidieri sobre a situa\u00e7\u00e3o dos servidores da Funda\u00e7\u00e3o Hospitalar de Sa\u00fade. \u201cHoje inclusive est\u00e1 marcada mais uma audi\u00eancia no Minist\u00e9rio P\u00fablico Federal (MPF) a partir das 15h30. O v\u00eddeo mostra o governador dizendo acreditar que o Minist\u00e9rio P\u00fablico foi muito diligente pois, vinha pressionando para que o governo fizesse as demiss\u00f5es, mas o pleito do estado \u00e9 que aguarde a gente concluir os preparativos para o concurso e que o problema se arrasta desde 2014. O governador disse que o Minist\u00e9rio P\u00fablico informou que at\u00e9 a realiza\u00e7\u00e3o do concurso pode segurar as demiss\u00f5es. Esperamos que hoje \u00e0 tarde o representante do governo possa acatar o acordo proposto pelo Minist\u00e9rio P\u00fablico e suspender todas as demiss\u00f5es\u201d, observa lembrando que os servidores receberam e-mails da Funda\u00e7\u00e3o Hospitalar de Sa\u00fade a partir de 1\u00ba de julho. Em aparte a deputada Linda Brasil (Psol), disse que muitos servidores informaram j\u00e1 ter sido substitu\u00eddos por profissionais do Processo Seletivo Simplificado da Secretaria de Estado da Sa\u00fade. \u201cMuitos j\u00e1 tinham ido ao lugar de trabalho desses poss\u00edveis desligamentos. Espero que a palavra do governador seja cumprida mesmo e que hoje na audi\u00eancia possa ter um acordo porque al\u00e9m de substituir os servidores pelos concursados, a Funda\u00e7\u00e3o explicou que n\u00e3o tem cargos oficiais pelo governo. Isso \u00e9 f\u00e1cil, pois \u00e9 s\u00f3 mandar um projeto aqui para a Assembleia criando esses cargos. Sempre que o governo envia projetos aqui criando cargos, os projetos t\u00eam aprova\u00e7\u00e3o quase un\u00e2nimes dos parlamentares, principalmente sendo uma necessidade. Espero que tudo isso seja resolvido o quanto antes Fonte: AleseAracaju, 20 de junho de 2025<\/p>\n","protected":false},"author":1,"featured_media":2626,"comment_status":"open","ping_status":"open","sticky":false,"template":"","format":"standard","meta":{"footnotes":""},"categories":[116],"tags":[65],"class_list":["post-2625","post","type-post","status-publish","format-standard","has-post-thumbnail","hentry","category-governo","tag-meio-ambiente"],"_links":{"self":[{"href":"https:\/\/resumosergipe.com.br\/index.php?rest_route=\/wp\/v2\/posts\/2625","targetHints":{"allow":["GET"]}}],"collection":[{"href":"https:\/\/resumosergipe.com.br\/index.php?rest_route=\/wp\/v2\/posts"}],"about":[{"href":"https:\/\/resumosergipe.com.br\/index.php?rest_route=\/wp\/v2\/types\/post"}],"author":[{"embeddable":true,"href":"https:\/\/resumosergipe.com.br\/index.php?rest_route=\/wp\/v2\/users\/1"}],"replies":[{"embeddable":true,"href":"https:\/\/resumosergipe.com.br\/index.php?rest_route=%2Fwp%2Fv2%2Fcomments&post=2625"}],"version-history":[{"count":1,"href":"https:\/\/resumosergipe.com.br\/index.php?rest_route=\/wp\/v2\/posts\/2625\/revisions"}],"predecessor-version":[{"id":2627,"href":"https:\/\/resumosergipe.com.br\/index.php?rest_route=\/wp\/v2\/posts\/2625\/revisions\/2627"}],"wp:featuredmedia":[{"embeddable":true,"href":"https:\/\/resumosergipe.com.br\/index.php?rest_route=\/wp\/v2\/media\/2626"}],"wp:attachment":[{"href":"https:\/\/resumosergipe.com.br\/index.php?rest_route=%2Fwp%2Fv2%2Fmedia&parent=2625"}],"wp:term":[{"taxonomy":"category","embeddable":true,"href":"https:\/\/resumosergipe.com.br\/index.php?rest_route=%2Fwp%2Fv2%2Fcategories&post=2625"},{"taxonomy":"post_tag","embeddable":true,"href":"https:\/\/resumosergipe.com.br\/index.php?rest_route=%2Fwp%2Fv2%2Ftags&post=2625"}],"curies":[{"name":"wp","href":"https:\/\/api.w.org\/{rel}","templated":true}]}}