{"id":2628,"date":"2025-06-20T22:57:58","date_gmt":"2025-06-21T01:57:58","guid":{"rendered":"https:\/\/resumosergipe.com.br\/?p=2628"},"modified":"2025-06-20T22:57:59","modified_gmt":"2025-06-21T01:57:59","slug":"governo-de-sergipe-instala-comite-gestor-dos-planos-de-desenvolvimento-regional-de-sergipe","status":"publish","type":"post","link":"https:\/\/resumosergipe.com.br\/?p=2628","title":{"rendered":"Governo de Sergipe instala comit\u00ea gestor dos Planos de Desenvolvimento Regional de Sergipe"},"content":{"rendered":"\n<p>O Governo do Estado, por meio da Secretaria Especial de Planejamento, Or\u00e7amento e Inova\u00e7\u00e3o (Seplan), formalizou na \u00faltima quarta-feira, 18, com publica\u00e7\u00e3o no Di\u00e1rio Oficial, a instala\u00e7\u00e3o do Comit\u00ea Gestor das etapas de elabora\u00e7\u00e3o dos Planos de Desenvolvimento Regional de Sergipe (PDR).&nbsp;<\/p>\n\n\n\n<p>A elabora\u00e7\u00e3o dos Planos de Desenvolvimento Regional, iniciada neste ano de 2025, est\u00e1 sendo coordenada pela Seplan e Funda\u00e7\u00e3o Escola de Sociologia e Pol\u00edtica de S\u00e3o Paulo (FESPSP), por meio de parceria realizada com contrata\u00e7\u00e3o pelo Projeto de Moderniza\u00e7\u00e3o Gest\u00e3o Fiscal II (Profisco II).&nbsp;<\/p>\n\n\n\n<p>O comit\u00ea gestor integra servidores de diferentes \u00e1reas do planejamento, com a finalidade de acompanhar a execu\u00e7\u00e3o e propor ajustes ao processo de elabora\u00e7\u00e3o dos Planos de Desenvolvimento Regional. Caber\u00e1 tamb\u00e9m ao grupo promover a articula\u00e7\u00e3o entre diferentes \u00f3rg\u00e3os envolvidos no processo de constru\u00e7\u00e3o, al\u00e9m de deliberar e aprovar quest\u00f5es apresentadas pela FESPSP. Os encontros ser\u00e3o realizados ap\u00f3s a conclus\u00e3o de cada etapa do Plano de Trabalho de elabora\u00e7\u00e3o dos PDRs, para que os relat\u00f3rios entregues sejam analisados de forma integrada pelas diversas \u00e1reas.&nbsp;<\/p>\n\n\n\n<p>A subsecret\u00e1ria de Desenvolvimento Regional e Gest\u00e3o Metropolitana, Danilla Andrade, ressalta a import\u00e2ncia da integra\u00e7\u00e3o. \u201cA Subsecretaria de Desenvolvimento Regional e Gest\u00e3o Metropolitana (SDR) atua como ponto focal e coordena\u00e7\u00e3o, a assessoria de Comunica\u00e7\u00e3o realiza o estudo e elabora\u00e7\u00e3o do plano de comunica\u00e7\u00e3o, com \u00eanfase nos semin\u00e1rios regionais. Tem o Observat\u00f3rio de Sergipe, que analisa os dados prim\u00e1rios e estudos dos PDRs. Al\u00e9m da subsecretaria de Planejamento e Monitoramento Estrat\u00e9gico, que analisa a ader\u00eancia dos PDRs ao planejamento a longo prazo, al\u00e9m de avaliar tamb\u00e9m os projetos estrat\u00e9gicos em curso, para que a gente possa entender melhor e ter mais acesso para compreend\u00ea-los\u201d, pontua.&nbsp;<\/p>\n\n\n\n<p>O gestor governamental da Seplan, Guilherme Uberti, enfatiza a ader\u00eancia dos PDRs ao planejamento de longo prazo.&nbsp; \u201cO papel do Sergipe 2050 dentro do comit\u00ea \u00e9 inserir uma perspectiva de longo prazo na an\u00e1lise das particularidades dos territ\u00f3rios. \u00c9 trazer uma an\u00e1lise de como as megatend\u00eancias, ou seja, aquilo que tende a impactar o territ\u00f3rio com bastante import\u00e2ncia, por exemplo, quest\u00f5es de mudan\u00e7as clim\u00e1ticas, quest\u00f5es de demografia, quest\u00f5es de desafios na educa\u00e7\u00e3o. Trazer essa dimens\u00e3o do olhar de futuro para pensar nessa revisita\u00e7\u00e3o dos territ\u00f3rios tamb\u00e9m\u201d, informa.&nbsp;<\/p>\n\n\n\n<p><strong>Sobre os planos<\/strong><\/p>\n\n\n\n<p>O projeto traz como objetivo revisitar os territ\u00f3rios de planejamento de Sergipe, com foco em promover fortalecimento \u00e0s regi\u00f5es do estado. Para isso, contempla um diagn\u00f3stico da situa\u00e7\u00e3o econ\u00f4mica, avalia\u00e7\u00e3o dos projetos estrat\u00e9gicos e o fortalecimento do planejamento e desenvolvimento regional.&nbsp;<\/p>\n\n\n\n<p>Dividido em etapas, o projeto da Seplan e da FESPSP traz a consolida\u00e7\u00e3o do plano de trabalho e matrizes, a elabora\u00e7\u00e3o de um diagn\u00f3stico social e econ\u00f4mico do estado de Sergipe, um semin\u00e1rio de apresenta\u00e7\u00e3o dos resultados do diagn\u00f3stico, avalia\u00e7\u00e3o de projetos, experi\u00eancias e a\u00e7\u00f5es em Secretarias estrat\u00e9gicas e, por fim, a proposta de plano de a\u00e7\u00e3o estrat\u00e9gico para desenvolvimento regional.<\/p>\n\n\n\n<p><em>Fonte: Governo de Sergipe<br>Aracaju. 20 de junho de 2025<\/em><\/p>\n","protected":false},"excerpt":{"rendered":"<p>O Governo do Estado, por meio da Secretaria Especial de Planejamento, Or\u00e7amento e Inova\u00e7\u00e3o (Seplan), formalizou na \u00faltima quarta-feira, 18, com publica\u00e7\u00e3o no Di\u00e1rio Oficial, a instala\u00e7\u00e3o do Comit\u00ea Gestor das etapas de elabora\u00e7\u00e3o dos Planos de Desenvolvimento Regional de Sergipe (PDR).&nbsp; A elabora\u00e7\u00e3o dos Planos de Desenvolvimento Regional, iniciada neste ano de 2025, est\u00e1 sendo coordenada pela Seplan e Funda\u00e7\u00e3o Escola de Sociologia e Pol\u00edtica de S\u00e3o Paulo (FESPSP), por meio de parceria realizada com contrata\u00e7\u00e3o pelo Projeto de Moderniza\u00e7\u00e3o Gest\u00e3o Fiscal II (Profisco II).&nbsp; O comit\u00ea gestor integra servidores de diferentes \u00e1reas do planejamento, com a finalidade de acompanhar a execu\u00e7\u00e3o e propor ajustes ao processo de elabora\u00e7\u00e3o dos Planos de Desenvolvimento Regional. Caber\u00e1 tamb\u00e9m ao grupo promover a articula\u00e7\u00e3o entre diferentes \u00f3rg\u00e3os envolvidos no processo de constru\u00e7\u00e3o, al\u00e9m de deliberar e aprovar quest\u00f5es apresentadas pela FESPSP. Os encontros ser\u00e3o realizados ap\u00f3s a conclus\u00e3o de cada etapa do Plano de Trabalho de elabora\u00e7\u00e3o dos PDRs, para que os relat\u00f3rios entregues sejam analisados de forma integrada pelas diversas \u00e1reas.&nbsp; A subsecret\u00e1ria de Desenvolvimento Regional e Gest\u00e3o Metropolitana, Danilla Andrade, ressalta a import\u00e2ncia da integra\u00e7\u00e3o. \u201cA Subsecretaria de Desenvolvimento Regional e Gest\u00e3o Metropolitana (SDR) atua como ponto focal e coordena\u00e7\u00e3o, a assessoria de Comunica\u00e7\u00e3o realiza o estudo e elabora\u00e7\u00e3o do plano de comunica\u00e7\u00e3o, com \u00eanfase nos semin\u00e1rios regionais. Tem o Observat\u00f3rio de Sergipe, que analisa os dados prim\u00e1rios e estudos dos PDRs. Al\u00e9m da subsecretaria de Planejamento e Monitoramento Estrat\u00e9gico, que analisa a ader\u00eancia dos PDRs ao planejamento a longo prazo, al\u00e9m de avaliar tamb\u00e9m os projetos estrat\u00e9gicos em curso, para que a gente possa entender melhor e ter mais acesso para compreend\u00ea-los\u201d, pontua.&nbsp; O gestor governamental da Seplan, Guilherme Uberti, enfatiza a ader\u00eancia dos PDRs ao planejamento de longo prazo.&nbsp; \u201cO papel do Sergipe 2050 dentro do comit\u00ea \u00e9 inserir uma perspectiva de longo prazo na an\u00e1lise das particularidades dos territ\u00f3rios. \u00c9 trazer uma an\u00e1lise de como as megatend\u00eancias, ou seja, aquilo que tende a impactar o territ\u00f3rio com bastante import\u00e2ncia, por exemplo, quest\u00f5es de mudan\u00e7as clim\u00e1ticas, quest\u00f5es de demografia, quest\u00f5es de desafios na educa\u00e7\u00e3o. Trazer essa dimens\u00e3o do olhar de futuro para pensar nessa revisita\u00e7\u00e3o dos territ\u00f3rios tamb\u00e9m\u201d, informa.&nbsp; Sobre os planos O projeto traz como objetivo revisitar os territ\u00f3rios de planejamento de Sergipe, com foco em promover fortalecimento \u00e0s regi\u00f5es do estado. Para isso, contempla um diagn\u00f3stico da situa\u00e7\u00e3o econ\u00f4mica, avalia\u00e7\u00e3o dos projetos estrat\u00e9gicos e o fortalecimento do planejamento e desenvolvimento regional.&nbsp; Dividido em etapas, o projeto da Seplan e da FESPSP traz a consolida\u00e7\u00e3o do plano de trabalho e matrizes, a elabora\u00e7\u00e3o de um diagn\u00f3stico social e econ\u00f4mico do estado de Sergipe, um semin\u00e1rio de apresenta\u00e7\u00e3o dos resultados do diagn\u00f3stico, avalia\u00e7\u00e3o de projetos, experi\u00eancias e a\u00e7\u00f5es em Secretarias estrat\u00e9gicas e, por fim, a proposta de plano de a\u00e7\u00e3o estrat\u00e9gico para desenvolvimento regional. Fonte: Governo de SergipeAracaju. 20 de junho de 2025<\/p>\n","protected":false},"author":1,"featured_media":2630,"comment_status":"open","ping_status":"open","sticky":false,"template":"","format":"standard","meta":{"footnotes":""},"categories":[32],"tags":[117],"class_list":["post-2628","post","type-post","status-publish","format-standard","has-post-thumbnail","hentry","category-sergipe","tag-desenvolvimento"],"_links":{"self":[{"href":"https:\/\/resumosergipe.com.br\/index.php?rest_route=\/wp\/v2\/posts\/2628","targetHints":{"allow":["GET"]}}],"collection":[{"href":"https:\/\/resumosergipe.com.br\/index.php?rest_route=\/wp\/v2\/posts"}],"about":[{"href":"https:\/\/resumosergipe.com.br\/index.php?rest_route=\/wp\/v2\/types\/post"}],"author":[{"embeddable":true,"href":"https:\/\/resumosergipe.com.br\/index.php?rest_route=\/wp\/v2\/users\/1"}],"replies":[{"embeddable":true,"href":"https:\/\/resumosergipe.com.br\/index.php?rest_route=%2Fwp%2Fv2%2Fcomments&post=2628"}],"version-history":[{"count":1,"href":"https:\/\/resumosergipe.com.br\/index.php?rest_route=\/wp\/v2\/posts\/2628\/revisions"}],"predecessor-version":[{"id":2629,"href":"https:\/\/resumosergipe.com.br\/index.php?rest_route=\/wp\/v2\/posts\/2628\/revisions\/2629"}],"wp:featuredmedia":[{"embeddable":true,"href":"https:\/\/resumosergipe.com.br\/index.php?rest_route=\/wp\/v2\/media\/2630"}],"wp:attachment":[{"href":"https:\/\/resumosergipe.com.br\/index.php?rest_route=%2Fwp%2Fv2%2Fmedia&parent=2628"}],"wp:term":[{"taxonomy":"category","embeddable":true,"href":"https:\/\/resumosergipe.com.br\/index.php?rest_route=%2Fwp%2Fv2%2Fcategories&post=2628"},{"taxonomy":"post_tag","embeddable":true,"href":"https:\/\/resumosergipe.com.br\/index.php?rest_route=%2Fwp%2Fv2%2Ftags&post=2628"}],"curies":[{"name":"wp","href":"https:\/\/api.w.org\/{rel}","templated":true}]}}