{"id":2648,"date":"2025-07-01T17:30:12","date_gmt":"2025-07-01T20:30:12","guid":{"rendered":"https:\/\/resumosergipe.com.br\/?p=2648"},"modified":"2025-07-01T17:30:12","modified_gmt":"2025-07-01T20:30:12","slug":"deputada-kitty-lima-ressalta-anteprojeto-da-ponte-aracaju-barra","status":"publish","type":"post","link":"https:\/\/resumosergipe.com.br\/?p=2648","title":{"rendered":"Deputada Kitty Lima ressalta anteprojeto da ponte Aracaju\/Barra"},"content":{"rendered":"\n<p>A deputada Kity Lima (Cidadania) destacou na Sess\u00e3o Plen\u00e1ria da Asembleia Legislativa de Sergipe (Alese) desta ter\u00e7a-feira (1\u00ba), a antecipa\u00e7\u00e3o por parte do Governo do Estado, do anteprojeto de constru\u00e7\u00e3o d nova ponte que ligar\u00e1 os munic\u00edpios de Aracaju e Barra dos Coqueiros.<\/p>\n\n\n\n<p>\u201cO governador F\u00e1bio Mitidieri recebeu com 45 dias de anteced\u00eancia o anteprojeto da nova ponte que vai ligar Aracaju \u00e0 Barra dos Coqueiros. Sabe o que isso significa? que o tempo de espera ficou pra tr\u00e1s. Agora \u00e9 tempo de entrega\u201d, celebra.<\/p>\n\n\n\n<p>A parlamentar observou que a nova ponte n\u00e3o ligar\u00e1 apenas dois munic\u00edpios sergipanos. \u201cEssa ponte liga sonhos, oportunidades de emprego e qualidade de vida. \u00c9 a ponte que liga a rotina do trabalhador da Barra dos Coqueiros a sua rotina em Aracaju sem perder tempo em engarrafamentos, que a gente sempre recebe reclama\u00e7\u00f5es. A Barra j\u00e1 cresceu quase 70% em 12 anos. \u00c9 muita coisa. Virou lar de fam\u00edlias que trabalham na capital, mas que todos os dias enfrentam filas de atrasos e cansa\u00e7os\u201d, ressalta.<\/p>\n\n\n\n<p>Kitty Lima acrescentou que a nova ponte al\u00e9m de ser infraestrutura, \u00e9 justi\u00e7a social. \u201c\u00c9 mobilidade com dignidade, \u00e9 mais seguran\u00e7a pra quem anda, pra quem pedala e pra quem dirige. A Barra \u00e9 estrat\u00e9gica; tem porto, tem parque e\u00f3lico e \u00e9 respons\u00e1vel por mais de 2,6 bilh\u00f5es no PIB estadual. Essa ponte vai acelerar ainda mais as exporta\u00e7\u00f5es, atrair investidores e gerar o que a gente pede tanto, que s\u00e3o novos empregos\u201d, destaca.<\/p>\n\n\n\n<p>Ela informou que a licita\u00e7\u00e3o est\u00e1 prevista para agosto e a ordem de servi\u00e7o ser\u00e1 dada ainda este ano. \u201cN\u00f3s como base do governo estamos prontos para garantir que tudo avance com transpar\u00eancia e responsabilidade ambiental. Essa ponte n\u00e3o \u00e9 do governo, \u00e9 do povo de Sergipe\u201d, enfatiza exibindo um v\u00eddeo com o governador F\u00e1bio Mitidieri falando sobre a nova ponte Aracaju\/Barra e os tr\u00eas viadutos que far\u00e3o parte do complexo vi\u00e1rio.<\/p>\n\n\n\n<p>A deputada tamb\u00e9m destacou na tribuna o recebimento de v\u00eddeos via WatsApp sobre ataques de c\u00e3es pitbulls. Em Pirambu quem conseguiu prender o animal que estava atacando um cavalo e o animal foi morto; teve um caso em Nossa Senhora do Socorro, um em Aracaju e outro em Nossa Senhora das Dores. O tema \u00e9 grave pois est\u00e3o soltando os pitbulls e n\u00e3o \u00e9 culpa dos animais que precisam ser cuidados. Somos contra quem maltrata os animais e n\u00e3o importa se de quem \u00e9 a guarda, se \u00e9 deputado ou se \u00e9 m\u00e9dico ou \u00e9 carroceiro. N\u00e3o adianta ficarem nas redes sociais dizendo que \u00e9 para exterminar os animais. N\u00e3o tem que exterminar nada; acham que \u00e9 s\u00f3 pegar os animais pra criar, \u00e9 so ter e se acontecer algo grave com ma crian\u00e7a e cm outros animais? Todas as vidas importam. Minha equipe jur\u00eddica est\u00e1 reunida para vermos uma lei visando a guarda respons\u00e1vel, entende.<\/p>\n\n\n\n<p>Em aparte o deputado Kak\u00e1 Santos (Uni\u00e3o Brasil) disse que a situa\u00e7\u00e3o vem chamando a aten\u00e7\u00e3o n\u00e3o apenas dos parlamentares, mas de toda a popula\u00e7\u00e3o brasileira.<\/p>\n\n\n\n<p>\u201cAo ouvirmos a colega falar dessa causa, me vem na mente, acontecimentos em Tobias Barreto, que at\u00e9 vamos ter uma audi\u00eancia para debater o assunto, sobre animais soltos nas pistas pelos cuidadores. Muitas vezes os animais s\u00e3o maltratados, se tornam agressivos e isso preocupa muito. Tivemos dois casos com cavalos e isso preocupa muito porque pode acontecer envolvendo crian\u00e7as, que estar\u00e3o indefesas ao serem atingidas por animais desse porte. Precisamos debater provid\u00eancias para evitar esses ataques e os animais soltos nas pistas causando acidentes\u201d, entende Kak\u00e1 Santos.<\/p>\n\n\n\n<p><em>Fonte: Alese<br>Aracaju, 01 de julho de 2025<\/em><\/p>\n\n\n\n<p><\/p>\n","protected":false},"excerpt":{"rendered":"<p>A deputada Kity Lima (Cidadania) destacou na Sess\u00e3o Plen\u00e1ria da Asembleia Legislativa de Sergipe (Alese) desta ter\u00e7a-feira (1\u00ba), a antecipa\u00e7\u00e3o por parte do Governo do Estado, do anteprojeto de constru\u00e7\u00e3o d nova ponte que ligar\u00e1 os munic\u00edpios de Aracaju e Barra dos Coqueiros. \u201cO governador F\u00e1bio Mitidieri recebeu com 45 dias de anteced\u00eancia o anteprojeto da nova ponte que vai ligar Aracaju \u00e0 Barra dos Coqueiros. Sabe o que isso significa? que o tempo de espera ficou pra tr\u00e1s. Agora \u00e9 tempo de entrega\u201d, celebra. A parlamentar observou que a nova ponte n\u00e3o ligar\u00e1 apenas dois munic\u00edpios sergipanos. \u201cEssa ponte liga sonhos, oportunidades de emprego e qualidade de vida. \u00c9 a ponte que liga a rotina do trabalhador da Barra dos Coqueiros a sua rotina em Aracaju sem perder tempo em engarrafamentos, que a gente sempre recebe reclama\u00e7\u00f5es. A Barra j\u00e1 cresceu quase 70% em 12 anos. \u00c9 muita coisa. Virou lar de fam\u00edlias que trabalham na capital, mas que todos os dias enfrentam filas de atrasos e cansa\u00e7os\u201d, ressalta. Kitty Lima acrescentou que a nova ponte al\u00e9m de ser infraestrutura, \u00e9 justi\u00e7a social. \u201c\u00c9 mobilidade com dignidade, \u00e9 mais seguran\u00e7a pra quem anda, pra quem pedala e pra quem dirige. A Barra \u00e9 estrat\u00e9gica; tem porto, tem parque e\u00f3lico e \u00e9 respons\u00e1vel por mais de 2,6 bilh\u00f5es no PIB estadual. Essa ponte vai acelerar ainda mais as exporta\u00e7\u00f5es, atrair investidores e gerar o que a gente pede tanto, que s\u00e3o novos empregos\u201d, destaca. Ela informou que a licita\u00e7\u00e3o est\u00e1 prevista para agosto e a ordem de servi\u00e7o ser\u00e1 dada ainda este ano. \u201cN\u00f3s como base do governo estamos prontos para garantir que tudo avance com transpar\u00eancia e responsabilidade ambiental. Essa ponte n\u00e3o \u00e9 do governo, \u00e9 do povo de Sergipe\u201d, enfatiza exibindo um v\u00eddeo com o governador F\u00e1bio Mitidieri falando sobre a nova ponte Aracaju\/Barra e os tr\u00eas viadutos que far\u00e3o parte do complexo vi\u00e1rio. A deputada tamb\u00e9m destacou na tribuna o recebimento de v\u00eddeos via WatsApp sobre ataques de c\u00e3es pitbulls. Em Pirambu quem conseguiu prender o animal que estava atacando um cavalo e o animal foi morto; teve um caso em Nossa Senhora do Socorro, um em Aracaju e outro em Nossa Senhora das Dores. O tema \u00e9 grave pois est\u00e3o soltando os pitbulls e n\u00e3o \u00e9 culpa dos animais que precisam ser cuidados. Somos contra quem maltrata os animais e n\u00e3o importa se de quem \u00e9 a guarda, se \u00e9 deputado ou se \u00e9 m\u00e9dico ou \u00e9 carroceiro. N\u00e3o adianta ficarem nas redes sociais dizendo que \u00e9 para exterminar os animais. N\u00e3o tem que exterminar nada; acham que \u00e9 s\u00f3 pegar os animais pra criar, \u00e9 so ter e se acontecer algo grave com ma crian\u00e7a e cm outros animais? Todas as vidas importam. Minha equipe jur\u00eddica est\u00e1 reunida para vermos uma lei visando a guarda respons\u00e1vel, entende. Em aparte o deputado Kak\u00e1 Santos (Uni\u00e3o Brasil) disse que a situa\u00e7\u00e3o vem chamando a aten\u00e7\u00e3o n\u00e3o apenas dos parlamentares, mas de toda a popula\u00e7\u00e3o brasileira. \u201cAo ouvirmos a colega falar dessa causa, me vem na mente, acontecimentos em Tobias Barreto, que at\u00e9 vamos ter uma audi\u00eancia para debater o assunto, sobre animais soltos nas pistas pelos cuidadores. Muitas vezes os animais s\u00e3o maltratados, se tornam agressivos e isso preocupa muito. Tivemos dois casos com cavalos e isso preocupa muito porque pode acontecer envolvendo crian\u00e7as, que estar\u00e3o indefesas ao serem atingidas por animais desse porte. Precisamos debater provid\u00eancias para evitar esses ataques e os animais soltos nas pistas causando acidentes\u201d, entende Kak\u00e1 Santos. Fonte: AleseAracaju, 01 de julho de 2025<\/p>\n","protected":false},"author":1,"featured_media":2650,"comment_status":"open","ping_status":"open","sticky":false,"template":"","format":"standard","meta":{"footnotes":""},"categories":[116],"tags":[60],"class_list":["post-2648","post","type-post","status-publish","format-standard","has-post-thumbnail","hentry","category-governo","tag-infraestrutura"],"_links":{"self":[{"href":"https:\/\/resumosergipe.com.br\/index.php?rest_route=\/wp\/v2\/posts\/2648","targetHints":{"allow":["GET"]}}],"collection":[{"href":"https:\/\/resumosergipe.com.br\/index.php?rest_route=\/wp\/v2\/posts"}],"about":[{"href":"https:\/\/resumosergipe.com.br\/index.php?rest_route=\/wp\/v2\/types\/post"}],"author":[{"embeddable":true,"href":"https:\/\/resumosergipe.com.br\/index.php?rest_route=\/wp\/v2\/users\/1"}],"replies":[{"embeddable":true,"href":"https:\/\/resumosergipe.com.br\/index.php?rest_route=%2Fwp%2Fv2%2Fcomments&post=2648"}],"version-history":[{"count":1,"href":"https:\/\/resumosergipe.com.br\/index.php?rest_route=\/wp\/v2\/posts\/2648\/revisions"}],"predecessor-version":[{"id":2649,"href":"https:\/\/resumosergipe.com.br\/index.php?rest_route=\/wp\/v2\/posts\/2648\/revisions\/2649"}],"wp:featuredmedia":[{"embeddable":true,"href":"https:\/\/resumosergipe.com.br\/index.php?rest_route=\/wp\/v2\/media\/2650"}],"wp:attachment":[{"href":"https:\/\/resumosergipe.com.br\/index.php?rest_route=%2Fwp%2Fv2%2Fmedia&parent=2648"}],"wp:term":[{"taxonomy":"category","embeddable":true,"href":"https:\/\/resumosergipe.com.br\/index.php?rest_route=%2Fwp%2Fv2%2Fcategories&post=2648"},{"taxonomy":"post_tag","embeddable":true,"href":"https:\/\/resumosergipe.com.br\/index.php?rest_route=%2Fwp%2Fv2%2Ftags&post=2648"}],"curies":[{"name":"wp","href":"https:\/\/api.w.org\/{rel}","templated":true}]}}