{"id":2667,"date":"2025-07-08T10:57:31","date_gmt":"2025-07-08T13:57:31","guid":{"rendered":"https:\/\/resumosergipe.com.br\/?p=2667"},"modified":"2025-07-08T10:57:31","modified_gmt":"2025-07-08T13:57:31","slug":"deputados-participam-da-celebracao-pelos-205-anos-de-emancipacao-politica-de-sergipe","status":"publish","type":"post","link":"https:\/\/resumosergipe.com.br\/?p=2667","title":{"rendered":"Deputados participam da celebra\u00e7\u00e3o pelos 205 anos de Emancipa\u00e7\u00e3o Pol\u00edtica de Sergipe"},"content":{"rendered":"\n<p>Os deputados e deputadas estaduais da Assembleia Legislativa do Estado de Sergipe participaram das festividades alusivas aos 205 anos de Emancipa\u00e7\u00e3o Pol\u00edtica do Estado celebrado nesta ter\u00e7a-feira (8). A celebra\u00e7\u00e3o foi realizada no Pal\u00e1cio-Museu Ol\u00edmpio Campos, na Pra\u00e7a Fausto Cardoso, no Centro da capital.<\/p>\n\n\n\n<p>O evento contou com a forma\u00e7\u00e3o das tropas e vistoria realizada pelo comandante-geral, coronel Alexsandro Ribeiro, seguida pela apresenta\u00e7\u00e3o da banda de m\u00fasica da Pol\u00edcia Militar, com revista oficial \u00e0 tropa pelo governador do estado, F\u00e1bio Mitidieri&nbsp; (PSD).<\/p>\n\n\n\n<p>Tamb\u00e9m aconteceu o &nbsp;hasteamento das bandeiras ao som do Hino Nacional, com participa\u00e7\u00e3o de autoridades convidadas, e a execu\u00e7\u00e3o do Hino de Sergipe pela banda da Pol\u00edcia Militar, que contou com a participa\u00e7\u00e3o do Coral da Alese (Corales).&nbsp;Na oportunidade, tamb\u00e9m ocorreu a visita a exposi\u00e7\u00e3o \u2018Pol\u00edcia Militar de Sergipe Marcha Al\u00e9m Fronteiras\u2019, em cartaz no Museu Pal\u00e1cio Ol\u00edmpio Campos.&nbsp;<\/p>\n\n\n\n<p>\u201cEm 1820, n\u00f3s nos emancipamos da Bahia, tratamos a nossa independ\u00eancia e come\u00e7amos a construir ali a nossa cidade de plenitude. Que a gente possa celebrar isso todos os anos, pra gente se lembrar de onde veio e pra onde vamos. Tenho certeza que todo sergipano se alegra dessa data e se orgulha do seu jeito sergipano de ser\u201d, destacou o governador F\u00e1bio Mitidieri.&nbsp;<\/p>\n\n\n\n<p>O deputado Luciano Pimentel (PP) falou sobre o marco hist\u00f3rico dos&nbsp; 205 anos de independ\u00eancia de Sergipe. \u201c\u00c9 um momento muito importante para o nosso povo. Sergipe tem tido um protagonismo muito grande de desenvolvimento, ao longo da sua trajet\u00f3ria de&nbsp; emancipa\u00e7\u00e3o pol\u00edtica. Temos muito o que realizar ainda, mas para todos n\u00f3s, o oito de julho \u00e9 uma data que precisa e merece&nbsp; ser comemorada e reverenciada\u201d, afirmou.<\/p>\n\n\n\n<p>Para o deputado Manuel Marcos (PSD), Sergipe tem crescido em diversos aspectos. \u201d H\u00e1 205 anos, nesta mesma data ocorreu a nossa desvincula\u00e7\u00e3o e a nossa liberdade da Bahia.&nbsp; O nosso cresceu pujante, seguindo toda a hist\u00f3ria dos nossos antecessores portugueses. E adquirimos a nossa independ\u00eancia e com ela veio o&nbsp; desenvolvimento nos setores agr\u00edcola, com\u00e9rcio e at\u00e9 industrial\u201d, declarou.<\/p>\n\n\n\n<p>A prefeita de Aracaju, Em\u00edlia Correa (PL) ressaltou que. \u201cQue o nosso &nbsp;Estado cres\u00e7a, que seja colhedor, que cuide cada vez mais&nbsp; das pessoas\u201d.<\/p>\n\n\n\n<p><strong>Hist\u00f3ria<\/strong><\/p>\n\n\n\n<p>O dia 8 de julho simboliza a luta por autonomia e o reconhecimento das conquistas hist\u00f3ricas do povo do estado. A data presta &nbsp;homenagens as importantes personagens, institui\u00e7\u00f5es e tradi\u00e7\u00f5es que contribu\u00edram para o desenvolvimento do estado, fortalecendo o sentimento de pertencimento e orgulho entre os sergipanos.<\/p>\n\n\n\n<p><strong>Corales<\/strong><\/p>\n\n\n\n<p>O coral da Alese, fez uma apresenta\u00e7\u00e3o juntamente com a &nbsp;Banda Marcial da Pol\u00edcia Militar de Sergipe com execu\u00e7\u00e3o do Hino de Sergipe. &nbsp;Para a diretora da Escola do Legislativo, Telma Pimentel, a partipa\u00e7\u00e3o do Corales nesta a\u00e7\u00e3o \u00e9 um momento de alegria.<\/p>\n\n\n\n<p>\u201cPara o &nbsp;Corales &nbsp;ser lembrado para um evento desta magnitude \u00e9 uma alegria imensa. Muitos corais de todo estado queriam participar. Os nossos coralistas s\u00e3o muito disciplinados eles treinam todas as ter independente de ter evento previsto ou n\u00e3o. Cantar o Hino de Sergipe, em seu anivers\u00e1rio, \u00e9 um momento muito importante para n\u00f3s`\u201d, enfatizou Telma Pimentel.<\/p>\n\n\n\n<p>Para o maestro do Corales Joel Magalh\u00e3es \u00e9 uma satisfa\u00e7\u00e3o se apresenta com a Banda da Pol\u00edcia Militar de Sergipe. \u201c O dia 8 de julho \u00e9 um dia especial para todos os sergipanos. Nossa emancipa\u00e7\u00e3o pol\u00edtica traduz a import\u00e2ncia da nossa hist\u00f3ria, legado e ra\u00edzes. Cantar o nosso hino hoje \u00e9 um momento de muita emo\u00e7\u00e3o\u201d, finalizou.<\/p>\n\n\n\n<p><em>Fonte: Alese<br>Aracaju, 08 de julho de 2025<\/em><\/p>\n","protected":false},"excerpt":{"rendered":"<p>Os deputados e deputadas estaduais da Assembleia Legislativa do Estado de Sergipe participaram das festividades alusivas aos 205 anos de Emancipa\u00e7\u00e3o Pol\u00edtica do Estado celebrado nesta ter\u00e7a-feira (8). A celebra\u00e7\u00e3o foi realizada no Pal\u00e1cio-Museu Ol\u00edmpio Campos, na Pra\u00e7a Fausto Cardoso, no Centro da capital. O evento contou com a forma\u00e7\u00e3o das tropas e vistoria realizada pelo comandante-geral, coronel Alexsandro Ribeiro, seguida pela apresenta\u00e7\u00e3o da banda de m\u00fasica da Pol\u00edcia Militar, com revista oficial \u00e0 tropa pelo governador do estado, F\u00e1bio Mitidieri&nbsp; (PSD). Tamb\u00e9m aconteceu o &nbsp;hasteamento das bandeiras ao som do Hino Nacional, com participa\u00e7\u00e3o de autoridades convidadas, e a execu\u00e7\u00e3o do Hino de Sergipe pela banda da Pol\u00edcia Militar, que contou com a participa\u00e7\u00e3o do Coral da Alese (Corales).&nbsp;Na oportunidade, tamb\u00e9m ocorreu a visita a exposi\u00e7\u00e3o \u2018Pol\u00edcia Militar de Sergipe Marcha Al\u00e9m Fronteiras\u2019, em cartaz no Museu Pal\u00e1cio Ol\u00edmpio Campos.&nbsp; \u201cEm 1820, n\u00f3s nos emancipamos da Bahia, tratamos a nossa independ\u00eancia e come\u00e7amos a construir ali a nossa cidade de plenitude. Que a gente possa celebrar isso todos os anos, pra gente se lembrar de onde veio e pra onde vamos. Tenho certeza que todo sergipano se alegra dessa data e se orgulha do seu jeito sergipano de ser\u201d, destacou o governador F\u00e1bio Mitidieri.&nbsp; O deputado Luciano Pimentel (PP) falou sobre o marco hist\u00f3rico dos&nbsp; 205 anos de independ\u00eancia de Sergipe. \u201c\u00c9 um momento muito importante para o nosso povo. Sergipe tem tido um protagonismo muito grande de desenvolvimento, ao longo da sua trajet\u00f3ria de&nbsp; emancipa\u00e7\u00e3o pol\u00edtica. Temos muito o que realizar ainda, mas para todos n\u00f3s, o oito de julho \u00e9 uma data que precisa e merece&nbsp; ser comemorada e reverenciada\u201d, afirmou. Para o deputado Manuel Marcos (PSD), Sergipe tem crescido em diversos aspectos. \u201d H\u00e1 205 anos, nesta mesma data ocorreu a nossa desvincula\u00e7\u00e3o e a nossa liberdade da Bahia.&nbsp; O nosso cresceu pujante, seguindo toda a hist\u00f3ria dos nossos antecessores portugueses. E adquirimos a nossa independ\u00eancia e com ela veio o&nbsp; desenvolvimento nos setores agr\u00edcola, com\u00e9rcio e at\u00e9 industrial\u201d, declarou. A prefeita de Aracaju, Em\u00edlia Correa (PL) ressaltou que. \u201cQue o nosso &nbsp;Estado cres\u00e7a, que seja colhedor, que cuide cada vez mais&nbsp; das pessoas\u201d. Hist\u00f3ria O dia 8 de julho simboliza a luta por autonomia e o reconhecimento das conquistas hist\u00f3ricas do povo do estado. A data presta &nbsp;homenagens as importantes personagens, institui\u00e7\u00f5es e tradi\u00e7\u00f5es que contribu\u00edram para o desenvolvimento do estado, fortalecendo o sentimento de pertencimento e orgulho entre os sergipanos. Corales O coral da Alese, fez uma apresenta\u00e7\u00e3o juntamente com a &nbsp;Banda Marcial da Pol\u00edcia Militar de Sergipe com execu\u00e7\u00e3o do Hino de Sergipe. &nbsp;Para a diretora da Escola do Legislativo, Telma Pimentel, a partipa\u00e7\u00e3o do Corales nesta a\u00e7\u00e3o \u00e9 um momento de alegria. \u201cPara o &nbsp;Corales &nbsp;ser lembrado para um evento desta magnitude \u00e9 uma alegria imensa. Muitos corais de todo estado queriam participar. Os nossos coralistas s\u00e3o muito disciplinados eles treinam todas as ter independente de ter evento previsto ou n\u00e3o. Cantar o Hino de Sergipe, em seu anivers\u00e1rio, \u00e9 um momento muito importante para n\u00f3s`\u201d, enfatizou Telma Pimentel. Para o maestro do Corales Joel Magalh\u00e3es \u00e9 uma satisfa\u00e7\u00e3o se apresenta com a Banda da Pol\u00edcia Militar de Sergipe. \u201c O dia 8 de julho \u00e9 um dia especial para todos os sergipanos. Nossa emancipa\u00e7\u00e3o pol\u00edtica traduz a import\u00e2ncia da nossa hist\u00f3ria, legado e ra\u00edzes. Cantar o nosso hino hoje \u00e9 um momento de muita emo\u00e7\u00e3o\u201d, finalizou. Fonte: AleseAracaju, 08 de julho de 2025<\/p>\n","protected":false},"author":1,"featured_media":2669,"comment_status":"open","ping_status":"open","sticky":false,"template":"","format":"standard","meta":{"footnotes":""},"categories":[32],"tags":[],"class_list":["post-2667","post","type-post","status-publish","format-standard","has-post-thumbnail","hentry","category-sergipe"],"_links":{"self":[{"href":"https:\/\/resumosergipe.com.br\/index.php?rest_route=\/wp\/v2\/posts\/2667","targetHints":{"allow":["GET"]}}],"collection":[{"href":"https:\/\/resumosergipe.com.br\/index.php?rest_route=\/wp\/v2\/posts"}],"about":[{"href":"https:\/\/resumosergipe.com.br\/index.php?rest_route=\/wp\/v2\/types\/post"}],"author":[{"embeddable":true,"href":"https:\/\/resumosergipe.com.br\/index.php?rest_route=\/wp\/v2\/users\/1"}],"replies":[{"embeddable":true,"href":"https:\/\/resumosergipe.com.br\/index.php?rest_route=%2Fwp%2Fv2%2Fcomments&post=2667"}],"version-history":[{"count":1,"href":"https:\/\/resumosergipe.com.br\/index.php?rest_route=\/wp\/v2\/posts\/2667\/revisions"}],"predecessor-version":[{"id":2668,"href":"https:\/\/resumosergipe.com.br\/index.php?rest_route=\/wp\/v2\/posts\/2667\/revisions\/2668"}],"wp:featuredmedia":[{"embeddable":true,"href":"https:\/\/resumosergipe.com.br\/index.php?rest_route=\/wp\/v2\/media\/2669"}],"wp:attachment":[{"href":"https:\/\/resumosergipe.com.br\/index.php?rest_route=%2Fwp%2Fv2%2Fmedia&parent=2667"}],"wp:term":[{"taxonomy":"category","embeddable":true,"href":"https:\/\/resumosergipe.com.br\/index.php?rest_route=%2Fwp%2Fv2%2Fcategories&post=2667"},{"taxonomy":"post_tag","embeddable":true,"href":"https:\/\/resumosergipe.com.br\/index.php?rest_route=%2Fwp%2Fv2%2Ftags&post=2667"}],"curies":[{"name":"wp","href":"https:\/\/api.w.org\/{rel}","templated":true}]}}