{"id":2691,"date":"2025-08-20T19:41:36","date_gmt":"2025-08-20T22:41:36","guid":{"rendered":"https:\/\/resumosergipe.com.br\/?p=2691"},"modified":"2025-08-20T19:41:36","modified_gmt":"2025-08-20T22:41:36","slug":"ibrain-de-valmir-aborda-avancos-em-lagarto-e-reforca-apelo-por-protecao-em-ponte-da-se-170","status":"publish","type":"post","link":"https:\/\/resumosergipe.com.br\/?p=2691","title":{"rendered":"Ibrain de Valmir aborda avan\u00e7os em Lagarto e refor\u00e7a apelo por prote\u00e7\u00e3o em ponte da SE-170"},"content":{"rendered":"\n<p>Durante a Sess\u00e3o Plen\u00e1ria desta quarta-feira (20), na Assembleia Legislativa de Sergipe (ALESE), o deputado estadual Ibrain de Valmir (PV) utilizou a tribuna para destacar importantes obras no munic\u00edpio de Lagarto, bem como refor\u00e7ar o apelo por maior agilidade no processo licitat\u00f3rio para instala\u00e7\u00e3o de prote\u00e7\u00f5es na ponte sobre o Rio Vaza-Barris, localizada na rodovia SE-170, entre os munic\u00edpios de Lagarto e S\u00e3o Domingos.<\/p>\n\n\n\n<p>O parlamentar iniciou seu discurso ressaltando o trabalho conjunto entre o Governo do Estado e a Prefeitura de Lagarto para promover melhorias significativas na infraestrutura urbana, sobretudo na \u00e1rea de saneamento b\u00e1sico, considerado por ele um componente fundamental da sa\u00fade p\u00fablica.<\/p>\n\n\n\n<p>\u201cA cidade de Lagarto tem passado por uma transforma\u00e7\u00e3o muito grande. Quando falo em sa\u00fade, falo tamb\u00e9m em saneamento b\u00e1sico. O nosso governador, em parceria com o prefeito S\u00e9rgio Reis, vem fazendo do munic\u00edpio um grande canteiro de obras\u201d, destacou Ibrain.<\/p>\n\n\n\n<p>O deputado mencionou a assinatura da ordem de servi\u00e7o para a pavimenta\u00e7\u00e3o de 21 mil metros quadrados de cal\u00e7amento em paralelep\u00edpedos na zona rural de Lagarto, especificamente no povoado Limoeiro. A a\u00e7\u00e3o contou com a presen\u00e7a do deputado federal F\u00e1bio Reis, do prefeito em exerc\u00edcio Washington da Mariquita e de outras lideran\u00e7as locais.<\/p>\n\n\n\n<p>\u201cEstamos tirando o povo da lama, da poeira, da sujeira. Estamos levando dignidade e valorizando aquelas terras, que j\u00e1 duplicaram de valor\u201d, acrescentou o parlamentar.<\/p>\n\n\n\n<p>Ibrain aproveitou para agradecer ao governador F\u00e1bio Mitidieri e ao prefeito S\u00e9rgio Reis pelo empenho na realiza\u00e7\u00e3o dessas melhorias no munic\u00edpio.<\/p>\n\n\n\n<p>Em seguida, o deputado voltou a chamar aten\u00e7\u00e3o para a necessidade urgente de instalar grades de prote\u00e7\u00e3o (guarda-corpo met\u00e1lico de prote\u00e7\u00e3o e de concreto) na ponte sobre o Rio Vaza-Barris, na rodovia SE-170, uma demanda que, segundo ele, \u00e9 feita h\u00e1 mais de seis anos.<\/p>\n\n\n\n<p>O apelo foi refor\u00e7ado ap\u00f3s recentes epis\u00f3dios registrados no local, incluindo a tentativa de uma pessoa de pular da ponte, impedida por populares, e o encontro de um corpo na mesma \u00e1rea na manh\u00e3 de hoje.<\/p>\n\n\n\n<p>\u201cPrecisamos de agilidade nesse processo licitat\u00f3rio. N\u00f3s que somos daquela regi\u00e3o sabemos o quanto \u00e9 pesado passar por aquela ponte. A energia \u00e9 muito ruim, e precisamos evitar novas trag\u00e9dias\u201d, afirmou Ibrain.<\/p>\n\n\n\n<p>O parlamentar agradeceu ao Governo do Estado pela sinaliza\u00e7\u00e3o de provid\u00eancias, mas reiterou a import\u00e2ncia da celeridade nas etapas burocr\u00e1ticas da obra.<\/p>\n\n\n\n<p>Durante o pronunciamento, o deputado Adailton Martins (PSD) solicitou um aparte para esclarecer a situa\u00e7\u00e3o do processo licitat\u00f3rio da obra mencionada. Ele informou que, segundo o Departamento de Infraestrutura Rodovi\u00e1ria do Estado de Sergipe (DER-SE), o edital para a instala\u00e7\u00e3o de guarda-corpos met\u00e1licos e de concreto na ponte precisou ser republicado.<\/p>\n\n\n\n<p>\u201cA \u00fanica empresa participante da licita\u00e7\u00e3o foi considerada inabilitada ap\u00f3s avalia\u00e7\u00e3o t\u00e9cnica. Essa empresa ainda tentou recorrer da decis\u00e3o, mas a Comiss\u00e3o Permanente de Licita\u00e7\u00e3o negou o recurso e iniciou um novo processo. A regi\u00e3o precisa dessa obra, e entendo a preocupa\u00e7\u00e3o de Vossa Excel\u00eancia\u201d, explicou Adailton.<\/p>\n\n\n\n<p>Ao final de sua fala, Ibrain agradeceu ao deputado Adailton pelo esclarecimento e reiterou seu compromisso com a popula\u00e7\u00e3o de Lagarto e de toda a regi\u00e3o Centro-Sul do estado, reafirmando que seguir\u00e1 acompanhando de perto esta demanda.<\/p>\n\n\n\n<p><em>Fonte: Alese<br>Aracaju, 20 de agosto de 2025<\/em><\/p>\n","protected":false},"excerpt":{"rendered":"<p>Durante a Sess\u00e3o Plen\u00e1ria desta quarta-feira (20), na Assembleia Legislativa de Sergipe (ALESE), o deputado estadual Ibrain de Valmir (PV) utilizou a tribuna para destacar importantes obras no munic\u00edpio de Lagarto, bem como refor\u00e7ar o apelo por maior agilidade no processo licitat\u00f3rio para instala\u00e7\u00e3o de prote\u00e7\u00f5es na ponte sobre o Rio Vaza-Barris, localizada na rodovia SE-170, entre os munic\u00edpios de Lagarto e S\u00e3o Domingos. O parlamentar iniciou seu discurso ressaltando o trabalho conjunto entre o Governo do Estado e a Prefeitura de Lagarto para promover melhorias significativas na infraestrutura urbana, sobretudo na \u00e1rea de saneamento b\u00e1sico, considerado por ele um componente fundamental da sa\u00fade p\u00fablica. \u201cA cidade de Lagarto tem passado por uma transforma\u00e7\u00e3o muito grande. Quando falo em sa\u00fade, falo tamb\u00e9m em saneamento b\u00e1sico. O nosso governador, em parceria com o prefeito S\u00e9rgio Reis, vem fazendo do munic\u00edpio um grande canteiro de obras\u201d, destacou Ibrain. O deputado mencionou a assinatura da ordem de servi\u00e7o para a pavimenta\u00e7\u00e3o de 21 mil metros quadrados de cal\u00e7amento em paralelep\u00edpedos na zona rural de Lagarto, especificamente no povoado Limoeiro. A a\u00e7\u00e3o contou com a presen\u00e7a do deputado federal F\u00e1bio Reis, do prefeito em exerc\u00edcio Washington da Mariquita e de outras lideran\u00e7as locais. \u201cEstamos tirando o povo da lama, da poeira, da sujeira. Estamos levando dignidade e valorizando aquelas terras, que j\u00e1 duplicaram de valor\u201d, acrescentou o parlamentar. Ibrain aproveitou para agradecer ao governador F\u00e1bio Mitidieri e ao prefeito S\u00e9rgio Reis pelo empenho na realiza\u00e7\u00e3o dessas melhorias no munic\u00edpio. Em seguida, o deputado voltou a chamar aten\u00e7\u00e3o para a necessidade urgente de instalar grades de prote\u00e7\u00e3o (guarda-corpo met\u00e1lico de prote\u00e7\u00e3o e de concreto) na ponte sobre o Rio Vaza-Barris, na rodovia SE-170, uma demanda que, segundo ele, \u00e9 feita h\u00e1 mais de seis anos. O apelo foi refor\u00e7ado ap\u00f3s recentes epis\u00f3dios registrados no local, incluindo a tentativa de uma pessoa de pular da ponte, impedida por populares, e o encontro de um corpo na mesma \u00e1rea na manh\u00e3 de hoje. \u201cPrecisamos de agilidade nesse processo licitat\u00f3rio. N\u00f3s que somos daquela regi\u00e3o sabemos o quanto \u00e9 pesado passar por aquela ponte. A energia \u00e9 muito ruim, e precisamos evitar novas trag\u00e9dias\u201d, afirmou Ibrain. O parlamentar agradeceu ao Governo do Estado pela sinaliza\u00e7\u00e3o de provid\u00eancias, mas reiterou a import\u00e2ncia da celeridade nas etapas burocr\u00e1ticas da obra. Durante o pronunciamento, o deputado Adailton Martins (PSD) solicitou um aparte para esclarecer a situa\u00e7\u00e3o do processo licitat\u00f3rio da obra mencionada. Ele informou que, segundo o Departamento de Infraestrutura Rodovi\u00e1ria do Estado de Sergipe (DER-SE), o edital para a instala\u00e7\u00e3o de guarda-corpos met\u00e1licos e de concreto na ponte precisou ser republicado. \u201cA \u00fanica empresa participante da licita\u00e7\u00e3o foi considerada inabilitada ap\u00f3s avalia\u00e7\u00e3o t\u00e9cnica. Essa empresa ainda tentou recorrer da decis\u00e3o, mas a Comiss\u00e3o Permanente de Licita\u00e7\u00e3o negou o recurso e iniciou um novo processo. A regi\u00e3o precisa dessa obra, e entendo a preocupa\u00e7\u00e3o de Vossa Excel\u00eancia\u201d, explicou Adailton. Ao final de sua fala, Ibrain agradeceu ao deputado Adailton pelo esclarecimento e reiterou seu compromisso com a popula\u00e7\u00e3o de Lagarto e de toda a regi\u00e3o Centro-Sul do estado, reafirmando que seguir\u00e1 acompanhando de perto esta demanda. Fonte: AleseAracaju, 20 de agosto de 2025<\/p>\n","protected":false},"author":1,"featured_media":2693,"comment_status":"open","ping_status":"open","sticky":false,"template":"","format":"standard","meta":{"footnotes":""},"categories":[116],"tags":[60],"class_list":["post-2691","post","type-post","status-publish","format-standard","has-post-thumbnail","hentry","category-governo","tag-infraestrutura"],"_links":{"self":[{"href":"https:\/\/resumosergipe.com.br\/index.php?rest_route=\/wp\/v2\/posts\/2691","targetHints":{"allow":["GET"]}}],"collection":[{"href":"https:\/\/resumosergipe.com.br\/index.php?rest_route=\/wp\/v2\/posts"}],"about":[{"href":"https:\/\/resumosergipe.com.br\/index.php?rest_route=\/wp\/v2\/types\/post"}],"author":[{"embeddable":true,"href":"https:\/\/resumosergipe.com.br\/index.php?rest_route=\/wp\/v2\/users\/1"}],"replies":[{"embeddable":true,"href":"https:\/\/resumosergipe.com.br\/index.php?rest_route=%2Fwp%2Fv2%2Fcomments&post=2691"}],"version-history":[{"count":1,"href":"https:\/\/resumosergipe.com.br\/index.php?rest_route=\/wp\/v2\/posts\/2691\/revisions"}],"predecessor-version":[{"id":2692,"href":"https:\/\/resumosergipe.com.br\/index.php?rest_route=\/wp\/v2\/posts\/2691\/revisions\/2692"}],"wp:featuredmedia":[{"embeddable":true,"href":"https:\/\/resumosergipe.com.br\/index.php?rest_route=\/wp\/v2\/media\/2693"}],"wp:attachment":[{"href":"https:\/\/resumosergipe.com.br\/index.php?rest_route=%2Fwp%2Fv2%2Fmedia&parent=2691"}],"wp:term":[{"taxonomy":"category","embeddable":true,"href":"https:\/\/resumosergipe.com.br\/index.php?rest_route=%2Fwp%2Fv2%2Fcategories&post=2691"},{"taxonomy":"post_tag","embeddable":true,"href":"https:\/\/resumosergipe.com.br\/index.php?rest_route=%2Fwp%2Fv2%2Ftags&post=2691"}],"curies":[{"name":"wp","href":"https:\/\/api.w.org\/{rel}","templated":true}]}}