{"id":2714,"date":"2025-09-04T16:06:37","date_gmt":"2025-09-04T19:06:37","guid":{"rendered":"https:\/\/resumosergipe.com.br\/?p=2714"},"modified":"2025-09-04T16:06:37","modified_gmt":"2025-09-04T19:06:37","slug":"governador-fabio-mitidieri-assina-acordo-de-cooperacao-com-festival-de-artes-de-sao-cristovao-no-valor-de-r-3-milhoes","status":"publish","type":"post","link":"https:\/\/resumosergipe.com.br\/?p=2714","title":{"rendered":"Governador F\u00e1bio Mitidieri assina acordo de coopera\u00e7\u00e3o com Festival de Artes de S\u00e3o Crist\u00f3v\u00e3o no valor de R$ 3 milh\u00f5es"},"content":{"rendered":"\n<p>O governador F\u00e1bio Mitidieri assinou, nesta quinta-feira, 4, o Termo de Coopera\u00e7\u00e3o com o Festival de Artes de S\u00e3o Crist\u00f3v\u00e3o (Fasc), no valor de R$ 3 milh\u00f5es. O evento est\u00e1 programado para acontecer de 20 a 23 de novembro de 2025. Ainda nesta quinta-feira, o governador deve visitar o Hospital e Maternidade Nosso Senhor dos Passos e as obras do Caminho de Santa Dulce dos Pobres e da rodovia de liga\u00e7\u00e3o Rita Cacete.<\/p>\n\n\n\n<p>Conforme prometido, Mitidieri deu in\u00edcio ao compromisso de despachar as pautas administrativas uma vez por m\u00eas na cidade m\u00e3e dos sergipanos, no Museu Hist\u00f3rico, localizado na Pra\u00e7a S\u00e3o Francisco, patrim\u00f4nio cultural reconhecido pela Organiza\u00e7\u00e3o das Na\u00e7\u00f5es Unidas para a Educa\u00e7\u00e3o, a Ci\u00eancia e a Cultura (Unesco). Esta foi a forma que o chefe do Executivo estadual encontrou de prestigiar a primeira capital sergipana.<\/p>\n\n\n\n<p>Durante a agenda, o gestor estadual destacou a relev\u00e2ncia do apoio \u00e0 realiza\u00e7\u00e3o do festival. \u201cAcreditamos que o Fasc fortalece o com\u00e9rcio e o turismo porque ele gera emprego, renda e arrecada\u00e7\u00e3o para o munic\u00edpio. Para o sucesso de um evento desse tamanho, entendemos que \u00e9 necess\u00e1ria a articula\u00e7\u00e3o e coopera\u00e7\u00e3o t\u00e9cnica entre todos os atores envolvidos, para garantir qualidade, seguran\u00e7a e acessibilidade a todos\u201d, declarou.<\/p>\n\n\n\n<p>O prefeito da cidade, J\u00falio Nascimento J\u00fanior, atentou para a representatividade da presen\u00e7a do governador em dia de trabalho no munic\u00edpio. \u201cSomos a cidade do interior do estado que mais gera emprego. Seguimos nessa perspectiva com a capacita\u00e7\u00e3o, qualifica\u00e7\u00e3o da m\u00e3o de obra e investimentos em infraestrutura. A presen\u00e7a do governador \u00e9 a materializa\u00e7\u00e3o da parceria entre Governo do Estado e munic\u00edpio\u201d, avaliou.<\/p>\n\n\n\n<p><strong>Fasc<\/strong><\/p>\n\n\n\n<p>O Governo de Sergipe, por meio da Funda\u00e7\u00e3o de Cultura e Arte Aperip\u00ea de Sergipe (Funcap), junto \u00e0 Prefeitura Municipal de S\u00e3o Crist\u00f3v\u00e3o e \u00e0 Funda\u00e7\u00e3o Municipal do Patrim\u00f4nio e da Cultura (Fumpac), assinaram um acordo de coopera\u00e7\u00e3o t\u00e9cnica para a realiza\u00e7\u00e3o do Festival de Artes de S\u00e3o Crist\u00f3v\u00e3o (Fasc), que acontecer\u00e1 de 20 a 23 de novembro de 2025. O evento contar\u00e1 com programa\u00e7\u00e3o art\u00edstica e cultural gratuita, distribu\u00edda em diversos espa\u00e7os p\u00fablicos do centro hist\u00f3rico, incluindo shows, apresenta\u00e7\u00f5es culturais, oficinas, feiras e atividades formativas.<\/p>\n\n\n\n<p>O acordo considera a promo\u00e7\u00e3o e valoriza\u00e7\u00e3o da cultura, das artes e das tradi\u00e7\u00f5es populares, a fim de assegurar a todos o pleno exerc\u00edcio dos direitos culturais e o acesso \u00e0s fontes da cultura. S\u00e3o aguardadas cerca de 50 mil pessoas para os quatro dias de manifesta\u00e7\u00f5es culturais em S\u00e3o Crist\u00f3v\u00e3o.<\/p>\n\n\n\n<p>Est\u00e3o inclu\u00eddas na programa\u00e7\u00e3o: apresenta\u00e7\u00f5es musicais, teatrais e de dan\u00e7a, oficinas, exposi\u00e7\u00f5es, cortejos folcl\u00f3ricos, feiras e atividades culturais em todo o centro hist\u00f3rico da cidade.<\/p>\n\n\n\n<p><strong>Sa\u00fade<\/strong><\/p>\n\n\n\n<p>A Secretaria de Estado da Sa\u00fade (SES) possui dois contratos com o Hospital e Maternidade Nosso Senhor dos Passos, em S\u00e3o Crist\u00f3v\u00e3o. Um no valor de R$ 695.469,73 mensal (R$ 8.345.636,76 anual), que oferece atendimento de urg\u00eancia e emerg\u00eancia, interna\u00e7\u00f5es, exames, consultas m\u00e9dicas e procedimentos cir\u00fargicos de baixa complexidade e outro no valor de R$ 1.057.556,23 (Opera Sergipe), que contempla cirurgias de m\u00e9dia complexidade.<\/p>\n\n\n\n<p><em>Fonte: Governo de Sergipe<br>Aracaju, 04 de setembro de 2025<\/em><\/p>\n","protected":false},"excerpt":{"rendered":"<p>O governador F\u00e1bio Mitidieri assinou, nesta quinta-feira, 4, o Termo de Coopera\u00e7\u00e3o com o Festival de Artes de S\u00e3o Crist\u00f3v\u00e3o (Fasc), no valor de R$ 3 milh\u00f5es. O evento est\u00e1 programado para acontecer de 20 a 23 de novembro de 2025. Ainda nesta quinta-feira, o governador deve visitar o Hospital e Maternidade Nosso Senhor dos Passos e as obras do Caminho de Santa Dulce dos Pobres e da rodovia de liga\u00e7\u00e3o Rita Cacete. Conforme prometido, Mitidieri deu in\u00edcio ao compromisso de despachar as pautas administrativas uma vez por m\u00eas na cidade m\u00e3e dos sergipanos, no Museu Hist\u00f3rico, localizado na Pra\u00e7a S\u00e3o Francisco, patrim\u00f4nio cultural reconhecido pela Organiza\u00e7\u00e3o das Na\u00e7\u00f5es Unidas para a Educa\u00e7\u00e3o, a Ci\u00eancia e a Cultura (Unesco). Esta foi a forma que o chefe do Executivo estadual encontrou de prestigiar a primeira capital sergipana. Durante a agenda, o gestor estadual destacou a relev\u00e2ncia do apoio \u00e0 realiza\u00e7\u00e3o do festival. \u201cAcreditamos que o Fasc fortalece o com\u00e9rcio e o turismo porque ele gera emprego, renda e arrecada\u00e7\u00e3o para o munic\u00edpio. Para o sucesso de um evento desse tamanho, entendemos que \u00e9 necess\u00e1ria a articula\u00e7\u00e3o e coopera\u00e7\u00e3o t\u00e9cnica entre todos os atores envolvidos, para garantir qualidade, seguran\u00e7a e acessibilidade a todos\u201d, declarou. O prefeito da cidade, J\u00falio Nascimento J\u00fanior, atentou para a representatividade da presen\u00e7a do governador em dia de trabalho no munic\u00edpio. \u201cSomos a cidade do interior do estado que mais gera emprego. Seguimos nessa perspectiva com a capacita\u00e7\u00e3o, qualifica\u00e7\u00e3o da m\u00e3o de obra e investimentos em infraestrutura. A presen\u00e7a do governador \u00e9 a materializa\u00e7\u00e3o da parceria entre Governo do Estado e munic\u00edpio\u201d, avaliou. Fasc O Governo de Sergipe, por meio da Funda\u00e7\u00e3o de Cultura e Arte Aperip\u00ea de Sergipe (Funcap), junto \u00e0 Prefeitura Municipal de S\u00e3o Crist\u00f3v\u00e3o e \u00e0 Funda\u00e7\u00e3o Municipal do Patrim\u00f4nio e da Cultura (Fumpac), assinaram um acordo de coopera\u00e7\u00e3o t\u00e9cnica para a realiza\u00e7\u00e3o do Festival de Artes de S\u00e3o Crist\u00f3v\u00e3o (Fasc), que acontecer\u00e1 de 20 a 23 de novembro de 2025. O evento contar\u00e1 com programa\u00e7\u00e3o art\u00edstica e cultural gratuita, distribu\u00edda em diversos espa\u00e7os p\u00fablicos do centro hist\u00f3rico, incluindo shows, apresenta\u00e7\u00f5es culturais, oficinas, feiras e atividades formativas. O acordo considera a promo\u00e7\u00e3o e valoriza\u00e7\u00e3o da cultura, das artes e das tradi\u00e7\u00f5es populares, a fim de assegurar a todos o pleno exerc\u00edcio dos direitos culturais e o acesso \u00e0s fontes da cultura. S\u00e3o aguardadas cerca de 50 mil pessoas para os quatro dias de manifesta\u00e7\u00f5es culturais em S\u00e3o Crist\u00f3v\u00e3o. Est\u00e3o inclu\u00eddas na programa\u00e7\u00e3o: apresenta\u00e7\u00f5es musicais, teatrais e de dan\u00e7a, oficinas, exposi\u00e7\u00f5es, cortejos folcl\u00f3ricos, feiras e atividades culturais em todo o centro hist\u00f3rico da cidade. Sa\u00fade A Secretaria de Estado da Sa\u00fade (SES) possui dois contratos com o Hospital e Maternidade Nosso Senhor dos Passos, em S\u00e3o Crist\u00f3v\u00e3o. Um no valor de R$ 695.469,73 mensal (R$ 8.345.636,76 anual), que oferece atendimento de urg\u00eancia e emerg\u00eancia, interna\u00e7\u00f5es, exames, consultas m\u00e9dicas e procedimentos cir\u00fargicos de baixa complexidade e outro no valor de R$ 1.057.556,23 (Opera Sergipe), que contempla cirurgias de m\u00e9dia complexidade. Fonte: Governo de SergipeAracaju, 04 de setembro de 2025<\/p>\n","protected":false},"author":1,"featured_media":2716,"comment_status":"open","ping_status":"open","sticky":false,"template":"","format":"standard","meta":{"footnotes":""},"categories":[116],"tags":[80],"class_list":["post-2714","post","type-post","status-publish","format-standard","has-post-thumbnail","hentry","category-governo","tag-cultura"],"_links":{"self":[{"href":"https:\/\/resumosergipe.com.br\/index.php?rest_route=\/wp\/v2\/posts\/2714","targetHints":{"allow":["GET"]}}],"collection":[{"href":"https:\/\/resumosergipe.com.br\/index.php?rest_route=\/wp\/v2\/posts"}],"about":[{"href":"https:\/\/resumosergipe.com.br\/index.php?rest_route=\/wp\/v2\/types\/post"}],"author":[{"embeddable":true,"href":"https:\/\/resumosergipe.com.br\/index.php?rest_route=\/wp\/v2\/users\/1"}],"replies":[{"embeddable":true,"href":"https:\/\/resumosergipe.com.br\/index.php?rest_route=%2Fwp%2Fv2%2Fcomments&post=2714"}],"version-history":[{"count":1,"href":"https:\/\/resumosergipe.com.br\/index.php?rest_route=\/wp\/v2\/posts\/2714\/revisions"}],"predecessor-version":[{"id":2715,"href":"https:\/\/resumosergipe.com.br\/index.php?rest_route=\/wp\/v2\/posts\/2714\/revisions\/2715"}],"wp:featuredmedia":[{"embeddable":true,"href":"https:\/\/resumosergipe.com.br\/index.php?rest_route=\/wp\/v2\/media\/2716"}],"wp:attachment":[{"href":"https:\/\/resumosergipe.com.br\/index.php?rest_route=%2Fwp%2Fv2%2Fmedia&parent=2714"}],"wp:term":[{"taxonomy":"category","embeddable":true,"href":"https:\/\/resumosergipe.com.br\/index.php?rest_route=%2Fwp%2Fv2%2Fcategories&post=2714"},{"taxonomy":"post_tag","embeddable":true,"href":"https:\/\/resumosergipe.com.br\/index.php?rest_route=%2Fwp%2Fv2%2Ftags&post=2714"}],"curies":[{"name":"wp","href":"https:\/\/api.w.org\/{rel}","templated":true}]}}