{"id":2728,"date":"2025-09-17T22:18:59","date_gmt":"2025-09-18T01:18:59","guid":{"rendered":"https:\/\/resumosergipe.com.br\/?p=2728"},"modified":"2025-09-17T22:19:00","modified_gmt":"2025-09-18T01:19:00","slug":"deputado-georgeo-passos-fala-sobre-audiencia-publica-sobre-a-zona-de-expansao","status":"publish","type":"post","link":"https:\/\/resumosergipe.com.br\/?p=2728","title":{"rendered":"Deputado Georgeo Passos fala sobre audi\u00eancia p\u00fablica sobre a Zona de Expans\u00e3o"},"content":{"rendered":"\n<p>Na Tribuna da Assembleia Legislativa do Estado de Sergipe (Alese), nesta quarta-feira (17), o deputado Georgeo Passos (Cidadania) comentou sobre a audi\u00eancia p\u00fablica realizada na C\u00e2mara de Vereadores de Aracaju, na ter\u00e7a-feira (16). O encontro discutiu a decis\u00e3o do Supremo Tribunal Federal (STF) acerca dos territ\u00f3rios da zona de expans\u00e3o, que impacta os munic\u00edpios de Aracaju e S\u00e3o Crist\u00f3v\u00e3o.<\/p>\n\n\n\n<p>A sess\u00e3o especial contou com a presen\u00e7a de moradores da regi\u00e3o e vereadores da capital. Tamb\u00e9m participaram o Procurador-Geral do munic\u00edpio, Hunaldo Mota, e o secret\u00e1rio de Turismo da capital sergipana, F\u00e1bio Andrade. Durante o encontro, foi mencionado o Projeto de Lei Complementar n\u00ba 06\/2024, de autoria do deputado federal Rafael Sim\u00f5es (Uni\u00e3o\/MG).<\/p>\n\n\n\n<p>A proposta tem como objetivo disciplinar o processo de desmembramento simplificado de munic\u00edpios, com o fim exclusivo de solucionar conflitos territoriais. Segundo as autoridades presentes, o projeto, que est\u00e1 em tramita\u00e7\u00e3o, representa um instrumento relevante para a resolu\u00e7\u00e3o da quest\u00e3o.<\/p>\n\n\n\n<p>\u201cEspero que possamos estabelecer uma interlocu\u00e7\u00e3o com o deputado federal respons\u00e1vel por essa mat\u00e9ria, j\u00e1 que ela foi aprovada em duas comiss\u00f5es e atualmente encontra-se na Comiss\u00e3o de Constitui\u00e7\u00e3o e Justi\u00e7a (CCJ) na C\u00e2mara Federal. Agora, o deputado Hildo Rocha (MDB\/MA) foi designado relator na Comiss\u00e3o de Constitui\u00e7\u00e3o e Justi\u00e7a (CCJ). Essa informa\u00e7\u00e3o, que surgiu na audi\u00eancia de ontem, traz uma luz para a resolu\u00e7\u00e3o definitiva do impasse envolvendo Aracaju e S\u00e3o Crist\u00f3v\u00e3o na zona de expans\u00e3o\u201d, afirmou.<\/p>\n\n\n\n<p>Na oportunidade, o vice-presidente da Alese, deputado Garibalde Mendon\u00e7a (PDT), defendeu a forma\u00e7\u00e3o de uma comiss\u00e3o parlamentar mista, formada por vereadores e deputados. \u201cO objetivo \u00e9 que, na C\u00e2mara de Vereadores de Aracaju, possamos debater e dialogar com nossa bancada federal visando a resolu\u00e7\u00e3o deste imbroglio\u201d, ressaltou.<\/p>\n\n\n\n<p>Georgeo Passos destacou tamb\u00e9m o in\u00edcio do cadastro oficial dos carroceiros em Aracaju. \u201cConversei com o Presidente da Empresa Municipal de Servi\u00e7os Urbanos (Emsurb), Hugo Esoj, e j\u00e1 temos algumas pessoas cadastradas. A ideia \u00e9 concluir esse processo em breve para avan\u00e7ar na regulamenta\u00e7\u00e3o das carro\u00e7as e combater os maus-tratos aos animais\u201d, afirmou.<\/p>\n\n\n\n<p>O parlamentar ressaltou seu compromisso com a causa, que busca proteger tanto os trabalhadores quanto os animais. Ele citou ainda o Projeto de Lei 176\/2023 em tramita\u00e7\u00e3o no Congresso, que determina a proibi\u00e7\u00e3o de utiliza\u00e7\u00e3o de ve\u00edculos movidos \u00e0 tra\u00e7\u00e3o animal e \u00e0 explora\u00e7\u00e3o animal para essa finalidade. \u201cA proposta est\u00e1 prevista para ser votada na pr\u00f3xima semana. \u00c9 fundamental unir for\u00e7as para encontrar uma solu\u00e7\u00e3o que beneficie a todos. Esperamos que a prefeitura de Aracaju colabore para que as medidas avancem\u201d, destacou.<\/p>\n\n\n\n<p>A deputada Kitty Lima (Cidadania) tamb\u00e9m falou sobre o tema. \u201cEssa luta \u00e9 antiga e sempre busco ajudar os dois lados, tanto quem sobrevive da carro\u00e7a quanto o animal. O projeto para criminalizar est\u00e1 prestes a ser votado. Ou nos unimos para fazer algo que beneficie a todos, ou a proibi\u00e7\u00e3o vai acontecer de qualquer forma, como j\u00e1 foi anunciado. Estamos acompanhando, orando e lutando, inclusive em Bras\u00edlia. A ajuda de todos os parlamentares \u00e9 fundamental para que possamos fazer algo em Sergipe que realmente ajude essa causa\u201d, finalizou.<\/p>\n\n\n\n<p><em>Fonte: Alese<br>Aracaju, 17 de setembro de 2025<\/em><\/p>\n","protected":false},"excerpt":{"rendered":"<p>Na Tribuna da Assembleia Legislativa do Estado de Sergipe (Alese), nesta quarta-feira (17), o deputado Georgeo Passos (Cidadania) comentou sobre a audi\u00eancia p\u00fablica realizada na C\u00e2mara de Vereadores de Aracaju, na ter\u00e7a-feira (16). O encontro discutiu a decis\u00e3o do Supremo Tribunal Federal (STF) acerca dos territ\u00f3rios da zona de expans\u00e3o, que impacta os munic\u00edpios de Aracaju e S\u00e3o Crist\u00f3v\u00e3o. A sess\u00e3o especial contou com a presen\u00e7a de moradores da regi\u00e3o e vereadores da capital. Tamb\u00e9m participaram o Procurador-Geral do munic\u00edpio, Hunaldo Mota, e o secret\u00e1rio de Turismo da capital sergipana, F\u00e1bio Andrade. Durante o encontro, foi mencionado o Projeto de Lei Complementar n\u00ba 06\/2024, de autoria do deputado federal Rafael Sim\u00f5es (Uni\u00e3o\/MG). A proposta tem como objetivo disciplinar o processo de desmembramento simplificado de munic\u00edpios, com o fim exclusivo de solucionar conflitos territoriais. Segundo as autoridades presentes, o projeto, que est\u00e1 em tramita\u00e7\u00e3o, representa um instrumento relevante para a resolu\u00e7\u00e3o da quest\u00e3o. \u201cEspero que possamos estabelecer uma interlocu\u00e7\u00e3o com o deputado federal respons\u00e1vel por essa mat\u00e9ria, j\u00e1 que ela foi aprovada em duas comiss\u00f5es e atualmente encontra-se na Comiss\u00e3o de Constitui\u00e7\u00e3o e Justi\u00e7a (CCJ) na C\u00e2mara Federal. Agora, o deputado Hildo Rocha (MDB\/MA) foi designado relator na Comiss\u00e3o de Constitui\u00e7\u00e3o e Justi\u00e7a (CCJ). Essa informa\u00e7\u00e3o, que surgiu na audi\u00eancia de ontem, traz uma luz para a resolu\u00e7\u00e3o definitiva do impasse envolvendo Aracaju e S\u00e3o Crist\u00f3v\u00e3o na zona de expans\u00e3o\u201d, afirmou. Na oportunidade, o vice-presidente da Alese, deputado Garibalde Mendon\u00e7a (PDT), defendeu a forma\u00e7\u00e3o de uma comiss\u00e3o parlamentar mista, formada por vereadores e deputados. \u201cO objetivo \u00e9 que, na C\u00e2mara de Vereadores de Aracaju, possamos debater e dialogar com nossa bancada federal visando a resolu\u00e7\u00e3o deste imbroglio\u201d, ressaltou. Georgeo Passos destacou tamb\u00e9m o in\u00edcio do cadastro oficial dos carroceiros em Aracaju. \u201cConversei com o Presidente da Empresa Municipal de Servi\u00e7os Urbanos (Emsurb), Hugo Esoj, e j\u00e1 temos algumas pessoas cadastradas. A ideia \u00e9 concluir esse processo em breve para avan\u00e7ar na regulamenta\u00e7\u00e3o das carro\u00e7as e combater os maus-tratos aos animais\u201d, afirmou. O parlamentar ressaltou seu compromisso com a causa, que busca proteger tanto os trabalhadores quanto os animais. Ele citou ainda o Projeto de Lei 176\/2023 em tramita\u00e7\u00e3o no Congresso, que determina a proibi\u00e7\u00e3o de utiliza\u00e7\u00e3o de ve\u00edculos movidos \u00e0 tra\u00e7\u00e3o animal e \u00e0 explora\u00e7\u00e3o animal para essa finalidade. \u201cA proposta est\u00e1 prevista para ser votada na pr\u00f3xima semana. \u00c9 fundamental unir for\u00e7as para encontrar uma solu\u00e7\u00e3o que beneficie a todos. Esperamos que a prefeitura de Aracaju colabore para que as medidas avancem\u201d, destacou. A deputada Kitty Lima (Cidadania) tamb\u00e9m falou sobre o tema. \u201cEssa luta \u00e9 antiga e sempre busco ajudar os dois lados, tanto quem sobrevive da carro\u00e7a quanto o animal. O projeto para criminalizar est\u00e1 prestes a ser votado. Ou nos unimos para fazer algo que beneficie a todos, ou a proibi\u00e7\u00e3o vai acontecer de qualquer forma, como j\u00e1 foi anunciado. Estamos acompanhando, orando e lutando, inclusive em Bras\u00edlia. A ajuda de todos os parlamentares \u00e9 fundamental para que possamos fazer algo em Sergipe que realmente ajude essa causa\u201d, finalizou. Fonte: AleseAracaju, 17 de setembro de 2025<\/p>\n","protected":false},"author":1,"featured_media":2729,"comment_status":"open","ping_status":"open","sticky":false,"template":"","format":"standard","meta":{"footnotes":""},"categories":[4],"tags":[],"class_list":["post-2728","post","type-post","status-publish","format-standard","has-post-thumbnail","hentry","category-politica"],"_links":{"self":[{"href":"https:\/\/resumosergipe.com.br\/index.php?rest_route=\/wp\/v2\/posts\/2728","targetHints":{"allow":["GET"]}}],"collection":[{"href":"https:\/\/resumosergipe.com.br\/index.php?rest_route=\/wp\/v2\/posts"}],"about":[{"href":"https:\/\/resumosergipe.com.br\/index.php?rest_route=\/wp\/v2\/types\/post"}],"author":[{"embeddable":true,"href":"https:\/\/resumosergipe.com.br\/index.php?rest_route=\/wp\/v2\/users\/1"}],"replies":[{"embeddable":true,"href":"https:\/\/resumosergipe.com.br\/index.php?rest_route=%2Fwp%2Fv2%2Fcomments&post=2728"}],"version-history":[{"count":1,"href":"https:\/\/resumosergipe.com.br\/index.php?rest_route=\/wp\/v2\/posts\/2728\/revisions"}],"predecessor-version":[{"id":2730,"href":"https:\/\/resumosergipe.com.br\/index.php?rest_route=\/wp\/v2\/posts\/2728\/revisions\/2730"}],"wp:featuredmedia":[{"embeddable":true,"href":"https:\/\/resumosergipe.com.br\/index.php?rest_route=\/wp\/v2\/media\/2729"}],"wp:attachment":[{"href":"https:\/\/resumosergipe.com.br\/index.php?rest_route=%2Fwp%2Fv2%2Fmedia&parent=2728"}],"wp:term":[{"taxonomy":"category","embeddable":true,"href":"https:\/\/resumosergipe.com.br\/index.php?rest_route=%2Fwp%2Fv2%2Fcategories&post=2728"},{"taxonomy":"post_tag","embeddable":true,"href":"https:\/\/resumosergipe.com.br\/index.php?rest_route=%2Fwp%2Fv2%2Ftags&post=2728"}],"curies":[{"name":"wp","href":"https:\/\/api.w.org\/{rel}","templated":true}]}}