{"id":2741,"date":"2025-09-22T19:40:05","date_gmt":"2025-09-22T22:40:05","guid":{"rendered":"https:\/\/resumosergipe.com.br\/?p=2741"},"modified":"2025-09-22T19:40:05","modified_gmt":"2025-09-22T22:40:05","slug":"alese-concede-titulo-de-cidadao-sergipano-ao-empresario-iva-soares-santos","status":"publish","type":"post","link":"https:\/\/resumosergipe.com.br\/?p=2741","title":{"rendered":"Alese concede T\u00edtulo de Cidad\u00e3o Sergipano ao empres\u00e1rio Iv\u00e3 Soares Santos"},"content":{"rendered":"\n<p>O Plen\u00e1rio da Assembleia Legislativa de Sergipe (Alese) foi palco, nesta segunda-feira (22), de uma Sess\u00e3o Especial marcada por emo\u00e7\u00e3o, gratid\u00e3o e reconhecimento. Em clima solene, foi entregue o T\u00edtulo de Cidad\u00e3o Sergipano ao empres\u00e1rio Iv\u00e3 Soares Santos, honraria concedida a personalidades que, mesmo n\u00e3o sendo naturais do estado, prestam relevantes servi\u00e7os \u00e0 sociedade sergipana.<\/p>\n\n\n\n<p>A cerim\u00f4nia contou com a presen\u00e7a de autoridades, familiares, amigos e convidados, que celebraram o momento com entusiasmo. A iniciativa foi do ex-deputado estadual Armando Batalha, autor da propositura que deu origem \u00e0 concess\u00e3o do t\u00edtulo.<\/p>\n\n\n\n<p>Compuseram a mesa de honra o deputado estadual Adailton Martins (PSD), que presidiu a Sess\u00e3o; o homenageado; sua esposa, Miriam Soares; e o procurador de justi\u00e7a do Minist\u00e9rio P\u00fablico de Sergipe, Dr. Eduardo Lima de Matos.<\/p>\n\n\n\n<p>Representando o autor da homenagem, o deputado Adailton destacou o compromisso da Casa Legislativa em valorizar aqueles que constroem a hist\u00f3ria do estado.<\/p>\n\n\n\n<p>\u201cHoje \u00e9 um dia especial para esta Casa Legislativa. Conceder este t\u00edtulo ao senhor Iv\u00e3 Soares Santos \u00e9 fazer justi\u00e7a a uma trajet\u00f3ria marcada pelo trabalho, integridade e profundo respeito ao povo sergipano. Sua contribui\u00e7\u00e3o para o desenvolvimento social e econ\u00f4mico do nosso estado \u00e9 ineg\u00e1vel. S\u00e3o mais de 37 anos de atua\u00e7\u00e3o no ramo do agroneg\u00f3cio e no setor imobili\u00e1rio, gerando emprego, renda e movimentando a economia local. Iv\u00e3 \u00e9 um homem que tem verdadeira paix\u00e3o por Sergipe e \u00e9 muito querido por todos. Por isso, temos o prazer e a honra de reconhecer oficialmente esse v\u00ednculo, tornando-o cidad\u00e3o sergipano de direito\u201d, afirmou Adailton Martins.<\/p>\n\n\n\n<p>Natural de Salvador \u2013 Bahia, Iv\u00e3 Soares iniciou sua trajet\u00f3ria profissional ainda jovem. Em 1978, obteve o registro no Conselho Regional de Corretores de Im\u00f3veis da Bahia, iniciando uma jornada de mais de 46 anos no setor imobili\u00e1rio, que ele abra\u00e7ou como miss\u00e3o de vida.<\/p>\n\n\n\n<p>Sua chegada a Sergipe ocorreu em 1987, acompanhando a esposa, Miriam Soares, transferida para assumir uma loja no ent\u00e3o rec\u00e9m-inaugurado Shopping RioMar. Foi a partir da\u00ed que Iv\u00e3 passou a enxergar em Aracaju n\u00e3o apenas uma nova cidade, mas uma terra de oportunidades. Fundador da Legislar Imobili\u00e1ria, empresa que hoje \u00e9 refer\u00eancia no estado, Iv\u00e3 consolidou seu nome como empres\u00e1rio e corretor de im\u00f3veis. Ao longo de tr\u00eas mandatos, foi conselheiro do CRECI-SE.<\/p>\n\n\n\n<p>Com um olhar vision\u00e1rio, formou-se em Direito e passou a atuar tamb\u00e9m como advogado, com foco em Direito Imobili\u00e1rio, unindo conhecimento t\u00e9cnico \u00e0 experi\u00eancia pr\u00e1tica.<\/p>\n\n\n\n<p>Al\u00e9m disso, expandiu sua atua\u00e7\u00e3o para o agroneg\u00f3cio, atuando como pecuarista e gerando empregos diretos e indiretos no interior sergipano.<\/p>\n\n\n\n<p>Emo\u00e7\u00e3o e gratid\u00e3o<\/p>\n\n\n\n<p>Em discurso emocionado, o homenageado relembrou o in\u00edcio de sua trajet\u00f3ria em Sergipe e agradeceu pelo reconhecimento.<\/p>\n\n\n\n<p>\u201cFrancamente, eu j\u00e1 me sinto sergipano h\u00e1 muito tempo. Agora, com essa honraria, me sinto profundamente agraciado. Apesar de ter nascido na Bahia, foi em Sergipe que minha vida realmente tomou forma. Aqui constru\u00ed minha hist\u00f3ria, minha carreira, minha fam\u00edlia. Cheguei a Aracaju em 1987, vindo por conta de uma transfer\u00eancia da minha esposa. Na \u00e9poca, eu j\u00e1 tinha alguma experi\u00eancia no ramo imobili\u00e1rio e comecei a estudar o mercado local. Me apaixonei pela cidade logo de cara, uma capital pacata, perfeita para criar os filhos e iniciar uma nova etapa da vida. Hoje, olho para tr\u00e1s e vejo que fiz a escolha certa. Contribu\u00ed com o que pude para o crescimento do estado, sempre de forma honesta e com muito esfor\u00e7o. Este t\u00edtulo refor\u00e7a meu sentimento de pertencimento e gratid\u00e3o. Sergipe me acolheu como filho. Aqui constru\u00ed minhas amizades mais duradouras e minha vida inteira. Meu cora\u00e7\u00e3o \u00e9 tamb\u00e9m sergipano, com muito orgulho.\u201d<\/p>\n\n\n\n<p><em>Fonte: Alese<br>Aracaju, 22 de setembro de 2025<\/em><\/p>\n","protected":false},"excerpt":{"rendered":"<p>O Plen\u00e1rio da Assembleia Legislativa de Sergipe (Alese) foi palco, nesta segunda-feira (22), de uma Sess\u00e3o Especial marcada por emo\u00e7\u00e3o, gratid\u00e3o e reconhecimento. Em clima solene, foi entregue o T\u00edtulo de Cidad\u00e3o Sergipano ao empres\u00e1rio Iv\u00e3 Soares Santos, honraria concedida a personalidades que, mesmo n\u00e3o sendo naturais do estado, prestam relevantes servi\u00e7os \u00e0 sociedade sergipana. A cerim\u00f4nia contou com a presen\u00e7a de autoridades, familiares, amigos e convidados, que celebraram o momento com entusiasmo. A iniciativa foi do ex-deputado estadual Armando Batalha, autor da propositura que deu origem \u00e0 concess\u00e3o do t\u00edtulo. Compuseram a mesa de honra o deputado estadual Adailton Martins (PSD), que presidiu a Sess\u00e3o; o homenageado; sua esposa, Miriam Soares; e o procurador de justi\u00e7a do Minist\u00e9rio P\u00fablico de Sergipe, Dr. Eduardo Lima de Matos. Representando o autor da homenagem, o deputado Adailton destacou o compromisso da Casa Legislativa em valorizar aqueles que constroem a hist\u00f3ria do estado. \u201cHoje \u00e9 um dia especial para esta Casa Legislativa. Conceder este t\u00edtulo ao senhor Iv\u00e3 Soares Santos \u00e9 fazer justi\u00e7a a uma trajet\u00f3ria marcada pelo trabalho, integridade e profundo respeito ao povo sergipano. Sua contribui\u00e7\u00e3o para o desenvolvimento social e econ\u00f4mico do nosso estado \u00e9 ineg\u00e1vel. S\u00e3o mais de 37 anos de atua\u00e7\u00e3o no ramo do agroneg\u00f3cio e no setor imobili\u00e1rio, gerando emprego, renda e movimentando a economia local. Iv\u00e3 \u00e9 um homem que tem verdadeira paix\u00e3o por Sergipe e \u00e9 muito querido por todos. Por isso, temos o prazer e a honra de reconhecer oficialmente esse v\u00ednculo, tornando-o cidad\u00e3o sergipano de direito\u201d, afirmou Adailton Martins. Natural de Salvador \u2013 Bahia, Iv\u00e3 Soares iniciou sua trajet\u00f3ria profissional ainda jovem. Em 1978, obteve o registro no Conselho Regional de Corretores de Im\u00f3veis da Bahia, iniciando uma jornada de mais de 46 anos no setor imobili\u00e1rio, que ele abra\u00e7ou como miss\u00e3o de vida. Sua chegada a Sergipe ocorreu em 1987, acompanhando a esposa, Miriam Soares, transferida para assumir uma loja no ent\u00e3o rec\u00e9m-inaugurado Shopping RioMar. Foi a partir da\u00ed que Iv\u00e3 passou a enxergar em Aracaju n\u00e3o apenas uma nova cidade, mas uma terra de oportunidades. Fundador da Legislar Imobili\u00e1ria, empresa que hoje \u00e9 refer\u00eancia no estado, Iv\u00e3 consolidou seu nome como empres\u00e1rio e corretor de im\u00f3veis. Ao longo de tr\u00eas mandatos, foi conselheiro do CRECI-SE. Com um olhar vision\u00e1rio, formou-se em Direito e passou a atuar tamb\u00e9m como advogado, com foco em Direito Imobili\u00e1rio, unindo conhecimento t\u00e9cnico \u00e0 experi\u00eancia pr\u00e1tica. Al\u00e9m disso, expandiu sua atua\u00e7\u00e3o para o agroneg\u00f3cio, atuando como pecuarista e gerando empregos diretos e indiretos no interior sergipano. Emo\u00e7\u00e3o e gratid\u00e3o Em discurso emocionado, o homenageado relembrou o in\u00edcio de sua trajet\u00f3ria em Sergipe e agradeceu pelo reconhecimento. \u201cFrancamente, eu j\u00e1 me sinto sergipano h\u00e1 muito tempo. Agora, com essa honraria, me sinto profundamente agraciado. Apesar de ter nascido na Bahia, foi em Sergipe que minha vida realmente tomou forma. Aqui constru\u00ed minha hist\u00f3ria, minha carreira, minha fam\u00edlia. Cheguei a Aracaju em 1987, vindo por conta de uma transfer\u00eancia da minha esposa. Na \u00e9poca, eu j\u00e1 tinha alguma experi\u00eancia no ramo imobili\u00e1rio e comecei a estudar o mercado local. Me apaixonei pela cidade logo de cara, uma capital pacata, perfeita para criar os filhos e iniciar uma nova etapa da vida. Hoje, olho para tr\u00e1s e vejo que fiz a escolha certa. Contribu\u00ed com o que pude para o crescimento do estado, sempre de forma honesta e com muito esfor\u00e7o. Este t\u00edtulo refor\u00e7a meu sentimento de pertencimento e gratid\u00e3o. Sergipe me acolheu como filho. Aqui constru\u00ed minhas amizades mais duradouras e minha vida inteira. Meu cora\u00e7\u00e3o \u00e9 tamb\u00e9m sergipano, com muito orgulho.\u201d Fonte: AleseAracaju, 22 de setembro de 2025<\/p>\n","protected":false},"author":1,"featured_media":2742,"comment_status":"open","ping_status":"open","sticky":false,"template":"","format":"standard","meta":{"footnotes":""},"categories":[1],"tags":[],"class_list":["post-2741","post","type-post","status-publish","format-standard","has-post-thumbnail","hentry","category-blog"],"_links":{"self":[{"href":"https:\/\/resumosergipe.com.br\/index.php?rest_route=\/wp\/v2\/posts\/2741","targetHints":{"allow":["GET"]}}],"collection":[{"href":"https:\/\/resumosergipe.com.br\/index.php?rest_route=\/wp\/v2\/posts"}],"about":[{"href":"https:\/\/resumosergipe.com.br\/index.php?rest_route=\/wp\/v2\/types\/post"}],"author":[{"embeddable":true,"href":"https:\/\/resumosergipe.com.br\/index.php?rest_route=\/wp\/v2\/users\/1"}],"replies":[{"embeddable":true,"href":"https:\/\/resumosergipe.com.br\/index.php?rest_route=%2Fwp%2Fv2%2Fcomments&post=2741"}],"version-history":[{"count":1,"href":"https:\/\/resumosergipe.com.br\/index.php?rest_route=\/wp\/v2\/posts\/2741\/revisions"}],"predecessor-version":[{"id":2743,"href":"https:\/\/resumosergipe.com.br\/index.php?rest_route=\/wp\/v2\/posts\/2741\/revisions\/2743"}],"wp:featuredmedia":[{"embeddable":true,"href":"https:\/\/resumosergipe.com.br\/index.php?rest_route=\/wp\/v2\/media\/2742"}],"wp:attachment":[{"href":"https:\/\/resumosergipe.com.br\/index.php?rest_route=%2Fwp%2Fv2%2Fmedia&parent=2741"}],"wp:term":[{"taxonomy":"category","embeddable":true,"href":"https:\/\/resumosergipe.com.br\/index.php?rest_route=%2Fwp%2Fv2%2Fcategories&post=2741"},{"taxonomy":"post_tag","embeddable":true,"href":"https:\/\/resumosergipe.com.br\/index.php?rest_route=%2Fwp%2Fv2%2Ftags&post=2741"}],"curies":[{"name":"wp","href":"https:\/\/api.w.org\/{rel}","templated":true}]}}