{"id":2747,"date":"2025-09-24T19:27:46","date_gmt":"2025-09-24T22:27:46","guid":{"rendered":"https:\/\/resumosergipe.com.br\/?p=2747"},"modified":"2025-09-24T19:27:46","modified_gmt":"2025-09-24T22:27:46","slug":"deputado-marcelo-sobral-parabeniza-agroshow-de-caninde-de-sao-francisco","status":"publish","type":"post","link":"https:\/\/resumosergipe.com.br\/?p=2747","title":{"rendered":"Deputado Marcelo Sobral parabeniza Agroshow de Canind\u00e9 de S\u00e3o Francisco"},"content":{"rendered":"\n<p>O deputado Marcelo Sobral (Uni\u00e3o Brasil) utilizou a Tribuna para parabenizar o prefeito de Canind\u00e9 de S\u00e3o Francisco, Machadinho (Uni\u00e3o), e o vice-prefeito Pank (PSDB) pela realiza\u00e7\u00e3o da primeira edi\u00e7\u00e3o do Canind\u00e9 Agroshow, evento voltado para os produtores rurais e para o fortalecimento do setor agropecu\u00e1rio no Alto Sert\u00e3o sergipano.<\/p>\n\n\n\n<p>\u201cFoi uma feira muito importante, que movimentou mais de 60 mil pessoas entre a \u00e1rea de exposi\u00e7\u00f5es e os shows, gerando mais de R$ 8 milh\u00f5es em neg\u00f3cios. Hot\u00e9is lotados, com\u00e9rcio aquecido, vendas de maquin\u00e1rios e implementos agr\u00edcolas. Um sucesso absoluto j\u00e1 na primeira edi\u00e7\u00e3o\u201d, destacou.<\/p>\n\n\n\n<p>O parlamentar ressaltou ainda o empenho da atual gest\u00e3o municipal. \u201cO prefeito Machadinho j\u00e1 vem se destacando em seu primeiro ano de mandato, promovendo eventos como o Carnaval dos C\u00e2nions, o Exalta A\u00ea, o Arraial dos C\u00e2nions e agora o Canind\u00e9 Agroshow. Isso mostra que, al\u00e9m de suas belezas naturais e do turismo, Canind\u00e9 tamb\u00e9m tem for\u00e7a no setor produtivo. Esse tipo de evento n\u00e3o \u00e9 gasto, \u00e9 investimento, e os resultados j\u00e1 comprovam isso\u201d, afirmou.<\/p>\n\n\n\n<p>Marcelo Sobral refor\u00e7ou que a iniciativa elevou a autoestima da popula\u00e7\u00e3o e consolidou o munic\u00edpio como refer\u00eancia. \u201cCanind\u00e9 de S\u00e3o Francisco est\u00e1 com hot\u00e9is e pousadas lotados, restaurantes movimentados e novos empreendimentos sendo abertos. \u00c9 fundamental que o poder p\u00fablico continue apoiando esse tipo de a\u00e7\u00e3o, que leva o nome do munic\u00edpio n\u00e3o s\u00f3 para Sergipe, mas para todo o Brasil\u201d, disse.<\/p>\n\n\n\n<p><strong>Convite<\/strong><\/p>\n\n\n\n<p>O deputado tamb\u00e9m aproveitou para convidar a popula\u00e7\u00e3o para a Festa do Vaqueiro de Porto da Folha, considerada a maior festa de gib\u00e3o do mundo, que acontece de 25 a 29 de setembro. \u201cO prefeito Everton da Sa\u00fade (Uni\u00e3o), tamb\u00e9m em seu primeiro ano de mandato, est\u00e1 organizando um grande evento, com programa\u00e7\u00e3o diversificada que une tradi\u00e7\u00e3o, m\u00fasica e valoriza\u00e7\u00e3o da cultura sertaneja. A abertura ser\u00e1 no dia 25, na Pra\u00e7a Matriz, e ao longo dos dias teremos grandes nomes da m\u00fasica nacional e regional, al\u00e9m do tradicional Festival de Folclore, Cultura e Artes\u201d, anunciou.<\/p>\n\n\n\n<p><em>Fonte: ALESE<br>Aracaju, 24 de setembro de 2025<\/em><\/p>\n","protected":false},"excerpt":{"rendered":"<p>O deputado Marcelo Sobral (Uni\u00e3o Brasil) utilizou a Tribuna para parabenizar o prefeito de Canind\u00e9 de S\u00e3o Francisco, Machadinho (Uni\u00e3o), e o vice-prefeito Pank (PSDB) pela realiza\u00e7\u00e3o da primeira edi\u00e7\u00e3o do Canind\u00e9 Agroshow, evento voltado para os produtores rurais e para o fortalecimento do setor agropecu\u00e1rio no Alto Sert\u00e3o sergipano. \u201cFoi uma feira muito importante, que movimentou mais de 60 mil pessoas entre a \u00e1rea de exposi\u00e7\u00f5es e os shows, gerando mais de R$ 8 milh\u00f5es em neg\u00f3cios. Hot\u00e9is lotados, com\u00e9rcio aquecido, vendas de maquin\u00e1rios e implementos agr\u00edcolas. Um sucesso absoluto j\u00e1 na primeira edi\u00e7\u00e3o\u201d, destacou. O parlamentar ressaltou ainda o empenho da atual gest\u00e3o municipal. \u201cO prefeito Machadinho j\u00e1 vem se destacando em seu primeiro ano de mandato, promovendo eventos como o Carnaval dos C\u00e2nions, o Exalta A\u00ea, o Arraial dos C\u00e2nions e agora o Canind\u00e9 Agroshow. Isso mostra que, al\u00e9m de suas belezas naturais e do turismo, Canind\u00e9 tamb\u00e9m tem for\u00e7a no setor produtivo. Esse tipo de evento n\u00e3o \u00e9 gasto, \u00e9 investimento, e os resultados j\u00e1 comprovam isso\u201d, afirmou. Marcelo Sobral refor\u00e7ou que a iniciativa elevou a autoestima da popula\u00e7\u00e3o e consolidou o munic\u00edpio como refer\u00eancia. \u201cCanind\u00e9 de S\u00e3o Francisco est\u00e1 com hot\u00e9is e pousadas lotados, restaurantes movimentados e novos empreendimentos sendo abertos. \u00c9 fundamental que o poder p\u00fablico continue apoiando esse tipo de a\u00e7\u00e3o, que leva o nome do munic\u00edpio n\u00e3o s\u00f3 para Sergipe, mas para todo o Brasil\u201d, disse. Convite O deputado tamb\u00e9m aproveitou para convidar a popula\u00e7\u00e3o para a Festa do Vaqueiro de Porto da Folha, considerada a maior festa de gib\u00e3o do mundo, que acontece de 25 a 29 de setembro. \u201cO prefeito Everton da Sa\u00fade (Uni\u00e3o), tamb\u00e9m em seu primeiro ano de mandato, est\u00e1 organizando um grande evento, com programa\u00e7\u00e3o diversificada que une tradi\u00e7\u00e3o, m\u00fasica e valoriza\u00e7\u00e3o da cultura sertaneja. A abertura ser\u00e1 no dia 25, na Pra\u00e7a Matriz, e ao longo dos dias teremos grandes nomes da m\u00fasica nacional e regional, al\u00e9m do tradicional Festival de Folclore, Cultura e Artes\u201d, anunciou. Fonte: ALESEAracaju, 24 de setembro de 2025<\/p>\n","protected":false},"author":1,"featured_media":2748,"comment_status":"open","ping_status":"open","sticky":false,"template":"","format":"standard","meta":{"footnotes":""},"categories":[32],"tags":[41],"class_list":["post-2747","post","type-post","status-publish","format-standard","has-post-thumbnail","hentry","category-sergipe","tag-agronegocio"],"_links":{"self":[{"href":"https:\/\/resumosergipe.com.br\/index.php?rest_route=\/wp\/v2\/posts\/2747","targetHints":{"allow":["GET"]}}],"collection":[{"href":"https:\/\/resumosergipe.com.br\/index.php?rest_route=\/wp\/v2\/posts"}],"about":[{"href":"https:\/\/resumosergipe.com.br\/index.php?rest_route=\/wp\/v2\/types\/post"}],"author":[{"embeddable":true,"href":"https:\/\/resumosergipe.com.br\/index.php?rest_route=\/wp\/v2\/users\/1"}],"replies":[{"embeddable":true,"href":"https:\/\/resumosergipe.com.br\/index.php?rest_route=%2Fwp%2Fv2%2Fcomments&post=2747"}],"version-history":[{"count":1,"href":"https:\/\/resumosergipe.com.br\/index.php?rest_route=\/wp\/v2\/posts\/2747\/revisions"}],"predecessor-version":[{"id":2749,"href":"https:\/\/resumosergipe.com.br\/index.php?rest_route=\/wp\/v2\/posts\/2747\/revisions\/2749"}],"wp:featuredmedia":[{"embeddable":true,"href":"https:\/\/resumosergipe.com.br\/index.php?rest_route=\/wp\/v2\/media\/2748"}],"wp:attachment":[{"href":"https:\/\/resumosergipe.com.br\/index.php?rest_route=%2Fwp%2Fv2%2Fmedia&parent=2747"}],"wp:term":[{"taxonomy":"category","embeddable":true,"href":"https:\/\/resumosergipe.com.br\/index.php?rest_route=%2Fwp%2Fv2%2Fcategories&post=2747"},{"taxonomy":"post_tag","embeddable":true,"href":"https:\/\/resumosergipe.com.br\/index.php?rest_route=%2Fwp%2Fv2%2Ftags&post=2747"}],"curies":[{"name":"wp","href":"https:\/\/api.w.org\/{rel}","templated":true}]}}