{"id":2763,"date":"2025-10-16T18:09:46","date_gmt":"2025-10-16T21:09:46","guid":{"rendered":"https:\/\/resumosergipe.com.br\/?p=2763"},"modified":"2025-10-16T18:09:47","modified_gmt":"2025-10-16T21:09:47","slug":"alese-e-academia-sergipana-de-letras-juridicas-firmam-acordo-de-cooperacao-tecnica","status":"publish","type":"post","link":"https:\/\/resumosergipe.com.br\/?p=2763","title":{"rendered":"Alese e Academia Sergipana de Letras Jur\u00eddicas firmam Acordo de Coopera\u00e7\u00e3o T\u00e9cnica"},"content":{"rendered":"\n<p>A Assembleia Legislativa de Sergipe (Alese) e a Academia Sergipana de Letras Jur\u00eddicas (ASLJ) firmaram, nesta quinta-feira (16), um Acordo de Coopera\u00e7\u00e3o T\u00e9cnica com o objetivo de fortalecer a troca de conhecimentos, promover atividades educacionais e culturais e ampliar o di\u00e1logo entre o Poder Legislativo e o meio jur\u00eddico-acad\u00eamico do estado.<\/p>\n\n\n\n<p>O acordo foi assinado durante cerim\u00f4nia realizada na sede da Alese, com a presen\u00e7a do presidente Jeferson Andrade (PSD), o secret\u00e1rio-geral da Mesa Diretora Igor Albuquerque, representantes da ASLJ e autoridade do meio jur\u00eddico. A parceria prev\u00ea a realiza\u00e7\u00e3o de cursos, palestras, semin\u00e1rios, publica\u00e7\u00f5es e eventos conjuntos, voltados \u00e0 forma\u00e7\u00e3o cidad\u00e3 e ao aprimoramento das pr\u00e1ticas legislativas e jur\u00eddicas.<\/p>\n\n\n\n<p>O presidente da Alese, deputado Jeferson Andrade (PSD), destacou a import\u00e2ncia da assinatura de mais um termo de coopera\u00e7\u00e3o voltado \u00e0 valoriza\u00e7\u00e3o da cultura e da mem\u00f3ria do Estado. De acordo com ele, o termo tem como objetivo preservar a hist\u00f3ria dos juristas sergipanos que contribu\u00edram n\u00e3o apenas no campo pol\u00edtico e t\u00e9cnico, mas tamb\u00e9m no desenvolvimento jur\u00eddico de Sergipe.<\/p>\n\n\n\n<p>\u201cMais um termo de coopera\u00e7\u00e3o assinado hoje, dessa vez no tocante \u00e0 cultura, \u00e0 preserva\u00e7\u00e3o da mem\u00f3ria sergipana e ao resgate da import\u00e2ncia dos nossos juristas, que at\u00e9 passaram tamb\u00e9m aqui pela Alese. A finalidade \u00e9 divulgar mais essas pessoas que t\u00eam uma contribui\u00e7\u00e3o important\u00edssima na parte jur\u00eddica, n\u00e3o s\u00f3 pol\u00edtica e t\u00e9cnica\u201d, afirmou Jeferson Andrade. O parlamentar ressaltou ainda o sentimento de gratid\u00e3o por reconhecer figuras que marcaram a hist\u00f3ria do Estado. \u201cFicamos bastante felizes em poder homenagear pessoas importantes que deram e ainda d\u00e3o sua contribui\u00e7\u00e3o ao Judici\u00e1rio sergipano. Esse termo de coopera\u00e7\u00e3o \u00e9 fundamental para que a mem\u00f3ria do nosso povo n\u00e3o seja esquecida\u201d, completou.<\/p>\n\n\n\n<p>O secret\u00e1rio-geral da Mesa Diretora Alese, Igor Albuquerque, destacou a relev\u00e2ncia da renova\u00e7\u00e3o do termo de coopera\u00e7\u00e3o entre o Parlamento sergipano e a ASLJ. Segundo ele, a iniciativa representa o resgate da mem\u00f3ria e da cultura jur\u00eddica de Sergipe, valorizando grandes nomes que marcaram a hist\u00f3ria do Estado e contribu\u00edram com o desenvolvimento do pensamento jur\u00eddico e pol\u00edtico. \u201c\u00c9 a renova\u00e7\u00e3o de uma parceria que j\u00e1 existe, uma parceria prof\u00edcua entre a Assembleia Legislativa e a Academia Sergipana de Letras Jur\u00eddicas. A Alese tem tido esse hist\u00f3rico e essa preocupa\u00e7\u00e3o de realizar coopera\u00e7\u00f5es institucionais com v\u00e1rias entidades da sociedade civil, colaborando na dissemina\u00e7\u00e3o de aspectos culturais, da nossa hist\u00f3ria e da preserva\u00e7\u00e3o da mem\u00f3ria sergipana\u201d, afirmou.<\/p>\n\n\n\n<p>Igor Albuquerque ressaltou ainda que a coopera\u00e7\u00e3o n\u00e3o se limita ao campo hist\u00f3rico e cultural, mas tamb\u00e9m se estende ao debate jur\u00eddico e \u00e0 produ\u00e7\u00e3o legislativa. \u201cA proposta \u00e9 que a Assembleia participe, junto com os acad\u00eamicos e not\u00e1veis juristas sergipanos, da discuss\u00e3o de problem\u00e1ticas jur\u00eddicas e sociais, da proposi\u00e7\u00e3o de artigos e da realiza\u00e7\u00e3o de eventos. A Alese \u00e9, por excel\u00eancia, a Casa das Leis, respons\u00e1vel pela cria\u00e7\u00e3o e aprimoramento do direito estadual. Por isso, temos a miss\u00e3o n\u00e3o s\u00f3 de olhar para o passado, mas tamb\u00e9m de construir novas leis que atendam cada vez melhor \u00e0 popula\u00e7\u00e3o sergipana\u201d, destacou.<\/p>\n\n\n\n<p>O presidente da Academia Sergipana de Letras Jur\u00eddicas, Eduardo Mac\u00eado, destacou a relev\u00e2ncia da parceria firmada com a Alese, ressaltando que o conv\u00eanio representa um passo importante no resgate da mem\u00f3ria jur\u00eddica e cultural do Estado. \u201cA Academia Sergipana de Letras Jur\u00eddicas completou dez anos de fundada e tem como um de seus principais objetivos o resgate da mem\u00f3ria dos juristas sergipanos, que s\u00e3o fundamentais para a constru\u00e7\u00e3o da nossa hist\u00f3ria legislativa, desde a elabora\u00e7\u00e3o da Constitui\u00e7\u00e3o de Sergipe at\u00e9 a produ\u00e7\u00e3o normativa da Assembleia\u201d, explicou. Ele destacou que a institui\u00e7\u00e3o re\u00fane 30 membros entre magistrados, professores, pesquisadores e juristas de renome, como o ministro do Tribunal Superior do Trabalho (TST), Augusto C\u00e9sar de Carvalho e a desembargadora Ana L\u00facia dos Anjos. \u201cCada um, em sua \u00e1rea de atua\u00e7\u00e3o, leva um pouco da contribui\u00e7\u00e3o da academia para o ambiente jur\u00eddico e acad\u00eamico\u201d, completou.<\/p>\n\n\n\n<p>Eduardo Mac\u00eado enfatizou ainda que o apoio do presidente da Alese, Jeferson Andrade, foi essencial para a consolida\u00e7\u00e3o do conv\u00eanio t\u00e9cnico, que permitir\u00e1 ampliar a\u00e7\u00f5es voltadas \u00e0 preserva\u00e7\u00e3o hist\u00f3rica e ao fortalecimento institucional. \u201cEsse conv\u00eanio cumpre os objetivos da academia, colaborando com o funcionamento da Assembleia, a preserva\u00e7\u00e3o de documentos hist\u00f3ricos e a perpetua\u00e7\u00e3o da mem\u00f3ria legislativa\u201d, afirmou. O presidente da ASLJ tamb\u00e9m anunciou a realiza\u00e7\u00e3o de um evento conjunto no dia 24 de outubro, na Escola do Legislativo (Elese), em comemora\u00e7\u00e3o aos 200 anos da instala\u00e7\u00e3o da Assembleia Legislativa, aos 190 anos de funcionamento da Casa e aos 10 anos da funda\u00e7\u00e3o da academia. \u201cTeremos palestras do juiz federal Ronivon Arag\u00e3o e do doutor Igor Albuquerque, representando a Alese, fortalecendo esse interc\u00e2mbio entre a academia e o Parlamento sergipano\u201d, concluiu.<\/p>\n\n\n\n<p>A Alese tamb\u00e9m fechou parceria com a Secretaria de Estado da Administra\u00e7\u00e3o (SEAD) sobre os Jogos dos Servidores, ainda nesta manh\u00e3, foi assinado o termo de coopera\u00e7\u00e3o entre o Executivo por meio da SEAD e o Poder Legislativo.<\/p>\n\n\n\n<p>A secret\u00e1ria de Estado da Administra\u00e7\u00e3o, Lucivanda Nunes Rodrigues, destacou a parceria da Alese nas a\u00e7\u00f5es voltadas ao bem-estar e valoriza\u00e7\u00e3o dos servidores p\u00fablicos. \u201cA Assembleia \u00e9 nossa parceira nos Jogos dos Servidores, que ter\u00e3o abertura no dia 30 de outubro, encerrando o m\u00eas do servidor e dando in\u00edcio \u00e0s competi\u00e7\u00f5es durante todo o m\u00eas de novembro. Ser\u00e3o mais de tr\u00eas mil servidores participando, e a Assembleia est\u00e1 junto tamb\u00e9m na segunda Corrida do Servidor, que acontece neste domingo, a partir das seis da manh\u00e3\u201d, afirmou. Segundo ela, as iniciativas buscam promover o cuidado com a sa\u00fade f\u00edsica e mental dos profissionais que comp\u00f5em o funcionalismo p\u00fablico estadual.<\/p>\n\n\n\n<p>Lucivanda Nunes ressaltou ainda que o evento faz parte de um termo de coopera\u00e7\u00e3o firmado entre a Secretaria de Estado da Administra\u00e7\u00e3o, a Alese e outros poderes, refor\u00e7ando o compromisso conjunto com a qualidade de vida dos servidores. \u201cEssas a\u00e7\u00f5es fazem parte do nosso programa de sa\u00fade e bem-estar, e aproveitamos o m\u00eas de outubro, quando se comemora o Dia do Servidor, para ampliar essas atividades. N\u00f3s n\u00e3o comemoramos apenas o dia, mas todo o m\u00eas, valorizando quem faz o servi\u00e7o p\u00fablico acontecer em Sergipe\u201d, destacou a secret\u00e1ria.<\/p>\n\n\n\n<p><em>Fonte: Alese<br>Aracaju, 16 de outubro de 2025<\/em><\/p>\n","protected":false},"excerpt":{"rendered":"<p>A Assembleia Legislativa de Sergipe (Alese) e a Academia Sergipana de Letras Jur\u00eddicas (ASLJ) firmaram, nesta quinta-feira (16), um Acordo de Coopera\u00e7\u00e3o T\u00e9cnica com o objetivo de fortalecer a troca de conhecimentos, promover atividades educacionais e culturais e ampliar o di\u00e1logo entre o Poder Legislativo e o meio jur\u00eddico-acad\u00eamico do estado. O acordo foi assinado durante cerim\u00f4nia realizada na sede da Alese, com a presen\u00e7a do presidente Jeferson Andrade (PSD), o secret\u00e1rio-geral da Mesa Diretora Igor Albuquerque, representantes da ASLJ e autoridade do meio jur\u00eddico. A parceria prev\u00ea a realiza\u00e7\u00e3o de cursos, palestras, semin\u00e1rios, publica\u00e7\u00f5es e eventos conjuntos, voltados \u00e0 forma\u00e7\u00e3o cidad\u00e3 e ao aprimoramento das pr\u00e1ticas legislativas e jur\u00eddicas. O presidente da Alese, deputado Jeferson Andrade (PSD), destacou a import\u00e2ncia da assinatura de mais um termo de coopera\u00e7\u00e3o voltado \u00e0 valoriza\u00e7\u00e3o da cultura e da mem\u00f3ria do Estado. De acordo com ele, o termo tem como objetivo preservar a hist\u00f3ria dos juristas sergipanos que contribu\u00edram n\u00e3o apenas no campo pol\u00edtico e t\u00e9cnico, mas tamb\u00e9m no desenvolvimento jur\u00eddico de Sergipe. \u201cMais um termo de coopera\u00e7\u00e3o assinado hoje, dessa vez no tocante \u00e0 cultura, \u00e0 preserva\u00e7\u00e3o da mem\u00f3ria sergipana e ao resgate da import\u00e2ncia dos nossos juristas, que at\u00e9 passaram tamb\u00e9m aqui pela Alese. A finalidade \u00e9 divulgar mais essas pessoas que t\u00eam uma contribui\u00e7\u00e3o important\u00edssima na parte jur\u00eddica, n\u00e3o s\u00f3 pol\u00edtica e t\u00e9cnica\u201d, afirmou Jeferson Andrade. O parlamentar ressaltou ainda o sentimento de gratid\u00e3o por reconhecer figuras que marcaram a hist\u00f3ria do Estado. \u201cFicamos bastante felizes em poder homenagear pessoas importantes que deram e ainda d\u00e3o sua contribui\u00e7\u00e3o ao Judici\u00e1rio sergipano. Esse termo de coopera\u00e7\u00e3o \u00e9 fundamental para que a mem\u00f3ria do nosso povo n\u00e3o seja esquecida\u201d, completou. O secret\u00e1rio-geral da Mesa Diretora Alese, Igor Albuquerque, destacou a relev\u00e2ncia da renova\u00e7\u00e3o do termo de coopera\u00e7\u00e3o entre o Parlamento sergipano e a ASLJ. Segundo ele, a iniciativa representa o resgate da mem\u00f3ria e da cultura jur\u00eddica de Sergipe, valorizando grandes nomes que marcaram a hist\u00f3ria do Estado e contribu\u00edram com o desenvolvimento do pensamento jur\u00eddico e pol\u00edtico. \u201c\u00c9 a renova\u00e7\u00e3o de uma parceria que j\u00e1 existe, uma parceria prof\u00edcua entre a Assembleia Legislativa e a Academia Sergipana de Letras Jur\u00eddicas. A Alese tem tido esse hist\u00f3rico e essa preocupa\u00e7\u00e3o de realizar coopera\u00e7\u00f5es institucionais com v\u00e1rias entidades da sociedade civil, colaborando na dissemina\u00e7\u00e3o de aspectos culturais, da nossa hist\u00f3ria e da preserva\u00e7\u00e3o da mem\u00f3ria sergipana\u201d, afirmou. Igor Albuquerque ressaltou ainda que a coopera\u00e7\u00e3o n\u00e3o se limita ao campo hist\u00f3rico e cultural, mas tamb\u00e9m se estende ao debate jur\u00eddico e \u00e0 produ\u00e7\u00e3o legislativa. \u201cA proposta \u00e9 que a Assembleia participe, junto com os acad\u00eamicos e not\u00e1veis juristas sergipanos, da discuss\u00e3o de problem\u00e1ticas jur\u00eddicas e sociais, da proposi\u00e7\u00e3o de artigos e da realiza\u00e7\u00e3o de eventos. A Alese \u00e9, por excel\u00eancia, a Casa das Leis, respons\u00e1vel pela cria\u00e7\u00e3o e aprimoramento do direito estadual. Por isso, temos a miss\u00e3o n\u00e3o s\u00f3 de olhar para o passado, mas tamb\u00e9m de construir novas leis que atendam cada vez melhor \u00e0 popula\u00e7\u00e3o sergipana\u201d, destacou. O presidente da Academia Sergipana de Letras Jur\u00eddicas, Eduardo Mac\u00eado, destacou a relev\u00e2ncia da parceria firmada com a Alese, ressaltando que o conv\u00eanio representa um passo importante no resgate da mem\u00f3ria jur\u00eddica e cultural do Estado. \u201cA Academia Sergipana de Letras Jur\u00eddicas completou dez anos de fundada e tem como um de seus principais objetivos o resgate da mem\u00f3ria dos juristas sergipanos, que s\u00e3o fundamentais para a constru\u00e7\u00e3o da nossa hist\u00f3ria legislativa, desde a elabora\u00e7\u00e3o da Constitui\u00e7\u00e3o de Sergipe at\u00e9 a produ\u00e7\u00e3o normativa da Assembleia\u201d, explicou. Ele destacou que a institui\u00e7\u00e3o re\u00fane 30 membros entre magistrados, professores, pesquisadores e juristas de renome, como o ministro do Tribunal Superior do Trabalho (TST), Augusto C\u00e9sar de Carvalho e a desembargadora Ana L\u00facia dos Anjos. \u201cCada um, em sua \u00e1rea de atua\u00e7\u00e3o, leva um pouco da contribui\u00e7\u00e3o da academia para o ambiente jur\u00eddico e acad\u00eamico\u201d, completou. Eduardo Mac\u00eado enfatizou ainda que o apoio do presidente da Alese, Jeferson Andrade, foi essencial para a consolida\u00e7\u00e3o do conv\u00eanio t\u00e9cnico, que permitir\u00e1 ampliar a\u00e7\u00f5es voltadas \u00e0 preserva\u00e7\u00e3o hist\u00f3rica e ao fortalecimento institucional. \u201cEsse conv\u00eanio cumpre os objetivos da academia, colaborando com o funcionamento da Assembleia, a preserva\u00e7\u00e3o de documentos hist\u00f3ricos e a perpetua\u00e7\u00e3o da mem\u00f3ria legislativa\u201d, afirmou. O presidente da ASLJ tamb\u00e9m anunciou a realiza\u00e7\u00e3o de um evento conjunto no dia 24 de outubro, na Escola do Legislativo (Elese), em comemora\u00e7\u00e3o aos 200 anos da instala\u00e7\u00e3o da Assembleia Legislativa, aos 190 anos de funcionamento da Casa e aos 10 anos da funda\u00e7\u00e3o da academia. \u201cTeremos palestras do juiz federal Ronivon Arag\u00e3o e do doutor Igor Albuquerque, representando a Alese, fortalecendo esse interc\u00e2mbio entre a academia e o Parlamento sergipano\u201d, concluiu. A Alese tamb\u00e9m fechou parceria com a Secretaria de Estado da Administra\u00e7\u00e3o (SEAD) sobre os Jogos dos Servidores, ainda nesta manh\u00e3, foi assinado o termo de coopera\u00e7\u00e3o entre o Executivo por meio da SEAD e o Poder Legislativo. A secret\u00e1ria de Estado da Administra\u00e7\u00e3o, Lucivanda Nunes Rodrigues, destacou a parceria da Alese nas a\u00e7\u00f5es voltadas ao bem-estar e valoriza\u00e7\u00e3o dos servidores p\u00fablicos. \u201cA Assembleia \u00e9 nossa parceira nos Jogos dos Servidores, que ter\u00e3o abertura no dia 30 de outubro, encerrando o m\u00eas do servidor e dando in\u00edcio \u00e0s competi\u00e7\u00f5es durante todo o m\u00eas de novembro. Ser\u00e3o mais de tr\u00eas mil servidores participando, e a Assembleia est\u00e1 junto tamb\u00e9m na segunda Corrida do Servidor, que acontece neste domingo, a partir das seis da manh\u00e3\u201d, afirmou. Segundo ela, as iniciativas buscam promover o cuidado com a sa\u00fade f\u00edsica e mental dos profissionais que comp\u00f5em o funcionalismo p\u00fablico estadual. Lucivanda Nunes ressaltou ainda que o evento faz parte de um termo de coopera\u00e7\u00e3o firmado entre a Secretaria de Estado da Administra\u00e7\u00e3o, a Alese e outros poderes, refor\u00e7ando o compromisso conjunto com a qualidade de vida dos servidores. \u201cEssas a\u00e7\u00f5es fazem parte do nosso programa de sa\u00fade e bem-estar, e aproveitamos o m\u00eas de outubro, quando se comemora o Dia do Servidor, para ampliar essas atividades. N\u00f3s n\u00e3o comemoramos apenas o dia, mas todo o m\u00eas, valorizando quem faz o servi\u00e7o p\u00fablico acontecer em<\/p>\n","protected":false},"author":1,"featured_media":2764,"comment_status":"open","ping_status":"open","sticky":false,"template":"","format":"standard","meta":{"footnotes":""},"categories":[116],"tags":[38],"class_list":["post-2763","post","type-post","status-publish","format-standard","has-post-thumbnail","hentry","category-governo","tag-alese"],"_links":{"self":[{"href":"https:\/\/resumosergipe.com.br\/index.php?rest_route=\/wp\/v2\/posts\/2763","targetHints":{"allow":["GET"]}}],"collection":[{"href":"https:\/\/resumosergipe.com.br\/index.php?rest_route=\/wp\/v2\/posts"}],"about":[{"href":"https:\/\/resumosergipe.com.br\/index.php?rest_route=\/wp\/v2\/types\/post"}],"author":[{"embeddable":true,"href":"https:\/\/resumosergipe.com.br\/index.php?rest_route=\/wp\/v2\/users\/1"}],"replies":[{"embeddable":true,"href":"https:\/\/resumosergipe.com.br\/index.php?rest_route=%2Fwp%2Fv2%2Fcomments&post=2763"}],"version-history":[{"count":1,"href":"https:\/\/resumosergipe.com.br\/index.php?rest_route=\/wp\/v2\/posts\/2763\/revisions"}],"predecessor-version":[{"id":2765,"href":"https:\/\/resumosergipe.com.br\/index.php?rest_route=\/wp\/v2\/posts\/2763\/revisions\/2765"}],"wp:featuredmedia":[{"embeddable":true,"href":"https:\/\/resumosergipe.com.br\/index.php?rest_route=\/wp\/v2\/media\/2764"}],"wp:attachment":[{"href":"https:\/\/resumosergipe.com.br\/index.php?rest_route=%2Fwp%2Fv2%2Fmedia&parent=2763"}],"wp:term":[{"taxonomy":"category","embeddable":true,"href":"https:\/\/resumosergipe.com.br\/index.php?rest_route=%2Fwp%2Fv2%2Fcategories&post=2763"},{"taxonomy":"post_tag","embeddable":true,"href":"https:\/\/resumosergipe.com.br\/index.php?rest_route=%2Fwp%2Fv2%2Ftags&post=2763"}],"curies":[{"name":"wp","href":"https:\/\/api.w.org\/{rel}","templated":true}]}}