{"id":2766,"date":"2025-10-16T18:15:27","date_gmt":"2025-10-16T21:15:27","guid":{"rendered":"https:\/\/resumosergipe.com.br\/?p=2766"},"modified":"2025-10-16T18:15:28","modified_gmt":"2025-10-16T21:15:28","slug":"sergipe-e-homenageado-pela-azul-linhas-aereas-com-aeronave-personalizada-com-elementos-do-estado","status":"publish","type":"post","link":"https:\/\/resumosergipe.com.br\/?p=2766","title":{"rendered":"Sergipe \u00e9 homenageado pela Azul Linhas A\u00e9reas com aeronave personalizada com elementos do estado"},"content":{"rendered":"\n<p>O governador F\u00e1bio Mitidieri acompanhou, nesta quinta-feira, 16, o lan\u00e7amento da aeronave personalizada da Azul Linhas A\u00e9reas, em homenagem ao estado de Sergipe. O evento aconteceu no Aeroporto Internacional de Bras\u00edlia \u2013 Presidente Juscelino Kubitschek, e faz parte do fortalecimento da parceria entre a companhia e o Governo de Sergipe, no compromisso de valoriza\u00e7\u00e3o da cultura e hist\u00f3ria do povo sergipano. A deputada federal Katarina Feitoza acompanhou a solenidade.<\/p>\n\n\n\n<p>Em setembro passado, a Azul j\u00e1 havia anunciado 100 voos extras para Sergipe, na alta temporada do Ver\u00e3o 2025\/2026. Os novos voos semanais sair\u00e3o de Confins (MG) e Congonhas (SP), resultando em mais de 13,6 mil assentos adicionais, como destacou o governador. \u201c\u00c9 um dia simb\u00f3lico. Parece uma coisa simples, mas representa todo investimento que o estado tem feito no turismo, na amplia\u00e7\u00e3o do n\u00famero de voos e do n\u00famero de assentos e destinos. \u00c9 uma aeronave que ficar\u00e1 na malha livre, de mais de 100 destinos que a Azul opera. Esses locais ter\u00e3o a oportunidade de conhecer o que Sergipe tem a oferecer. \u00c9 um outdoor ambulante, que desperta nas pessoas o desejo de conhecer o estado, que tem um povo maravilhoso e uma cultura maravilhosa, e \u00e9 o estado que mais cresce no turismo. \u00c9 o quarto do Nordeste e estamos entre os dez do Brasil, com 8,4% de aumento do n\u00famero de passageiros, somente este ano\u201d, destacou.<\/p>\n\n\n\n<p>O presidente da Ag\u00eancia Nacional de Avia\u00e7\u00e3o Civil (Anac), Tiago Chagas, tamb\u00e9m prestigiou o evento. \u201cEstou muito feliz de estar aqui, como sergipano e presidente da Anac, neste momento de entrega t\u00e3o importante para o estado, uma aeronave plotada da Azul, que divulgar\u00e1 o nosso estado pelos ares do pa\u00eds, mostrando as belezas do nosso estado, da nossa cultura. Tenho certeza que a a\u00e7\u00e3o resultar\u00e1 no crescimento do turismo sergipano\u201d, enfatizou.&nbsp;<\/p>\n\n\n\n<p>A a\u00e7\u00e3o simb\u00f3lica busca evidenciar o papel estrat\u00e9gico da avia\u00e7\u00e3o regional para o desenvolvimento tur\u00edstico e econ\u00f4mico de Sergipe. A aeronave recebeu ilustra\u00e7\u00f5es exclusivas que representam \u00edcones e elementos culturais que destacam a sergipanidade. O projeto faz parte da pol\u00edtica de integra\u00e7\u00e3o regional da Azul, que tem reconhecido o potencial tur\u00edstico sergipano e vem ampliando sua atua\u00e7\u00e3o no estado nos \u00faltimos anos.<\/p>\n\n\n\n<p>A homenagem \u00e9 um reconhecimento \u00e0 import\u00e2ncia de Sergipe na malha a\u00e9rea da companhia e na consolida\u00e7\u00e3o do turismo. Agora, Sergipe tem mais uma vitrine nacional para exibir sua cultura e potencial tur\u00edstico.<\/p>\n\n\n\n<p>\u201cDesenvolver o turismo \u00e9 a ess\u00eancia da Azul. Conectar o Brasil e desenvolver o turismo \u00e9 fundamental para o desenvolvimento econ\u00f4mico. \u00c9 assim que a gente acredita que o Brasil crescer\u00e1. A iniciativa privada e o Governo de Sergipe fazem um trabalho sensacional\u201d, frisou o vice-presidente comercial e de neg\u00f3cios da Azul, Daniel Bicudo.&nbsp;<\/p>\n\n\n\n<p><strong>Expans\u00e3o<\/strong><\/p>\n\n\n\n<p>O turismo est\u00e1 em plena expans\u00e3o e se consolidando como um dos motores mais relevantes da economia estadual, com arrecada\u00e7\u00e3o recorde no 1\u00ba semestre de 2025, de mais de R$ 358 milh\u00f5es.<\/p>\n\n\n\n<p>O setor envolve mais de 50 segmentos produtivos, como hot\u00e9is, bares, restaurantes, transporte, eventos, com\u00e9rcio e artesanato. Os bons \u00edndices de Sergipe no turismo s\u00e3o reflexo direto na gera\u00e7\u00e3o de mais empregos, mais neg\u00f3cios locais aquecidos e mais oportunidades em todas as regi\u00f5es.<\/p>\n\n\n\n<p>Entre as estrat\u00e9gias de promo\u00e7\u00e3o do destino de Sergipe est\u00e3o a m\u00eddia compartilhada com as principais operadoras de turismo do pa\u00eds, &nbsp;participa\u00e7\u00e3o em grandes feiras nacionais, capacita\u00e7\u00f5es e famtours para agentes de viagens, presstrips com influenciadores e imprensa especializada.<\/p>\n\n\n\n<p>O Aeroporto Internacional de Aracaju \u2013 Santa Maria mant\u00e9m recordes cont\u00ednuos e registrou 999.118 passageiros entre janeiro e setembro de 2025, alta de 8,1% sobre o ano anterior, ultrapassando 100 mil passageiros por m\u00eas.<\/p>\n\n\n\n<p><em>Fonte: Governo de Sergipe<br>Aracaju, 16 de outubro de 2025<\/em><\/p>\n","protected":false},"excerpt":{"rendered":"<p>O governador F\u00e1bio Mitidieri acompanhou, nesta quinta-feira, 16, o lan\u00e7amento da aeronave personalizada da Azul Linhas A\u00e9reas, em homenagem ao estado de Sergipe. O evento aconteceu no Aeroporto Internacional de Bras\u00edlia \u2013 Presidente Juscelino Kubitschek, e faz parte do fortalecimento da parceria entre a companhia e o Governo de Sergipe, no compromisso de valoriza\u00e7\u00e3o da cultura e hist\u00f3ria do povo sergipano. A deputada federal Katarina Feitoza acompanhou a solenidade. Em setembro passado, a Azul j\u00e1 havia anunciado 100 voos extras para Sergipe, na alta temporada do Ver\u00e3o 2025\/2026. Os novos voos semanais sair\u00e3o de Confins (MG) e Congonhas (SP), resultando em mais de 13,6 mil assentos adicionais, como destacou o governador. \u201c\u00c9 um dia simb\u00f3lico. Parece uma coisa simples, mas representa todo investimento que o estado tem feito no turismo, na amplia\u00e7\u00e3o do n\u00famero de voos e do n\u00famero de assentos e destinos. \u00c9 uma aeronave que ficar\u00e1 na malha livre, de mais de 100 destinos que a Azul opera. Esses locais ter\u00e3o a oportunidade de conhecer o que Sergipe tem a oferecer. \u00c9 um outdoor ambulante, que desperta nas pessoas o desejo de conhecer o estado, que tem um povo maravilhoso e uma cultura maravilhosa, e \u00e9 o estado que mais cresce no turismo. \u00c9 o quarto do Nordeste e estamos entre os dez do Brasil, com 8,4% de aumento do n\u00famero de passageiros, somente este ano\u201d, destacou. O presidente da Ag\u00eancia Nacional de Avia\u00e7\u00e3o Civil (Anac), Tiago Chagas, tamb\u00e9m prestigiou o evento. \u201cEstou muito feliz de estar aqui, como sergipano e presidente da Anac, neste momento de entrega t\u00e3o importante para o estado, uma aeronave plotada da Azul, que divulgar\u00e1 o nosso estado pelos ares do pa\u00eds, mostrando as belezas do nosso estado, da nossa cultura. Tenho certeza que a a\u00e7\u00e3o resultar\u00e1 no crescimento do turismo sergipano\u201d, enfatizou.&nbsp; A a\u00e7\u00e3o simb\u00f3lica busca evidenciar o papel estrat\u00e9gico da avia\u00e7\u00e3o regional para o desenvolvimento tur\u00edstico e econ\u00f4mico de Sergipe. A aeronave recebeu ilustra\u00e7\u00f5es exclusivas que representam \u00edcones e elementos culturais que destacam a sergipanidade. O projeto faz parte da pol\u00edtica de integra\u00e7\u00e3o regional da Azul, que tem reconhecido o potencial tur\u00edstico sergipano e vem ampliando sua atua\u00e7\u00e3o no estado nos \u00faltimos anos. A homenagem \u00e9 um reconhecimento \u00e0 import\u00e2ncia de Sergipe na malha a\u00e9rea da companhia e na consolida\u00e7\u00e3o do turismo. Agora, Sergipe tem mais uma vitrine nacional para exibir sua cultura e potencial tur\u00edstico. \u201cDesenvolver o turismo \u00e9 a ess\u00eancia da Azul. Conectar o Brasil e desenvolver o turismo \u00e9 fundamental para o desenvolvimento econ\u00f4mico. \u00c9 assim que a gente acredita que o Brasil crescer\u00e1. A iniciativa privada e o Governo de Sergipe fazem um trabalho sensacional\u201d, frisou o vice-presidente comercial e de neg\u00f3cios da Azul, Daniel Bicudo.&nbsp; Expans\u00e3o O turismo est\u00e1 em plena expans\u00e3o e se consolidando como um dos motores mais relevantes da economia estadual, com arrecada\u00e7\u00e3o recorde no 1\u00ba semestre de 2025, de mais de R$ 358 milh\u00f5es. O setor envolve mais de 50 segmentos produtivos, como hot\u00e9is, bares, restaurantes, transporte, eventos, com\u00e9rcio e artesanato. Os bons \u00edndices de Sergipe no turismo s\u00e3o reflexo direto na gera\u00e7\u00e3o de mais empregos, mais neg\u00f3cios locais aquecidos e mais oportunidades em todas as regi\u00f5es. Entre as estrat\u00e9gias de promo\u00e7\u00e3o do destino de Sergipe est\u00e3o a m\u00eddia compartilhada com as principais operadoras de turismo do pa\u00eds, &nbsp;participa\u00e7\u00e3o em grandes feiras nacionais, capacita\u00e7\u00f5es e famtours para agentes de viagens, presstrips com influenciadores e imprensa especializada. O Aeroporto Internacional de Aracaju \u2013 Santa Maria mant\u00e9m recordes cont\u00ednuos e registrou 999.118 passageiros entre janeiro e setembro de 2025, alta de 8,1% sobre o ano anterior, ultrapassando 100 mil passageiros por m\u00eas. Fonte: Governo de SergipeAracaju, 16 de outubro de 2025<\/p>\n","protected":false},"author":1,"featured_media":2767,"comment_status":"open","ping_status":"open","sticky":false,"template":"","format":"standard","meta":{"footnotes":""},"categories":[32],"tags":[52],"class_list":["post-2766","post","type-post","status-publish","format-standard","has-post-thumbnail","hentry","category-sergipe","tag-turismo"],"_links":{"self":[{"href":"https:\/\/resumosergipe.com.br\/index.php?rest_route=\/wp\/v2\/posts\/2766","targetHints":{"allow":["GET"]}}],"collection":[{"href":"https:\/\/resumosergipe.com.br\/index.php?rest_route=\/wp\/v2\/posts"}],"about":[{"href":"https:\/\/resumosergipe.com.br\/index.php?rest_route=\/wp\/v2\/types\/post"}],"author":[{"embeddable":true,"href":"https:\/\/resumosergipe.com.br\/index.php?rest_route=\/wp\/v2\/users\/1"}],"replies":[{"embeddable":true,"href":"https:\/\/resumosergipe.com.br\/index.php?rest_route=%2Fwp%2Fv2%2Fcomments&post=2766"}],"version-history":[{"count":1,"href":"https:\/\/resumosergipe.com.br\/index.php?rest_route=\/wp\/v2\/posts\/2766\/revisions"}],"predecessor-version":[{"id":2768,"href":"https:\/\/resumosergipe.com.br\/index.php?rest_route=\/wp\/v2\/posts\/2766\/revisions\/2768"}],"wp:featuredmedia":[{"embeddable":true,"href":"https:\/\/resumosergipe.com.br\/index.php?rest_route=\/wp\/v2\/media\/2767"}],"wp:attachment":[{"href":"https:\/\/resumosergipe.com.br\/index.php?rest_route=%2Fwp%2Fv2%2Fmedia&parent=2766"}],"wp:term":[{"taxonomy":"category","embeddable":true,"href":"https:\/\/resumosergipe.com.br\/index.php?rest_route=%2Fwp%2Fv2%2Fcategories&post=2766"},{"taxonomy":"post_tag","embeddable":true,"href":"https:\/\/resumosergipe.com.br\/index.php?rest_route=%2Fwp%2Fv2%2Ftags&post=2766"}],"curies":[{"name":"wp","href":"https:\/\/api.w.org\/{rel}","templated":true}]}}