{"id":2770,"date":"2025-10-30T16:36:17","date_gmt":"2025-10-30T19:36:17","guid":{"rendered":"https:\/\/resumosergipe.com.br\/?p=2770"},"modified":"2025-10-30T16:36:17","modified_gmt":"2025-10-30T19:36:17","slug":"seasic-recebe-medalha-de-direitos-humanos-em-homenagem-na-assembleia-legislativa","status":"publish","type":"post","link":"https:\/\/resumosergipe.com.br\/?p=2770","title":{"rendered":"Seasic recebe Medalha de Direitos Humanos em homenagem na Assembleia Legislativa"},"content":{"rendered":"\n<p>A Secretaria de Estado da Assist\u00eancia Social, Inclus\u00e3o e Cidadania (Seasic) foi representada pela gestora da pasta, \u00c9rica Mitidieri, em solenidade da Assembleia Legislativa de Sergipe (Alese) em que foi agraciada com a Medalha de Direitos Humanos Dom Jos\u00e9 Vicente T\u00e1vora. A homenagem, proposta pela deputada estadual Lidiane Lucena, reconhece o trabalho da secret\u00e1ria e da equipe da Seasic na consolida\u00e7\u00e3o de pol\u00edticas p\u00fablicas voltadas \u00e0 promo\u00e7\u00e3o dos direitos humanos no estado.<\/p>\n\n\n\n<p>Em sua fala, \u00c9rica destacou que a honraria simboliza o reconhecimento de um trabalho coletivo, realizado com di\u00e1logo e empatia, em favor das popula\u00e7\u00f5es mais vulner\u00e1veis. \u201cQuando falamos em direitos humanos, falamos em gente. Falamos em escuta, respeito e em presen\u00e7a. Em Sergipe, transformamos essa pauta em pol\u00edtica p\u00fablica permanente\u201d, afirmou.<\/p>\n\n\n\n<p>A gestora ressaltou que, sob a coordena\u00e7\u00e3o da Seasic, o Estado de Sergipe realizou todas as Confer\u00eancias Estaduais Tem\u00e1ticas de Direitos Humanos, de Igualdade Racial, Pessoa com Defici\u00eancia, Pessoa Idosa, Crian\u00e7a e Adolescente, mobilizando representantes dos 75 munic\u00edpios, conselheiros, movimentos sociais e lideran\u00e7as comunit\u00e1rias. \u201cEsses espa\u00e7os de di\u00e1logo t\u00eam sido fundamentais para construir propostas concretas e fortalecer o acesso a direitos em todo o territ\u00f3rio sergipano\u201d, pontuou.<\/p>\n\n\n\n<p>A diretora de Direitos Humanos da Seasic, Isabel Ferreira, refor\u00e7ou o empenho desse trabalho dentro da secretaria. \u201cEntre as nossas a\u00e7\u00f5es temos o fortalecimento dos Conselhos Estaduais de Direitos, as campanhas de valoriza\u00e7\u00e3o da diversidade, a cria\u00e7\u00e3o da Esta\u00e7\u00e3o Acolher durante o Arrai\u00e1 do Povo e muito mais. Tudo isso mostra que a pol\u00edtica de direitos humanos em Sergipe n\u00e3o \u00e9 um setor isolado. Ela atravessa todas as nossas a\u00e7\u00f5es\u201d, ressaltou.<\/p>\n\n\n\n<p>A Medalha de Direitos Humanos Dom Jos\u00e9 Vicente T\u00e1vora \u00e9 uma das distin\u00e7\u00f5es concedidas pela Alese, e reconhece personalidades e institui\u00e7\u00f5es que contribuem de forma significativa para o desenvolvimento social e humano de Sergipe.<\/p>\n\n\n\n<p><em>Fonte: Governo de Sergipe<br>Aracaju, 30 de outubro de 2025<\/em><\/p>\n","protected":false},"excerpt":{"rendered":"<p>A Secretaria de Estado da Assist\u00eancia Social, Inclus\u00e3o e Cidadania (Seasic) foi representada pela gestora da pasta, \u00c9rica Mitidieri, em solenidade da Assembleia Legislativa de Sergipe (Alese) em que foi agraciada com a Medalha de Direitos Humanos Dom Jos\u00e9 Vicente T\u00e1vora. A homenagem, proposta pela deputada estadual Lidiane Lucena, reconhece o trabalho da secret\u00e1ria e da equipe da Seasic na consolida\u00e7\u00e3o de pol\u00edticas p\u00fablicas voltadas \u00e0 promo\u00e7\u00e3o dos direitos humanos no estado. Em sua fala, \u00c9rica destacou que a honraria simboliza o reconhecimento de um trabalho coletivo, realizado com di\u00e1logo e empatia, em favor das popula\u00e7\u00f5es mais vulner\u00e1veis. \u201cQuando falamos em direitos humanos, falamos em gente. Falamos em escuta, respeito e em presen\u00e7a. Em Sergipe, transformamos essa pauta em pol\u00edtica p\u00fablica permanente\u201d, afirmou. A gestora ressaltou que, sob a coordena\u00e7\u00e3o da Seasic, o Estado de Sergipe realizou todas as Confer\u00eancias Estaduais Tem\u00e1ticas de Direitos Humanos, de Igualdade Racial, Pessoa com Defici\u00eancia, Pessoa Idosa, Crian\u00e7a e Adolescente, mobilizando representantes dos 75 munic\u00edpios, conselheiros, movimentos sociais e lideran\u00e7as comunit\u00e1rias. \u201cEsses espa\u00e7os de di\u00e1logo t\u00eam sido fundamentais para construir propostas concretas e fortalecer o acesso a direitos em todo o territ\u00f3rio sergipano\u201d, pontuou. A diretora de Direitos Humanos da Seasic, Isabel Ferreira, refor\u00e7ou o empenho desse trabalho dentro da secretaria. \u201cEntre as nossas a\u00e7\u00f5es temos o fortalecimento dos Conselhos Estaduais de Direitos, as campanhas de valoriza\u00e7\u00e3o da diversidade, a cria\u00e7\u00e3o da Esta\u00e7\u00e3o Acolher durante o Arrai\u00e1 do Povo e muito mais. Tudo isso mostra que a pol\u00edtica de direitos humanos em Sergipe n\u00e3o \u00e9 um setor isolado. Ela atravessa todas as nossas a\u00e7\u00f5es\u201d, ressaltou. A Medalha de Direitos Humanos Dom Jos\u00e9 Vicente T\u00e1vora \u00e9 uma das distin\u00e7\u00f5es concedidas pela Alese, e reconhece personalidades e institui\u00e7\u00f5es que contribuem de forma significativa para o desenvolvimento social e humano de Sergipe. Fonte: Governo de SergipeAracaju, 30 de outubro de 2025<\/p>\n","protected":false},"author":1,"featured_media":2771,"comment_status":"open","ping_status":"open","sticky":false,"template":"","format":"standard","meta":{"footnotes":""},"categories":[116],"tags":[],"class_list":["post-2770","post","type-post","status-publish","format-standard","has-post-thumbnail","hentry","category-governo"],"_links":{"self":[{"href":"https:\/\/resumosergipe.com.br\/index.php?rest_route=\/wp\/v2\/posts\/2770","targetHints":{"allow":["GET"]}}],"collection":[{"href":"https:\/\/resumosergipe.com.br\/index.php?rest_route=\/wp\/v2\/posts"}],"about":[{"href":"https:\/\/resumosergipe.com.br\/index.php?rest_route=\/wp\/v2\/types\/post"}],"author":[{"embeddable":true,"href":"https:\/\/resumosergipe.com.br\/index.php?rest_route=\/wp\/v2\/users\/1"}],"replies":[{"embeddable":true,"href":"https:\/\/resumosergipe.com.br\/index.php?rest_route=%2Fwp%2Fv2%2Fcomments&post=2770"}],"version-history":[{"count":1,"href":"https:\/\/resumosergipe.com.br\/index.php?rest_route=\/wp\/v2\/posts\/2770\/revisions"}],"predecessor-version":[{"id":2772,"href":"https:\/\/resumosergipe.com.br\/index.php?rest_route=\/wp\/v2\/posts\/2770\/revisions\/2772"}],"wp:featuredmedia":[{"embeddable":true,"href":"https:\/\/resumosergipe.com.br\/index.php?rest_route=\/wp\/v2\/media\/2771"}],"wp:attachment":[{"href":"https:\/\/resumosergipe.com.br\/index.php?rest_route=%2Fwp%2Fv2%2Fmedia&parent=2770"}],"wp:term":[{"taxonomy":"category","embeddable":true,"href":"https:\/\/resumosergipe.com.br\/index.php?rest_route=%2Fwp%2Fv2%2Fcategories&post=2770"},{"taxonomy":"post_tag","embeddable":true,"href":"https:\/\/resumosergipe.com.br\/index.php?rest_route=%2Fwp%2Fv2%2Ftags&post=2770"}],"curies":[{"name":"wp","href":"https:\/\/api.w.org\/{rel}","templated":true}]}}