{"id":2821,"date":"2025-12-17T19:42:50","date_gmt":"2025-12-17T22:42:50","guid":{"rendered":"https:\/\/resumosergipe.com.br\/?p=2821"},"modified":"2025-12-17T19:42:50","modified_gmt":"2025-12-17T22:42:50","slug":"alese-e-prf-reforcam-parceria-para-veiculacao-de-conteudos-na-tv-alese","status":"publish","type":"post","link":"https:\/\/resumosergipe.com.br\/?p=2821","title":{"rendered":"Alese e PRF refor\u00e7am parceria para veicula\u00e7\u00e3o de conte\u00fados na TV Alese"},"content":{"rendered":"\n<p>A Pol\u00edcia Rodovi\u00e1ria Federal em Sergipe (PRF) e a Assembleia Legislativa de Sergipe (Alese) mant\u00eam parceria firmada por meio de&nbsp;<strong>Termo de Coopera\u00e7\u00e3o T\u00e9cnica<\/strong>, celebrado em 2024, que garante a veicula\u00e7\u00e3o de conte\u00fados institucionais da PRF na&nbsp;<strong>TV Alese<\/strong>.<\/p>\n\n\n\n<p>Na manh\u00e3 desta&nbsp;<strong>quarta-feira (17)<\/strong>, o assessor parlamentar e o assessor de Comunica\u00e7\u00e3o da PRF,&nbsp;<strong>Gabriel Melo<\/strong>&nbsp;e&nbsp;<strong>Luciano Salvador<\/strong>, reuniram-se com o diretor de Comunica\u00e7\u00e3o do Poder Legislativo,&nbsp;<strong>Pedro Bel\u00e9m<\/strong>, para renovar os la\u00e7os institucionais e discutir a amplia\u00e7\u00e3o de novos conte\u00fados a serem exibidos na emissora.<\/p>\n\n\n\n<p>A iniciativa tem como objetivo ampliar o acesso da popula\u00e7\u00e3o a informa\u00e7\u00f5es de interesse p\u00fablico, destacando o papel cidad\u00e3o da PRF, que atua na promo\u00e7\u00e3o da seguran\u00e7a vi\u00e1ria, no combate \u00e0 criminalidade e em a\u00e7\u00f5es educativas voltadas \u00e0 preserva\u00e7\u00e3o da vida e ao fortalecimento da cidadania.<\/p>\n\n\n\n<p><em>Fonte: Alese<br>Aracaju, 17 de dezembro de 2025<\/em><\/p>\n","protected":false},"excerpt":{"rendered":"<p>A Pol\u00edcia Rodovi\u00e1ria Federal em Sergipe (PRF) e a Assembleia Legislativa de Sergipe (Alese) mant\u00eam parceria firmada por meio de&nbsp;Termo de Coopera\u00e7\u00e3o T\u00e9cnica, celebrado em 2024, que garante a veicula\u00e7\u00e3o de conte\u00fados institucionais da PRF na&nbsp;TV Alese. Na manh\u00e3 desta&nbsp;quarta-feira (17), o assessor parlamentar e o assessor de Comunica\u00e7\u00e3o da PRF,&nbsp;Gabriel Melo&nbsp;e&nbsp;Luciano Salvador, reuniram-se com o diretor de Comunica\u00e7\u00e3o do Poder Legislativo,&nbsp;Pedro Bel\u00e9m, para renovar os la\u00e7os institucionais e discutir a amplia\u00e7\u00e3o de novos conte\u00fados a serem exibidos na emissora. A iniciativa tem como objetivo ampliar o acesso da popula\u00e7\u00e3o a informa\u00e7\u00f5es de interesse p\u00fablico, destacando o papel cidad\u00e3o da PRF, que atua na promo\u00e7\u00e3o da seguran\u00e7a vi\u00e1ria, no combate \u00e0 criminalidade e em a\u00e7\u00f5es educativas voltadas \u00e0 preserva\u00e7\u00e3o da vida e ao fortalecimento da cidadania. Fonte: AleseAracaju, 17 de dezembro de 2025<\/p>\n","protected":false},"author":1,"featured_media":2823,"comment_status":"open","ping_status":"open","sticky":false,"template":"","format":"standard","meta":{"footnotes":""},"categories":[31],"tags":[38],"class_list":["post-2821","post","type-post","status-publish","format-standard","has-post-thumbnail","hentry","category-geral","tag-alese"],"_links":{"self":[{"href":"https:\/\/resumosergipe.com.br\/index.php?rest_route=\/wp\/v2\/posts\/2821","targetHints":{"allow":["GET"]}}],"collection":[{"href":"https:\/\/resumosergipe.com.br\/index.php?rest_route=\/wp\/v2\/posts"}],"about":[{"href":"https:\/\/resumosergipe.com.br\/index.php?rest_route=\/wp\/v2\/types\/post"}],"author":[{"embeddable":true,"href":"https:\/\/resumosergipe.com.br\/index.php?rest_route=\/wp\/v2\/users\/1"}],"replies":[{"embeddable":true,"href":"https:\/\/resumosergipe.com.br\/index.php?rest_route=%2Fwp%2Fv2%2Fcomments&post=2821"}],"version-history":[{"count":1,"href":"https:\/\/resumosergipe.com.br\/index.php?rest_route=\/wp\/v2\/posts\/2821\/revisions"}],"predecessor-version":[{"id":2822,"href":"https:\/\/resumosergipe.com.br\/index.php?rest_route=\/wp\/v2\/posts\/2821\/revisions\/2822"}],"wp:featuredmedia":[{"embeddable":true,"href":"https:\/\/resumosergipe.com.br\/index.php?rest_route=\/wp\/v2\/media\/2823"}],"wp:attachment":[{"href":"https:\/\/resumosergipe.com.br\/index.php?rest_route=%2Fwp%2Fv2%2Fmedia&parent=2821"}],"wp:term":[{"taxonomy":"category","embeddable":true,"href":"https:\/\/resumosergipe.com.br\/index.php?rest_route=%2Fwp%2Fv2%2Fcategories&post=2821"},{"taxonomy":"post_tag","embeddable":true,"href":"https:\/\/resumosergipe.com.br\/index.php?rest_route=%2Fwp%2Fv2%2Ftags&post=2821"}],"curies":[{"name":"wp","href":"https:\/\/api.w.org\/{rel}","templated":true}]}}