{"id":2865,"date":"2026-01-26T00:01:00","date_gmt":"2026-01-26T03:01:00","guid":{"rendered":"https:\/\/resumosergipe.com.br\/?p=2865"},"modified":"2026-01-25T20:20:57","modified_gmt":"2026-01-25T23:20:57","slug":"dia-da-alimentacao-saudavel-e-aprovado-na-alese","status":"publish","type":"post","link":"https:\/\/resumosergipe.com.br\/?p=2865","title":{"rendered":"Dia da Alimenta\u00e7\u00e3o Saud\u00e1vel \u00e9 aprovado na Alese"},"content":{"rendered":"\n<p>De autoria da deputada \u00c1urea Ribeiro (Republicanos), foi aprovado na Assembleia Legislativa de Sergipe (Alese), o&nbsp;<a href=\"https:\/\/aleselegis.al.se.leg.br\/Sistema\/Protocolo\/Processo2\/Digital.aspx?id=107652&amp;arquivo=Arquivo\/Documents\/PL\/107652-2025041010290025899014F9CQ(12902).pdf&amp;identificador=3100300037003600350032003A005000&amp;tipoId=P107652#P107652\"><em><strong>Projeto de Lei n\u00ba 78\/2025<\/strong><\/em><\/a>, que institui o&nbsp;Dia da Alimenta\u00e7\u00e3o Saud\u00e1vel a ser comemorado anualmente em 16 de outubro, passando a constar no Calend\u00e1rio Oficial de Eventos do Estado de Sergipe.&nbsp;<\/p>\n\n\n\n<p>A data tem por finalidade, promover a conscientiza\u00e7\u00e3o da popula\u00e7\u00e3o sobre a import\u00e2ncia de h\u00e1bitos alimentares saud\u00e1veis e da seguran\u00e7a alimentar e nutricional, estimulando a ado\u00e7\u00e3o de uma alimenta\u00e7\u00e3o equilibrada e adequada em todas as fases da vida; a redu\u00e7\u00e3o do consumo de alimentos ultraprocessados e o incentivo ao consumo de alimentos in natura ou minimamente processados; a valoriza\u00e7\u00e3o da agricultura familiar e da produ\u00e7\u00e3o local de alimentos; a promo\u00e7\u00e3o de atividades educativas nas escolas, unidades de sa\u00fade, espa\u00e7os comunit\u00e1rios e meios de comunica\u00e7\u00e3o; o combate \u00e0 obesidade, desnutri\u00e7\u00e3o e doen\u00e7as cr\u00f4nicas n\u00e3o transmiss\u00edveis associadas \u00e0 m\u00e1 alimenta\u00e7\u00e3o.<\/p>\n\n\n\n<p>As atividades alusivas ao Dia Estadual da Alimenta\u00e7\u00e3o Saud\u00e1vel poder\u00e3o ser promovidas por \u00f3rg\u00e3os p\u00fablicos, institui\u00e7\u00f5es de ensino, entidades da sociedade civil e empresas privadas, em parceria com os Poderes Executivo, Legislativo e Judici\u00e1rio.<\/p>\n\n\n\n<p>O texto da propositura destaca que a alimenta\u00e7\u00e3o saud\u00e1vel \u00e9 um dos pilares fundamentais para a promo\u00e7\u00e3o da sa\u00fade, a preven\u00e7\u00e3o de doen\u00e7as e a melhoria da qualidade de vida. No entanto, o Brasil enfrenta uma grave transi\u00e7\u00e3o alimentar: cresce de forma alarmante o consumo de alimentos ultraprocessados, ricos em a\u00e7\u00facar, s\u00f3dio e gorduras, diretamente associados ao aumento de doen\u00e7as cr\u00f4nicas n\u00e3o transmiss\u00edveis (DCNTs), como obesidade, diabetes tipo 2, hipertens\u00e3o e colesterol alto.<\/p>\n\n\n\n<p>De acordo com a deputada, a Pesquisa Nacional de Sa\u00fade (PNS\/IBGE) mostra que mais da metade da popula\u00e7\u00e3o brasileira est\u00e1 com excesso de peso e cerca de 25% \u00e9 obesa. Os dados mais recentes do Vigitel (2023) mostram que a obesidade continua avan\u00e7andoem todas as faixas et\u00e1rias e regi\u00f5es do pa\u00eds, inclusive entre crian\u00e7as e adolescentes. \u201cSergipe segue essa tend\u00eancia preocupante, o que refor\u00e7a a necessidade de pol\u00edticas p\u00fablicas efetivas de promo\u00e7\u00e3o de h\u00e1bitos saud\u00e1veis. Nesse contexto, a educa\u00e7\u00e3o alimentar e nutricional \u00e9 uma ferramenta estrat\u00e9gica, eficaz e de baixo custo. Criar um espa\u00e7o oficial no calend\u00e1rio estadual para mobilizar a sociedade, as escolas, as unidades de sa\u00fade e os meios de comunica\u00e7\u00e3o \u00e9 uma medida inteligente, preventiva e de longo alcance\u201d, destaca \u00c1urea Ribeiro no PL.<\/p>\n\n\n\n<p>O Dia Estadual da Alimenta\u00e7\u00e3o Saud\u00e1vel a ser celebrado em 16 de outubro, coincide com o Dia Mundial da Alimenta\u00e7\u00e3o, promovido pela Organiza\u00e7\u00e3o das Na\u00e7\u00f5es Unidas para Agricultura e Alimenta\u00e7\u00e3o (FAO). A data representa uma oportunidade de sensibilizar a popula\u00e7\u00e3o sergipana sobre a import\u00e2ncia de uma alimenta\u00e7\u00e3o equilibrada, do cuidado com o corpo e do autocuidado como pr\u00e1tica cotidiana.<\/p>\n\n\n\n<p><em>Fonte: Alese<br>Aracaju, 26 de janeiro de 2025<\/em><\/p>\n","protected":false},"excerpt":{"rendered":"<p>De autoria da deputada \u00c1urea Ribeiro (Republicanos), foi aprovado na Assembleia Legislativa de Sergipe (Alese), o&nbsp;Projeto de Lei n\u00ba 78\/2025, que institui o&nbsp;Dia da Alimenta\u00e7\u00e3o Saud\u00e1vel a ser comemorado anualmente em 16 de outubro, passando a constar no Calend\u00e1rio Oficial de Eventos do Estado de Sergipe.&nbsp; A data tem por finalidade, promover a conscientiza\u00e7\u00e3o da popula\u00e7\u00e3o sobre a import\u00e2ncia de h\u00e1bitos alimentares saud\u00e1veis e da seguran\u00e7a alimentar e nutricional, estimulando a ado\u00e7\u00e3o de uma alimenta\u00e7\u00e3o equilibrada e adequada em todas as fases da vida; a redu\u00e7\u00e3o do consumo de alimentos ultraprocessados e o incentivo ao consumo de alimentos in natura ou minimamente processados; a valoriza\u00e7\u00e3o da agricultura familiar e da produ\u00e7\u00e3o local de alimentos; a promo\u00e7\u00e3o de atividades educativas nas escolas, unidades de sa\u00fade, espa\u00e7os comunit\u00e1rios e meios de comunica\u00e7\u00e3o; o combate \u00e0 obesidade, desnutri\u00e7\u00e3o e doen\u00e7as cr\u00f4nicas n\u00e3o transmiss\u00edveis associadas \u00e0 m\u00e1 alimenta\u00e7\u00e3o. As atividades alusivas ao Dia Estadual da Alimenta\u00e7\u00e3o Saud\u00e1vel poder\u00e3o ser promovidas por \u00f3rg\u00e3os p\u00fablicos, institui\u00e7\u00f5es de ensino, entidades da sociedade civil e empresas privadas, em parceria com os Poderes Executivo, Legislativo e Judici\u00e1rio. O texto da propositura destaca que a alimenta\u00e7\u00e3o saud\u00e1vel \u00e9 um dos pilares fundamentais para a promo\u00e7\u00e3o da sa\u00fade, a preven\u00e7\u00e3o de doen\u00e7as e a melhoria da qualidade de vida. No entanto, o Brasil enfrenta uma grave transi\u00e7\u00e3o alimentar: cresce de forma alarmante o consumo de alimentos ultraprocessados, ricos em a\u00e7\u00facar, s\u00f3dio e gorduras, diretamente associados ao aumento de doen\u00e7as cr\u00f4nicas n\u00e3o transmiss\u00edveis (DCNTs), como obesidade, diabetes tipo 2, hipertens\u00e3o e colesterol alto. De acordo com a deputada, a Pesquisa Nacional de Sa\u00fade (PNS\/IBGE) mostra que mais da metade da popula\u00e7\u00e3o brasileira est\u00e1 com excesso de peso e cerca de 25% \u00e9 obesa. Os dados mais recentes do Vigitel (2023) mostram que a obesidade continua avan\u00e7andoem todas as faixas et\u00e1rias e regi\u00f5es do pa\u00eds, inclusive entre crian\u00e7as e adolescentes. \u201cSergipe segue essa tend\u00eancia preocupante, o que refor\u00e7a a necessidade de pol\u00edticas p\u00fablicas efetivas de promo\u00e7\u00e3o de h\u00e1bitos saud\u00e1veis. Nesse contexto, a educa\u00e7\u00e3o alimentar e nutricional \u00e9 uma ferramenta estrat\u00e9gica, eficaz e de baixo custo. Criar um espa\u00e7o oficial no calend\u00e1rio estadual para mobilizar a sociedade, as escolas, as unidades de sa\u00fade e os meios de comunica\u00e7\u00e3o \u00e9 uma medida inteligente, preventiva e de longo alcance\u201d, destaca \u00c1urea Ribeiro no PL. O Dia Estadual da Alimenta\u00e7\u00e3o Saud\u00e1vel a ser celebrado em 16 de outubro, coincide com o Dia Mundial da Alimenta\u00e7\u00e3o, promovido pela Organiza\u00e7\u00e3o das Na\u00e7\u00f5es Unidas para Agricultura e Alimenta\u00e7\u00e3o (FAO). A data representa uma oportunidade de sensibilizar a popula\u00e7\u00e3o sergipana sobre a import\u00e2ncia de uma alimenta\u00e7\u00e3o equilibrada, do cuidado com o corpo e do autocuidado como pr\u00e1tica cotidiana. Fonte: AleseAracaju, 26 de janeiro de 2025<\/p>\n","protected":false},"author":1,"featured_media":2866,"comment_status":"open","ping_status":"open","sticky":false,"template":"","format":"standard","meta":{"footnotes":""},"categories":[116],"tags":[10],"class_list":["post-2865","post","type-post","status-publish","format-standard","has-post-thumbnail","hentry","category-governo","tag-saude"],"_links":{"self":[{"href":"https:\/\/resumosergipe.com.br\/index.php?rest_route=\/wp\/v2\/posts\/2865","targetHints":{"allow":["GET"]}}],"collection":[{"href":"https:\/\/resumosergipe.com.br\/index.php?rest_route=\/wp\/v2\/posts"}],"about":[{"href":"https:\/\/resumosergipe.com.br\/index.php?rest_route=\/wp\/v2\/types\/post"}],"author":[{"embeddable":true,"href":"https:\/\/resumosergipe.com.br\/index.php?rest_route=\/wp\/v2\/users\/1"}],"replies":[{"embeddable":true,"href":"https:\/\/resumosergipe.com.br\/index.php?rest_route=%2Fwp%2Fv2%2Fcomments&post=2865"}],"version-history":[{"count":1,"href":"https:\/\/resumosergipe.com.br\/index.php?rest_route=\/wp\/v2\/posts\/2865\/revisions"}],"predecessor-version":[{"id":2867,"href":"https:\/\/resumosergipe.com.br\/index.php?rest_route=\/wp\/v2\/posts\/2865\/revisions\/2867"}],"wp:featuredmedia":[{"embeddable":true,"href":"https:\/\/resumosergipe.com.br\/index.php?rest_route=\/wp\/v2\/media\/2866"}],"wp:attachment":[{"href":"https:\/\/resumosergipe.com.br\/index.php?rest_route=%2Fwp%2Fv2%2Fmedia&parent=2865"}],"wp:term":[{"taxonomy":"category","embeddable":true,"href":"https:\/\/resumosergipe.com.br\/index.php?rest_route=%2Fwp%2Fv2%2Fcategories&post=2865"},{"taxonomy":"post_tag","embeddable":true,"href":"https:\/\/resumosergipe.com.br\/index.php?rest_route=%2Fwp%2Fv2%2Ftags&post=2865"}],"curies":[{"name":"wp","href":"https:\/\/api.w.org\/{rel}","templated":true}]}}