{"id":2878,"date":"2026-01-30T00:01:00","date_gmt":"2026-01-30T03:01:00","guid":{"rendered":"https:\/\/resumosergipe.com.br\/?p=2878"},"modified":"2026-02-13T17:11:48","modified_gmt":"2026-02-13T20:11:48","slug":"deputados-retomam-trabalhos-legislativos-nesta-segunda-feira-2","status":"publish","type":"post","link":"https:\/\/resumosergipe.com.br\/?p=2878","title":{"rendered":"Deputados retomam trabalhos legislativos nesta segunda-feira, 2"},"content":{"rendered":"\n<p>Ap\u00f3s o per\u00edodo de recesso parlamentar, a&nbsp; Assembleia Legislativa de Sergipe (Alese) retoma suas atividades na pr\u00f3xima segunda-feira, 2 de fevereiro. A sess\u00e3o de abertura dos trabalhos de 2026 est\u00e1 marcada para \u00e0s 9h30 no Plen\u00e1rio deputado Pedro Barreto de Andrade.<\/p>\n\n\n\n<p>Al\u00e9m da presen\u00e7a dos deputados e deputadas que comp\u00f5em a 20\u00aa Legislatura, a perspectiva \u00e9 que o governador F\u00e1bio Mitidieri compare\u00e7a \u00e0 Sess\u00e3o Plen\u00e1ria inicial fortalecendo assim a harmonia entre os poderes. Na ocasi\u00e3o, o governador cumpre o preceito constitucional e apresentar\u00e1 a Mensagem do Poder Executivo ao Parlamento Sergipano, destacando as diretrizes e prioridades do Governo para o novo ano legislativo.<\/p>\n\n\n\n<p>A expectativa do presidente da Casa, Jeferson Andrade, \u00e9 que esse ser\u00e1 um ano de muito trabalho na Alese, \u00f3rg\u00e3o que representa a popula\u00e7\u00e3o de todo o estado, produz leis e fiscaliza os atos do Executivo. De acordo com o deputado, a abertura dos trabalhos \u00e9 o momento de renovar o compromisso da Assembleia com a transpar\u00eancia legislativa, o fortalecimento da cidadania e o desenvolvimento socioecon\u00f4mico de Sergipe.<\/p>\n\n\n\n<p><em>Fonte: Alese<br>Aracaju, 30 de janeiro de 2026<br>Foto: Arquivo \/ Ag\u00eancia de Not\u00edcias Alese<\/em><\/p>\n","protected":false},"excerpt":{"rendered":"<p>Ap\u00f3s o per\u00edodo de recesso parlamentar, a&nbsp; Assembleia Legislativa de Sergipe (Alese) retoma suas atividades na pr\u00f3xima segunda-feira, 2 de fevereiro. A sess\u00e3o de abertura dos trabalhos de 2026 est\u00e1 marcada para \u00e0s 9h30 no Plen\u00e1rio deputado Pedro Barreto de Andrade. Al\u00e9m da presen\u00e7a dos deputados e deputadas que comp\u00f5em a 20\u00aa Legislatura, a perspectiva \u00e9 que o governador F\u00e1bio Mitidieri compare\u00e7a \u00e0 Sess\u00e3o Plen\u00e1ria inicial fortalecendo assim a harmonia entre os poderes. Na ocasi\u00e3o, o governador cumpre o preceito constitucional e apresentar\u00e1 a Mensagem do Poder Executivo ao Parlamento Sergipano, destacando as diretrizes e prioridades do Governo para o novo ano legislativo. A expectativa do presidente da Casa, Jeferson Andrade, \u00e9 que esse ser\u00e1 um ano de muito trabalho na Alese, \u00f3rg\u00e3o que representa a popula\u00e7\u00e3o de todo o estado, produz leis e fiscaliza os atos do Executivo. De acordo com o deputado, a abertura dos trabalhos \u00e9 o momento de renovar o compromisso da Assembleia com a transpar\u00eancia legislativa, o fortalecimento da cidadania e o desenvolvimento socioecon\u00f4mico de Sergipe. Fonte: AleseAracaju, 30 de janeiro de 2026Foto: Arquivo \/ Ag\u00eancia de Not\u00edcias Alese<\/p>\n","protected":false},"author":1,"featured_media":2880,"comment_status":"open","ping_status":"open","sticky":false,"template":"","format":"standard","meta":{"footnotes":""},"categories":[32],"tags":[38],"class_list":["post-2878","post","type-post","status-publish","format-standard","has-post-thumbnail","hentry","category-sergipe","tag-alese"],"_links":{"self":[{"href":"https:\/\/resumosergipe.com.br\/index.php?rest_route=\/wp\/v2\/posts\/2878","targetHints":{"allow":["GET"]}}],"collection":[{"href":"https:\/\/resumosergipe.com.br\/index.php?rest_route=\/wp\/v2\/posts"}],"about":[{"href":"https:\/\/resumosergipe.com.br\/index.php?rest_route=\/wp\/v2\/types\/post"}],"author":[{"embeddable":true,"href":"https:\/\/resumosergipe.com.br\/index.php?rest_route=\/wp\/v2\/users\/1"}],"replies":[{"embeddable":true,"href":"https:\/\/resumosergipe.com.br\/index.php?rest_route=%2Fwp%2Fv2%2Fcomments&post=2878"}],"version-history":[{"count":2,"href":"https:\/\/resumosergipe.com.br\/index.php?rest_route=\/wp\/v2\/posts\/2878\/revisions"}],"predecessor-version":[{"id":2881,"href":"https:\/\/resumosergipe.com.br\/index.php?rest_route=\/wp\/v2\/posts\/2878\/revisions\/2881"}],"wp:featuredmedia":[{"embeddable":true,"href":"https:\/\/resumosergipe.com.br\/index.php?rest_route=\/wp\/v2\/media\/2880"}],"wp:attachment":[{"href":"https:\/\/resumosergipe.com.br\/index.php?rest_route=%2Fwp%2Fv2%2Fmedia&parent=2878"}],"wp:term":[{"taxonomy":"category","embeddable":true,"href":"https:\/\/resumosergipe.com.br\/index.php?rest_route=%2Fwp%2Fv2%2Fcategories&post=2878"},{"taxonomy":"post_tag","embeddable":true,"href":"https:\/\/resumosergipe.com.br\/index.php?rest_route=%2Fwp%2Fv2%2Ftags&post=2878"}],"curies":[{"name":"wp","href":"https:\/\/api.w.org\/{rel}","templated":true}]}}