{"id":2882,"date":"2026-01-29T18:23:13","date_gmt":"2026-01-29T21:23:13","guid":{"rendered":"https:\/\/resumosergipe.com.br\/?p=2882"},"modified":"2026-01-29T18:23:14","modified_gmt":"2026-01-29T21:23:14","slug":"viaduto-do-complexo-viario-senadora-maria-do-carmo-comeca-a-ganhar-forma-e-gera-boas-expectativas-na-populacao","status":"publish","type":"post","link":"https:\/\/resumosergipe.com.br\/?p=2882","title":{"rendered":"Viaduto do Complexo Vi\u00e1rio Senadora Maria do Carmo come\u00e7a a ganhar forma e gera boas expectativas na popula\u00e7\u00e3o"},"content":{"rendered":"\n<p>A montagem do viaduto de 180 metros que integra o Complexo Vi\u00e1rio Senadora Maria do Carmo Alves j\u00e1 come\u00e7ou e passou a chamar a aten\u00e7\u00e3o de quem circula pela avenida Beira Mar, no bairro In\u00e1cio Barbosa, em Aracaju. As primeiras vigas foram instaladas nesta quinta-feira, 29, marcando uma nova etapa da obra, considerada um dos maiores investimentos em mobilidade urbana da capital sergipana.<\/p>\n\n\n\n<p>A instala\u00e7\u00e3o do elevado foi acompanhada de perto pelo secret\u00e1rio de Estado do&nbsp;Desenvolvimento Urbano e Infraestrutura (Sedurbi), Luiz Roberto Dantas, por t\u00e9cnicos da pasta e por representantes da Constran Internacional Constru\u00e7\u00f5es S\/A, empresa respons\u00e1vel pela execu\u00e7\u00e3o do empreendimento. A previs\u00e3o \u00e9 que os servi\u00e7os do viaduto sejam conclu\u00eddos at\u00e9 maio deste ano. \u201cEste \u00e9 um projeto estruturante, que vai mudar a forma como as pessoas se deslocam em Aracaju. Estamos avan\u00e7ando dentro do cronograma, com responsabilidade t\u00e9cnica e compromisso com a popula\u00e7\u00e3o\u201d, disse Luiz Roberto.<\/p>\n\n\n\n<p>Com investimento inicial superior a R$ 318 milh\u00f5es, o Complexo Vi\u00e1rio Senadora Maria do Carmo Alves \u00e9 um projeto estrat\u00e9gico para reorganizar o fluxo de ve\u00edculos na regi\u00e3o sul da capital. Al\u00e9m do viaduto na interse\u00e7\u00e3o das Avenidas Tancredo Neves e Beira Mar, o empreendimento contempla a constru\u00e7\u00e3o de uma ponte estaiada de 360 metros, que ligar\u00e1 a Tancredo Neves ao bairro Coroa do Meio, e a implanta\u00e7\u00e3o de 2,34 quil\u00f4metros de ciclovias, ampliando as op\u00e7\u00f5es de deslocamento para motoristas, ciclistas e pedestres.<\/p>\n\n\n\n<p>A estrutura, que j\u00e1 desponta no cen\u00e1rio urbano, tamb\u00e9m vem sendo acompanhada de perto por moradores e comerciantes da regi\u00e3o. Para a administradora financeira Rubia Martins, que trabalha em uma loja pr\u00f3xima a obra, a expectativa \u00e9 de mais dinamismo no com\u00e9rcio local. \u201cA gente j\u00e1 imagina uma expectativa de conforto tanto pra gente que anda de \u00f4nibus, quanto pra gente que anda de carro, porque eu acho que com o fluxo, a tramita\u00e7\u00e3o vai melhorar para loja e para os outros comerciantes. Esse conforto do tr\u00e2nsito fluindo \u00e9 maravilhoso. S\u00f3 alegria\u201d, avaliou.<\/p>\n\n\n\n<p>Morador da regi\u00e3o, o aposentado Jorge Damascena afirmou acreditar que o viaduto ser\u00e1 fundamental para reduzir os congestionamentos. \u201cEm primeiro lugar, desenvolve mais o tr\u00e2nsito, que aqui \u00e9 muito congestionado e esse viaduto vai melhorar um bocado\u201d, considerou. J\u00e1 a dona de casa Gleusemeire Ferreira disse ver a obra como um avan\u00e7o para o bairro. \u201cVai ser muito bom. Acho que o que vem, vem pra melhorar. Vai valorizar as nossas casas aqui. Estou muito feliz com essa ponte j\u00e1 \u00e0 vista\u201d, contou.<\/p>\n\n\n\n<p>O gerente lojista Valter Souza relatou que o andamento da constru\u00e7\u00e3o faz parte da rotina de quem trabalha no entorno. \u201cA obra a gente v\u00ea todos os dias aqui. J\u00e1 \u00e9 normal. Est\u00e1 bem adiantada. Estamos na expectativa do t\u00e9rmino. A libera\u00e7\u00e3o daquela pista dupla com o viaduto vai melhorar bastante, e aqui pra gente tamb\u00e9m, estamos na expectativa disso\u201d, ressaltou.<\/p>\n\n\n\n<p>Segundo o cronograma da obra, a conclus\u00e3o de todo o Complexo Vi\u00e1rio est\u00e1 prevista para o in\u00edcio do segundo semestre de 2027, consolidando uma nova configura\u00e7\u00e3o para a mobilidade urbana de Aracaju, com mais fluidez, seguran\u00e7a e acessibilidade.<\/p>\n\n\n\n<p><em>Fonte: Governo de Sergipe<br>Aracaju, 29 de janeiro de 2026<\/em><\/p>\n","protected":false},"excerpt":{"rendered":"<p>A montagem do viaduto de 180 metros que integra o Complexo Vi\u00e1rio Senadora Maria do Carmo Alves j\u00e1 come\u00e7ou e passou a chamar a aten\u00e7\u00e3o de quem circula pela avenida Beira Mar, no bairro In\u00e1cio Barbosa, em Aracaju. As primeiras vigas foram instaladas nesta quinta-feira, 29, marcando uma nova etapa da obra, considerada um dos maiores investimentos em mobilidade urbana da capital sergipana. A instala\u00e7\u00e3o do elevado foi acompanhada de perto pelo secret\u00e1rio de Estado do&nbsp;Desenvolvimento Urbano e Infraestrutura (Sedurbi), Luiz Roberto Dantas, por t\u00e9cnicos da pasta e por representantes da Constran Internacional Constru\u00e7\u00f5es S\/A, empresa respons\u00e1vel pela execu\u00e7\u00e3o do empreendimento. A previs\u00e3o \u00e9 que os servi\u00e7os do viaduto sejam conclu\u00eddos at\u00e9 maio deste ano. \u201cEste \u00e9 um projeto estruturante, que vai mudar a forma como as pessoas se deslocam em Aracaju. Estamos avan\u00e7ando dentro do cronograma, com responsabilidade t\u00e9cnica e compromisso com a popula\u00e7\u00e3o\u201d, disse Luiz Roberto. Com investimento inicial superior a R$ 318 milh\u00f5es, o Complexo Vi\u00e1rio Senadora Maria do Carmo Alves \u00e9 um projeto estrat\u00e9gico para reorganizar o fluxo de ve\u00edculos na regi\u00e3o sul da capital. Al\u00e9m do viaduto na interse\u00e7\u00e3o das Avenidas Tancredo Neves e Beira Mar, o empreendimento contempla a constru\u00e7\u00e3o de uma ponte estaiada de 360 metros, que ligar\u00e1 a Tancredo Neves ao bairro Coroa do Meio, e a implanta\u00e7\u00e3o de 2,34 quil\u00f4metros de ciclovias, ampliando as op\u00e7\u00f5es de deslocamento para motoristas, ciclistas e pedestres. A estrutura, que j\u00e1 desponta no cen\u00e1rio urbano, tamb\u00e9m vem sendo acompanhada de perto por moradores e comerciantes da regi\u00e3o. Para a administradora financeira Rubia Martins, que trabalha em uma loja pr\u00f3xima a obra, a expectativa \u00e9 de mais dinamismo no com\u00e9rcio local. \u201cA gente j\u00e1 imagina uma expectativa de conforto tanto pra gente que anda de \u00f4nibus, quanto pra gente que anda de carro, porque eu acho que com o fluxo, a tramita\u00e7\u00e3o vai melhorar para loja e para os outros comerciantes. Esse conforto do tr\u00e2nsito fluindo \u00e9 maravilhoso. S\u00f3 alegria\u201d, avaliou. Morador da regi\u00e3o, o aposentado Jorge Damascena afirmou acreditar que o viaduto ser\u00e1 fundamental para reduzir os congestionamentos. \u201cEm primeiro lugar, desenvolve mais o tr\u00e2nsito, que aqui \u00e9 muito congestionado e esse viaduto vai melhorar um bocado\u201d, considerou. J\u00e1 a dona de casa Gleusemeire Ferreira disse ver a obra como um avan\u00e7o para o bairro. \u201cVai ser muito bom. Acho que o que vem, vem pra melhorar. Vai valorizar as nossas casas aqui. Estou muito feliz com essa ponte j\u00e1 \u00e0 vista\u201d, contou. O gerente lojista Valter Souza relatou que o andamento da constru\u00e7\u00e3o faz parte da rotina de quem trabalha no entorno. \u201cA obra a gente v\u00ea todos os dias aqui. J\u00e1 \u00e9 normal. Est\u00e1 bem adiantada. Estamos na expectativa do t\u00e9rmino. A libera\u00e7\u00e3o daquela pista dupla com o viaduto vai melhorar bastante, e aqui pra gente tamb\u00e9m, estamos na expectativa disso\u201d, ressaltou. Segundo o cronograma da obra, a conclus\u00e3o de todo o Complexo Vi\u00e1rio est\u00e1 prevista para o in\u00edcio do segundo semestre de 2027, consolidando uma nova configura\u00e7\u00e3o para a mobilidade urbana de Aracaju, com mais fluidez, seguran\u00e7a e acessibilidade. Fonte: Governo de SergipeAracaju, 29 de janeiro de 2026<\/p>\n","protected":false},"author":1,"featured_media":2884,"comment_status":"open","ping_status":"open","sticky":false,"template":"","format":"standard","meta":{"footnotes":""},"categories":[116],"tags":[60],"class_list":["post-2882","post","type-post","status-publish","format-standard","has-post-thumbnail","hentry","category-governo","tag-infraestrutura"],"_links":{"self":[{"href":"https:\/\/resumosergipe.com.br\/index.php?rest_route=\/wp\/v2\/posts\/2882","targetHints":{"allow":["GET"]}}],"collection":[{"href":"https:\/\/resumosergipe.com.br\/index.php?rest_route=\/wp\/v2\/posts"}],"about":[{"href":"https:\/\/resumosergipe.com.br\/index.php?rest_route=\/wp\/v2\/types\/post"}],"author":[{"embeddable":true,"href":"https:\/\/resumosergipe.com.br\/index.php?rest_route=\/wp\/v2\/users\/1"}],"replies":[{"embeddable":true,"href":"https:\/\/resumosergipe.com.br\/index.php?rest_route=%2Fwp%2Fv2%2Fcomments&post=2882"}],"version-history":[{"count":1,"href":"https:\/\/resumosergipe.com.br\/index.php?rest_route=\/wp\/v2\/posts\/2882\/revisions"}],"predecessor-version":[{"id":2883,"href":"https:\/\/resumosergipe.com.br\/index.php?rest_route=\/wp\/v2\/posts\/2882\/revisions\/2883"}],"wp:featuredmedia":[{"embeddable":true,"href":"https:\/\/resumosergipe.com.br\/index.php?rest_route=\/wp\/v2\/media\/2884"}],"wp:attachment":[{"href":"https:\/\/resumosergipe.com.br\/index.php?rest_route=%2Fwp%2Fv2%2Fmedia&parent=2882"}],"wp:term":[{"taxonomy":"category","embeddable":true,"href":"https:\/\/resumosergipe.com.br\/index.php?rest_route=%2Fwp%2Fv2%2Fcategories&post=2882"},{"taxonomy":"post_tag","embeddable":true,"href":"https:\/\/resumosergipe.com.br\/index.php?rest_route=%2Fwp%2Fv2%2Ftags&post=2882"}],"curies":[{"name":"wp","href":"https:\/\/api.w.org\/{rel}","templated":true}]}}