{"id":2916,"date":"2026-03-10T18:35:47","date_gmt":"2026-03-10T21:35:47","guid":{"rendered":"https:\/\/resumosergipe.com.br\/?p=2916"},"modified":"2026-03-10T18:35:48","modified_gmt":"2026-03-10T21:35:48","slug":"agora-e-lei-laranjeiras-e-reconhecida-como-capital-sergipana-da-cultura-popular-2","status":"publish","type":"post","link":"https:\/\/resumosergipe.com.br\/?p=2916","title":{"rendered":"Agora \u00e9 Lei: Laranjeiras \u00e9 reconhecida como Capital Sergipana da Cultura Popular"},"content":{"rendered":"\n<p>Os deputados da Assembleia Legislativa de Sergipe (Alese) aprovaram e o Governo do Estado sancionou a&nbsp;<a href=\"https:\/\/legison.pge.se.gov.br\/uploads\/atos\/35345\/LO-9886-2026.pdf\">Lei Ordin\u00e1ria n\u00ba 9.886\/2026<\/a>, que confere ao munic\u00edpio de Laranjeiras o t\u00edtulo de Capital Sergipana da Cultura Popular. A autoria da propositura \u00e9 do deputado Paulo J\u00fanior (PV), e a norma foi publicada no Di\u00e1rio Oficial do Estado no dia 10 de fevereiro.<\/p>\n\n\n\n<p>De acordo com a mat\u00e9ria, o reconhecimento destaca a relev\u00e2ncia hist\u00f3rica, cultural e folcl\u00f3rica de Laranjeiras para o estado de Sergipe. O munic\u00edpio \u00e9 considerado ber\u00e7o de importantes manifesta\u00e7\u00f5es culturais, como o Cacumbi, o Lambe-Sujo, Caboclinho e o Samba de Coco, express\u00f5es que traduzem a forte influ\u00eancia das culturas ind\u00edgena, portuguesa e africana na forma\u00e7\u00e3o da identidade sergipana.<\/p>\n\n\n\n<p>Conhecida por seu rico patrim\u00f4nio hist\u00f3rico e por sediar importantes eventos culturais, a cidade mant\u00e9m vivas as tradi\u00e7\u00f5es populares que marcam a identidade do povo sergipano. Laranjeiras tamb\u00e9m realiza o seu tradicional Encontro Cultural, no m\u00eas de janeiro, um dos mais antigos do pa\u00eds, reunindo artistas, estudiosos e grupos folcl\u00f3ricos em uma ampla celebra\u00e7\u00e3o da cultura popular. Al\u00e9m disso, o munic\u00edpio possui igrejas centen\u00e1rias, casar\u00f5es e museus, bem como forte tradi\u00e7\u00e3o no artesanato, com destaque para a renda irlandesa.<\/p>\n\n\n\n<p>Na justificativa do projeto, o parlamentar ressaltou que o t\u00edtulo consolida oficialmente uma voca\u00e7\u00e3o cultural j\u00e1 reconhecida pela popula\u00e7\u00e3o e por estudiosos da \u00e1rea, valorizando artistas, mestres da cultura popular e comunidades que mant\u00eam vivas tradi\u00e7\u00f5es seculares.<\/p>\n\n\n\n<p><em>Fonte: Alese<br>Aracaju, 10 de mar\u00e7o de 2026<\/em><br><em>Foto: Por Berenice Kauffmann Abud &#8211; Obra do pr\u00f3prio, CC BY-SA 4.0, https:\/\/commons.wikimedia.org\/w\/index.php?curid=43495208<\/em><\/p>\n","protected":false},"excerpt":{"rendered":"<p>Os deputados da Assembleia Legislativa de Sergipe (Alese) aprovaram e o Governo do Estado sancionou a&nbsp;Lei Ordin\u00e1ria n\u00ba 9.886\/2026, que confere ao munic\u00edpio de Laranjeiras o t\u00edtulo de Capital Sergipana da Cultura Popular. A autoria da propositura \u00e9 do deputado Paulo J\u00fanior (PV), e a norma foi publicada no Di\u00e1rio Oficial do Estado no dia 10 de fevereiro. De acordo com a mat\u00e9ria, o reconhecimento destaca a relev\u00e2ncia hist\u00f3rica, cultural e folcl\u00f3rica de Laranjeiras para o estado de Sergipe. O munic\u00edpio \u00e9 considerado ber\u00e7o de importantes manifesta\u00e7\u00f5es culturais, como o Cacumbi, o Lambe-Sujo, Caboclinho e o Samba de Coco, express\u00f5es que traduzem a forte influ\u00eancia das culturas ind\u00edgena, portuguesa e africana na forma\u00e7\u00e3o da identidade sergipana. Conhecida por seu rico patrim\u00f4nio hist\u00f3rico e por sediar importantes eventos culturais, a cidade mant\u00e9m vivas as tradi\u00e7\u00f5es populares que marcam a identidade do povo sergipano. Laranjeiras tamb\u00e9m realiza o seu tradicional Encontro Cultural, no m\u00eas de janeiro, um dos mais antigos do pa\u00eds, reunindo artistas, estudiosos e grupos folcl\u00f3ricos em uma ampla celebra\u00e7\u00e3o da cultura popular. Al\u00e9m disso, o munic\u00edpio possui igrejas centen\u00e1rias, casar\u00f5es e museus, bem como forte tradi\u00e7\u00e3o no artesanato, com destaque para a renda irlandesa. Na justificativa do projeto, o parlamentar ressaltou que o t\u00edtulo consolida oficialmente uma voca\u00e7\u00e3o cultural j\u00e1 reconhecida pela popula\u00e7\u00e3o e por estudiosos da \u00e1rea, valorizando artistas, mestres da cultura popular e comunidades que mant\u00eam vivas tradi\u00e7\u00f5es seculares. Fonte: AleseAracaju, 10 de mar\u00e7o de 2026Foto: Por Berenice Kauffmann Abud &#8211; Obra do pr\u00f3prio, CC BY-SA 4.0, https:\/\/commons.wikimedia.org\/w\/index.php?curid=43495208<\/p>\n","protected":false},"author":1,"featured_media":2917,"comment_status":"open","ping_status":"open","sticky":false,"template":"","format":"standard","meta":{"footnotes":""},"categories":[32],"tags":[80],"class_list":["post-2916","post","type-post","status-publish","format-standard","has-post-thumbnail","hentry","category-sergipe","tag-cultura"],"_links":{"self":[{"href":"https:\/\/resumosergipe.com.br\/index.php?rest_route=\/wp\/v2\/posts\/2916","targetHints":{"allow":["GET"]}}],"collection":[{"href":"https:\/\/resumosergipe.com.br\/index.php?rest_route=\/wp\/v2\/posts"}],"about":[{"href":"https:\/\/resumosergipe.com.br\/index.php?rest_route=\/wp\/v2\/types\/post"}],"author":[{"embeddable":true,"href":"https:\/\/resumosergipe.com.br\/index.php?rest_route=\/wp\/v2\/users\/1"}],"replies":[{"embeddable":true,"href":"https:\/\/resumosergipe.com.br\/index.php?rest_route=%2Fwp%2Fv2%2Fcomments&post=2916"}],"version-history":[{"count":2,"href":"https:\/\/resumosergipe.com.br\/index.php?rest_route=\/wp\/v2\/posts\/2916\/revisions"}],"predecessor-version":[{"id":2919,"href":"https:\/\/resumosergipe.com.br\/index.php?rest_route=\/wp\/v2\/posts\/2916\/revisions\/2919"}],"wp:featuredmedia":[{"embeddable":true,"href":"https:\/\/resumosergipe.com.br\/index.php?rest_route=\/wp\/v2\/media\/2917"}],"wp:attachment":[{"href":"https:\/\/resumosergipe.com.br\/index.php?rest_route=%2Fwp%2Fv2%2Fmedia&parent=2916"}],"wp:term":[{"taxonomy":"category","embeddable":true,"href":"https:\/\/resumosergipe.com.br\/index.php?rest_route=%2Fwp%2Fv2%2Fcategories&post=2916"},{"taxonomy":"post_tag","embeddable":true,"href":"https:\/\/resumosergipe.com.br\/index.php?rest_route=%2Fwp%2Fv2%2Ftags&post=2916"}],"curies":[{"name":"wp","href":"https:\/\/api.w.org\/{rel}","templated":true}]}}