{"id":3031,"date":"2026-04-29T06:08:13","date_gmt":"2026-04-29T09:08:13","guid":{"rendered":"https:\/\/resumosergipe.com.br\/?p=3031"},"modified":"2026-04-29T06:08:13","modified_gmt":"2026-04-29T09:08:13","slug":"deputada-kitty-lima-ressalta-conferencia-dos-ods-e-compromisso-de-sergipe-com-o-desenvolvimento-sustentavel","status":"publish","type":"post","link":"https:\/\/resumosergipe.com.br\/?p=3031","title":{"rendered":"Deputada Kitty Lima ressalta confer\u00eancia dos ODS e compromisso de Sergipe com o desenvolvimento sustent\u00e1vel"},"content":{"rendered":"\n<p>A deputada Kitty Lima (Cidadania) destacou, durante a Sess\u00e3o Plen\u00e1ria desta ter\u00e7a-feira (28), na Assembleia Legislativa de Sergipe (Alese), a realiza\u00e7\u00e3o da primeira Confer\u00eancia Estadual dos Objetivos de Desenvolvimento Sustent\u00e1vel (ODS) como um marco relevante para o fortalecimento de pol\u00edticas p\u00fablicas no estado. Em seu pronunciamento, a parlamentar enfatizou a import\u00e2ncia da iniciativa como instrumento de planejamento estrat\u00e9gico e constru\u00e7\u00e3o coletiva.<\/p>\n\n\n\n<p>\u201cEu n\u00e3o podia deixar de falar sobre isso hoje, porque \u00e9 um registro important\u00edssimo. Sergipe deu um passo relevante ao realizar a primeira confer\u00eancia estadual dos Objetivos de Desenvolvimento Sustent\u00e1vel, fortalecendo o compromisso do nosso Estado com a constru\u00e7\u00e3o de pol\u00edticas p\u00fablicas alinhadas com a Agenda 2030 da ONU\u201d, afirmou.<\/p>\n\n\n\n<p>A deputada ressaltou que o evento vai al\u00e9m de um ato simb\u00f3lico, representando um avan\u00e7o na forma de pensar e executar pol\u00edticas p\u00fablicas. \u201cN\u00e3o se trata aqui apenas de um evento. Trata-se de m\u00e9todo, planejamento e futuro. A confer\u00eancia reuniu poder p\u00fablico, sociedade civil, estudantes e institui\u00e7\u00f5es em torno de um objetivo comum: pensar Sergipe de forma integrada, sustent\u00e1vel e baseada em evid\u00eancias. E isso precisa ser reconhecido\u201d, pontuou.<\/p>\n\n\n\n<p>De acordo com Kitty Lima, a cria\u00e7\u00e3o de espa\u00e7os de escuta e pactua\u00e7\u00e3o de metas demonstra uma mudan\u00e7a na atua\u00e7\u00e3o do Estado. \u201cEnquanto o Estado cria espa\u00e7os de escuta, de constru\u00e7\u00e3o coletiva, de pactua\u00e7\u00e3o de metas, ele deixa de agir de forma isolada e passa a atuar com intelig\u00eancia estrat\u00e9gica\u201d, disse.<\/p>\n\n\n\n<p>Durante o discurso, a parlamentar tamb\u00e9m refor\u00e7ou a import\u00e2ncia dos ODS como diretrizes concretas para enfrentar desafios sociais. \u201cOs objetivos de desenvolvimento sustent\u00e1vel n\u00e3o s\u00e3o um discurso abstrato, s\u00e3o um guia concreto para enfrentar desafios reais: combater a pobreza, garantir sa\u00fade e bem-estar, promover educa\u00e7\u00e3o de qualidade, proteger o meio ambiente e reduzir desigualdades. S\u00e3o pontos extremamente importantes\u201d, destacou.<\/p>\n\n\n\n<p>A deputada chamou aten\u00e7\u00e3o ainda para a centralidade da pauta ambiental dentro do conceito de desenvolvimento sustent\u00e1vel, incluindo a prote\u00e7\u00e3o animal. \u201cN\u00e3o existe desenvolvimento sustent\u00e1vel sem incluir a pauta ambiental de forma s\u00e9ria. E isso tamb\u00e9m envolve a prote\u00e7\u00e3o animal, o equil\u00edbrio urbano e a sa\u00fade \u00fanica. Porque falar de sustentabilidade \u00e9 falar de vida em todas as suas formas\u201d, afirmou.<\/p>\n\n\n\n<p>Ao reconhecer a iniciativa, Kitty Lima elogiou o alinhamento do estado com pr\u00e1ticas modernas de governan\u00e7a p\u00fablica. \u201cSergipe mostra com essa iniciativa que est\u00e1 conectado com o que h\u00e1 de mais avan\u00e7ado no mundo em termos de governan\u00e7a p\u00fablica. E mais do que isso, mostra que entende que o futuro se constr\u00f3i com planejamento, participa\u00e7\u00e3o e responsabilidade\u201d, declarou.<\/p>\n\n\n\n<p>Por fim, a parlamentar registrou reconhecimento ao Governo do Estado e aos \u00f3rg\u00e3os envolvidos na realiza\u00e7\u00e3o da confer\u00eancia, ressaltando a necessidade de continuidade das a\u00e7\u00f5es. \u201cDeixo aqui o reconhecimento ao Governo do Estado, \u00e0 Secretaria de Estado da Assist\u00eancia Social, Inclus\u00e3o e Cidadania e a todos os envolvidos. Que este momento n\u00e3o seja apenas um registro, mas um ponto de partida para a\u00e7\u00f5es concretas, metas claras e resultados reais para a popula\u00e7\u00e3o sergipana. Porque desenvolvimento sustent\u00e1vel n\u00e3o \u00e9 discurso, \u00e9 compromisso com o presente e responsabilidade com o futuro\u201d, concluiu.<\/p>\n\n\n\n<p><em>Fonte: Alese<br>Aracaju, 29 de abril de 2026<\/em><\/p>\n","protected":false},"excerpt":{"rendered":"<p>A deputada Kitty Lima (Cidadania) destacou, durante a Sess\u00e3o Plen\u00e1ria desta ter\u00e7a-feira (28), na Assembleia Legislativa de Sergipe (Alese), a realiza\u00e7\u00e3o da primeira Confer\u00eancia Estadual dos Objetivos de Desenvolvimento Sustent\u00e1vel (ODS) como um marco relevante para o fortalecimento de pol\u00edticas p\u00fablicas no estado. Em seu pronunciamento, a parlamentar enfatizou a import\u00e2ncia da iniciativa como instrumento de planejamento estrat\u00e9gico e constru\u00e7\u00e3o coletiva. \u201cEu n\u00e3o podia deixar de falar sobre isso hoje, porque \u00e9 um registro important\u00edssimo. Sergipe deu um passo relevante ao realizar a primeira confer\u00eancia estadual dos Objetivos de Desenvolvimento Sustent\u00e1vel, fortalecendo o compromisso do nosso Estado com a constru\u00e7\u00e3o de pol\u00edticas p\u00fablicas alinhadas com a Agenda 2030 da ONU\u201d, afirmou. A deputada ressaltou que o evento vai al\u00e9m de um ato simb\u00f3lico, representando um avan\u00e7o na forma de pensar e executar pol\u00edticas p\u00fablicas. \u201cN\u00e3o se trata aqui apenas de um evento. Trata-se de m\u00e9todo, planejamento e futuro. A confer\u00eancia reuniu poder p\u00fablico, sociedade civil, estudantes e institui\u00e7\u00f5es em torno de um objetivo comum: pensar Sergipe de forma integrada, sustent\u00e1vel e baseada em evid\u00eancias. E isso precisa ser reconhecido\u201d, pontuou. De acordo com Kitty Lima, a cria\u00e7\u00e3o de espa\u00e7os de escuta e pactua\u00e7\u00e3o de metas demonstra uma mudan\u00e7a na atua\u00e7\u00e3o do Estado. \u201cEnquanto o Estado cria espa\u00e7os de escuta, de constru\u00e7\u00e3o coletiva, de pactua\u00e7\u00e3o de metas, ele deixa de agir de forma isolada e passa a atuar com intelig\u00eancia estrat\u00e9gica\u201d, disse. Durante o discurso, a parlamentar tamb\u00e9m refor\u00e7ou a import\u00e2ncia dos ODS como diretrizes concretas para enfrentar desafios sociais. \u201cOs objetivos de desenvolvimento sustent\u00e1vel n\u00e3o s\u00e3o um discurso abstrato, s\u00e3o um guia concreto para enfrentar desafios reais: combater a pobreza, garantir sa\u00fade e bem-estar, promover educa\u00e7\u00e3o de qualidade, proteger o meio ambiente e reduzir desigualdades. S\u00e3o pontos extremamente importantes\u201d, destacou. A deputada chamou aten\u00e7\u00e3o ainda para a centralidade da pauta ambiental dentro do conceito de desenvolvimento sustent\u00e1vel, incluindo a prote\u00e7\u00e3o animal. \u201cN\u00e3o existe desenvolvimento sustent\u00e1vel sem incluir a pauta ambiental de forma s\u00e9ria. E isso tamb\u00e9m envolve a prote\u00e7\u00e3o animal, o equil\u00edbrio urbano e a sa\u00fade \u00fanica. Porque falar de sustentabilidade \u00e9 falar de vida em todas as suas formas\u201d, afirmou. Ao reconhecer a iniciativa, Kitty Lima elogiou o alinhamento do estado com pr\u00e1ticas modernas de governan\u00e7a p\u00fablica. \u201cSergipe mostra com essa iniciativa que est\u00e1 conectado com o que h\u00e1 de mais avan\u00e7ado no mundo em termos de governan\u00e7a p\u00fablica. E mais do que isso, mostra que entende que o futuro se constr\u00f3i com planejamento, participa\u00e7\u00e3o e responsabilidade\u201d, declarou. Por fim, a parlamentar registrou reconhecimento ao Governo do Estado e aos \u00f3rg\u00e3os envolvidos na realiza\u00e7\u00e3o da confer\u00eancia, ressaltando a necessidade de continuidade das a\u00e7\u00f5es. \u201cDeixo aqui o reconhecimento ao Governo do Estado, \u00e0 Secretaria de Estado da Assist\u00eancia Social, Inclus\u00e3o e Cidadania e a todos os envolvidos. Que este momento n\u00e3o seja apenas um registro, mas um ponto de partida para a\u00e7\u00f5es concretas, metas claras e resultados reais para a popula\u00e7\u00e3o sergipana. Porque desenvolvimento sustent\u00e1vel n\u00e3o \u00e9 discurso, \u00e9 compromisso com o presente e responsabilidade com o futuro\u201d, concluiu. Fonte: AleseAracaju, 29 de abril de 2026<\/p>\n","protected":false},"author":1,"featured_media":3033,"comment_status":"open","ping_status":"open","sticky":false,"template":"","format":"standard","meta":{"footnotes":""},"categories":[32],"tags":[117],"class_list":["post-3031","post","type-post","status-publish","format-standard","has-post-thumbnail","hentry","category-sergipe","tag-desenvolvimento"],"_links":{"self":[{"href":"https:\/\/resumosergipe.com.br\/index.php?rest_route=\/wp\/v2\/posts\/3031","targetHints":{"allow":["GET"]}}],"collection":[{"href":"https:\/\/resumosergipe.com.br\/index.php?rest_route=\/wp\/v2\/posts"}],"about":[{"href":"https:\/\/resumosergipe.com.br\/index.php?rest_route=\/wp\/v2\/types\/post"}],"author":[{"embeddable":true,"href":"https:\/\/resumosergipe.com.br\/index.php?rest_route=\/wp\/v2\/users\/1"}],"replies":[{"embeddable":true,"href":"https:\/\/resumosergipe.com.br\/index.php?rest_route=%2Fwp%2Fv2%2Fcomments&post=3031"}],"version-history":[{"count":1,"href":"https:\/\/resumosergipe.com.br\/index.php?rest_route=\/wp\/v2\/posts\/3031\/revisions"}],"predecessor-version":[{"id":3032,"href":"https:\/\/resumosergipe.com.br\/index.php?rest_route=\/wp\/v2\/posts\/3031\/revisions\/3032"}],"wp:featuredmedia":[{"embeddable":true,"href":"https:\/\/resumosergipe.com.br\/index.php?rest_route=\/wp\/v2\/media\/3033"}],"wp:attachment":[{"href":"https:\/\/resumosergipe.com.br\/index.php?rest_route=%2Fwp%2Fv2%2Fmedia&parent=3031"}],"wp:term":[{"taxonomy":"category","embeddable":true,"href":"https:\/\/resumosergipe.com.br\/index.php?rest_route=%2Fwp%2Fv2%2Fcategories&post=3031"},{"taxonomy":"post_tag","embeddable":true,"href":"https:\/\/resumosergipe.com.br\/index.php?rest_route=%2Fwp%2Fv2%2Ftags&post=3031"}],"curies":[{"name":"wp","href":"https:\/\/api.w.org\/{rel}","templated":true}]}}